{"id":45089,"date":"2025-01-07T14:47:57","date_gmt":"2025-01-07T14:47:57","guid":{"rendered":"https:\/\/armstrongyregion.com.ar\/diario\/?p=45089"},"modified":"2025-01-07T14:48:00","modified_gmt":"2025-01-07T14:48:00","slug":"vialidad-nacional-ejecuta-arreglos-sobre-rn-178-en-villa-eloisa","status":"publish","type":"post","link":"https:\/\/armstrongyregion.com.ar\/diario\/vialidad-nacional-ejecuta-arreglos-sobre-rn-178-en-villa-eloisa\/","title":{"rendered":"Vialidad Nacional ejecuta arreglos sobre RN 178 en Villa Elo\u00edsa."},"content":{"rendered":"\n<figure class=\"wp-block-image size-full\"><img loading=\"lazy\" decoding=\"async\" width=\"640\" height=\"360\" src=\"http:\/\/armstrongyregion.com.ar\/diario\/wp-content\/uploads\/2025\/01\/RN-178-BACHEO-ENTRE-VILLA-ELOISA-Y-ARMSTRONG-7-1-25-3.jpg\" alt=\"\" class=\"wp-image-45090\" srcset=\"https:\/\/armstrongyregion.com.ar\/diario\/wp-content\/uploads\/2025\/01\/RN-178-BACHEO-ENTRE-VILLA-ELOISA-Y-ARMSTRONG-7-1-25-3.jpg 640w, https:\/\/armstrongyregion.com.ar\/diario\/wp-content\/uploads\/2025\/01\/RN-178-BACHEO-ENTRE-VILLA-ELOISA-Y-ARMSTRONG-7-1-25-3-300x169.jpg 300w\" sizes=\"auto, (max-width: 640px) 100vw, 640px\" \/><\/figure>\n\n\n\n<p>\u00a0Por intermedio del 7\u00ba Distrito Santa Fe, Vialidad Nacional desarrolla con personal y equipamiento propio trabajos de mejoramiento en la Ruta Nacional N\u00ba 178. Las intervenciones se concentran entre el acceso a Villa Elo\u00edsa y el cruce con la autopista Rosario \u2013 C\u00f3rdoba (RN 9).<\/p>\n\n\n\n<figure class=\"wp-block-image size-full\"><img loading=\"lazy\" decoding=\"async\" width=\"640\" height=\"360\" src=\"http:\/\/armstrongyregion.com.ar\/diario\/wp-content\/uploads\/2025\/01\/RN-178-BACHEO-ENTRE-VILLA-ELOISA-Y-ARMSTRONG-7-1-25-4.jpg\" alt=\"\" class=\"wp-image-45091\" srcset=\"https:\/\/armstrongyregion.com.ar\/diario\/wp-content\/uploads\/2025\/01\/RN-178-BACHEO-ENTRE-VILLA-ELOISA-Y-ARMSTRONG-7-1-25-4.jpg 640w, https:\/\/armstrongyregion.com.ar\/diario\/wp-content\/uploads\/2025\/01\/RN-178-BACHEO-ENTRE-VILLA-ELOISA-Y-ARMSTRONG-7-1-25-4-300x169.jpg 300w\" sizes=\"auto, (max-width: 640px) 100vw, 640px\" \/><\/figure>\n\n\n\n<p>Las tareas comprenden el saneamiento de la base del camino, con el reciclado de la calzada mediante el agregado de material y cemento, m\u00e1s su compactaci\u00f3n. En una segunda etapa, sobre esta superficie recuperada se coloca una nueva carpeta de concreto asf\u00e1ltico en caliente, acci\u00f3n con la que se finaliza la tarea de bacheo.<\/p>\n\n\n\n<figure class=\"wp-block-image size-large\"><img loading=\"lazy\" decoding=\"async\" width=\"640\" height=\"361\" src=\"http:\/\/armstrongyregion.com.ar\/diario\/wp-content\/uploads\/2025\/01\/Ruta178-1-12-178--640x361.jpg\" alt=\"\" class=\"wp-image-45092\" srcset=\"https:\/\/armstrongyregion.com.ar\/diario\/wp-content\/uploads\/2025\/01\/Ruta178-1-12-178--640x361.jpg 640w, https:\/\/armstrongyregion.com.ar\/diario\/wp-content\/uploads\/2025\/01\/Ruta178-1-12-178--300x169.jpg 300w, https:\/\/armstrongyregion.com.ar\/diario\/wp-content\/uploads\/2025\/01\/Ruta178-1-12-178-.jpg 645w\" sizes=\"auto, (max-width: 640px) 100vw, 640px\" \/><\/figure>\n\n\n\n<p>Dada la presencia de trabajadores viales y maquinaria se produce en el tramo mencionado la reducci\u00f3n de un carril, con paso alternado de a una mano por vez, coordinado por banderilleros. Cabe se\u00f1alar que los sectores reciclados quedan librados al tr\u00e1nsito, con precauci\u00f3n y a velocidad reducida, hasta la finalizaci\u00f3n de los trabajos con la pavimentaci\u00f3n del bacheo ejecutado.<\/p>\n","protected":false},"excerpt":{"rendered":"<p>Vialidad Nacional ejecuta arreglos sobre RN 178 en Villa Elo\u00edsa.<\/p>\n","protected":false},"author":1,"featured_media":45091,"comment_status":"open","ping_status":"open","sticky":false,"template":"","format":"image","meta":{"_jetpack_memberships_contains_paid_content":false,"footnotes":"","jetpack_publicize_message":"","jetpack_publicize_feature_enabled":true,"jetpack_social_post_already_shared":true,"jetpack_social_options":{"image_generator_settings":{"template":"highway","default_image_id":0,"enabled":false},"version":2}},"categories":[8,1,2,7,3],"tags":[9290,493,9133,118,8927,9371],"class_list":["post-45089","post","type-post","status-publish","format-image","has-post-thumbnail","hentry","category-deliberando","category-diario-armstrong","category-locales","category-politica","category-region","tag-arreglos","tag-ejecuta","tag-rn-178","tag-sobre","tag-vialidad-nacional","tag-villa-eloisa","post_format-post-format-image"],"jetpack_publicize_connections":[],"jetpack_featured_media_url":"https:\/\/armstrongyregion.com.ar\/diario\/wp-content\/uploads\/2025\/01\/RN-178-BACHEO-ENTRE-VILLA-ELOISA-Y-ARMSTRONG-7-1-25-4.jpg","jetpack_shortlink":"https:\/\/wp.me\/p62QDO-bJf","jetpack_sharing_enabled":true,"amp_enabled":true,"_links":{"self":[{"href":"https:\/\/armstrongyregion.com.ar\/diario\/wp-json\/wp\/v2\/posts\/45089","targetHints":{"allow":["GET"]}}],"collection":[{"href":"https:\/\/armstrongyregion.com.ar\/diario\/wp-json\/wp\/v2\/posts"}],"about":[{"href":"https:\/\/armstrongyregion.com.ar\/diario\/wp-json\/wp\/v2\/types\/post"}],"author":[{"embeddable":true,"href":"https:\/\/armstrongyregion.com.ar\/diario\/wp-json\/wp\/v2\/users\/1"}],"replies":[{"embeddable":true,"href":"https:\/\/armstrongyregion.com.ar\/diario\/wp-json\/wp\/v2\/comments?post=45089"}],"version-history":[{"count":1,"href":"https:\/\/armstrongyregion.com.ar\/diario\/wp-json\/wp\/v2\/posts\/45089\/revisions"}],"predecessor-version":[{"id":45093,"href":"https:\/\/armstrongyregion.com.ar\/diario\/wp-json\/wp\/v2\/posts\/45089\/revisions\/45093"}],"wp:featuredmedia":[{"embeddable":true,"href":"https:\/\/armstrongyregion.com.ar\/diario\/wp-json\/wp\/v2\/media\/45091"}],"wp:attachment":[{"href":"https:\/\/armstrongyregion.com.ar\/diario\/wp-json\/wp\/v2\/media?parent=45089"}],"wp:term":[{"taxonomy":"category","embeddable":true,"href":"https:\/\/armstrongyregion.com.ar\/diario\/wp-json\/wp\/v2\/categories?post=45089"},{"taxonomy":"post_tag","embeddable":true,"href":"https:\/\/armstrongyregion.com.ar\/diario\/wp-json\/wp\/v2\/tags?post=45089"}],"curies":[{"name":"wp","href":"https:\/\/api.w.org\/{rel}","templated":true}]}}