{"id":45086,"date":"2025-01-06T00:12:54","date_gmt":"2025-01-06T00:12:54","guid":{"rendered":"https:\/\/armstrongyregion.com.ar\/diario\/?p=45086"},"modified":"2025-01-06T00:12:56","modified_gmt":"2025-01-06T00:12:56","slug":"diputado-del-frade-valoro-la-baja-de-homicidios-en-rosario","status":"publish","type":"post","link":"https:\/\/armstrongyregion.com.ar\/diario\/diputado-del-frade-valoro-la-baja-de-homicidios-en-rosario\/","title":{"rendered":"Diputado Del Frade valor\u00f3 la baja de Homicidios en Rosario."},"content":{"rendered":"\n<figure class=\"wp-block-image size-large\"><img loading=\"lazy\" decoding=\"async\" width=\"640\" height=\"427\" src=\"http:\/\/armstrongyregion.com.ar\/diario\/wp-content\/uploads\/2025\/01\/del-frade-baja-homicios-640x427.jpg\" alt=\"\" class=\"wp-image-45087\" srcset=\"https:\/\/armstrongyregion.com.ar\/diario\/wp-content\/uploads\/2025\/01\/del-frade-baja-homicios-640x427.jpg 640w, https:\/\/armstrongyregion.com.ar\/diario\/wp-content\/uploads\/2025\/01\/del-frade-baja-homicios-300x200.jpg 300w, https:\/\/armstrongyregion.com.ar\/diario\/wp-content\/uploads\/2025\/01\/del-frade-baja-homicios.jpg 700w\" sizes=\"auto, (max-width: 640px) 100vw, 640px\" \/><\/figure>\n\n\n\n<p><strong>EL DIPUTADO CARLOS DEL FRADE VALOR\u00d3 LA BAJA DE HOMICIDIOS AUNQUE ALERT\u00d3 SOBRE CRECIMIENTO DE\u00a0BANDAS NARCO POLICIALES EN BARRIOS DE ROSARIO.<\/strong><\/p>\n\n\n\n<p>El gobierno provincial difundi\u00f3 las\u00a0cifras\u00a0que dan cuenta de una baja \u00abhist\u00f3rica\u00bb en los homicidios, en relaci\u00f3n con 2023, que en Rosario signific\u00f3 una ca\u00edda interanual del 65,5%.<\/p>\n\n\n\n<p>Algo similar ocurri\u00f3 con los casos de personas heridas por armas de fuego, entre enero y noviembre de 2024, ya que la estad\u00edstica tambi\u00e9n marc\u00f3 una merma.<\/p>\n\n\n\n<p>Frente al dato sobre los asesinatos, el diputado Carlos Del Frade reconoci\u00f3 que se trata de una reducci\u00f3n \u00absignificativa\u00bb, y apunt\u00f3 a que es \u00abfundamental ver c\u00f3mo se pueden prolongar los buenos resultados\u00bb.<\/p>\n\n\n\n<p>En ese sentido, el legislador del Frente Amplio por la Soberan\u00eda plante\u00f3 que es necesario reflexionar sobre las razones de la disminuci\u00f3n. Como parte del an\u00e1lisis, record\u00f3 el impacto de los cr\u00edmenes de trabajadores en marzo, y el doble crimen de Bracamonte y Attardo, cometido en noviembre pasado; y habl\u00f3 de la identificaci\u00f3n de \u00ab16 nuevas bandas narcopoliciales barriales en Rosario, y 56 en toda la provincia\u00bb, en semestre pasado.<\/p>\n\n\n\n<p>El diputado provincial indic\u00f3 primero que la reducci\u00f3n es \u00absignificativa\u00bb y lo subray\u00f3 por entender que \u00abla mezquindad no puede ser parte de la pol\u00edtica, sino vamos a terminar en una sociedad peor\u00bb.<\/p>\n\n\n\n<p>Tras ello, apunt\u00f3 al \u00abpor qu\u00e9\u00bb de esa baja. \u00abAs\u00ed como (el ministro de seguridad Pablo) Cococcioni sostuvo que encararon todo desde diversos \u00e1ngulos, tambi\u00e9n hay diversos \u00e1ngulos oscuros en relaci\u00f3n a esto. Si algo marcaron especialmente los cuatro homicidios de marzo (en relaci\u00f3n a los&nbsp;cr\u00edmenes&nbsp;de trabajadores) y el doble asesinato de Pill\u00edn Bracamonte y Attardo es que las bandas narcopoliciales barriales siguen existiendo, tienen poder de fuego y tienen poder econ\u00f3mico\u00bb, sostuvo. Luego agreg\u00f3: \u00abY tienen, por supuesto, complicidades con los nichos de corrupci\u00f3n\u00bb.<\/p>\n\n\n\n<p>En esa l\u00ednea agreg\u00f3: \u00abCuando hicimos el an\u00e1lisis de la aplicaci\u00f3n de la ley 14.239 de Microtr\u00e1fico, en el \u00faltimo semestre de 2024, destac\u00e1bamos la identificaci\u00f3n de 16 nuevas bandas narcopoliciales barriales en Rosario; 56 en toda la provincia\u00bb. En tanto, plante\u00f3 que en el informe del Ministerio P\u00fablico de la Acusaci\u00f3n sobre el tema, \u00abfalta analizar cu\u00e1ntas bandas realmente se detectaron por arriba de lo del microtr\u00e1fico, de d\u00f3nde vienen los insumos, de d\u00f3nde vienen las drogas, de d\u00f3nde vienen las armas y ad\u00f3nde va el dinero. Esas cosas no est\u00e1n respondidas\u00bb, se\u00f1al\u00f3.&nbsp;<\/p>\n\n\n\n<p>\u00abY en la reducci\u00f3n de homicidios lo que tambi\u00e9n queda claro es que en forma simult\u00e1nea el gobierno nacional, que discute la paternidad de esta disminuci\u00f3n de homicidios, a finales de septiembre dio un an\u00e1lisis tremendo, a mi entender, porque dice que en concepto de todas las drogas incautadas en Rosario en los primeros nueve meses del a\u00f1o eran 270 kilos, y es sorprendente porque solamente en el a\u00f1o 2023, en coca\u00edna, se hab\u00edan secuestrado m\u00e1s de 860 kilos. En esa diferencia, lo que queda claro es lo que te dice la gente en los barrios, que cada vez hay m\u00e1s drogas y m\u00e1s aparici\u00f3n de cuestiones como el suicidio de chicos\u00bb que \u00abse endeudan\u00bb. Con todo, plantea que \u00abpor lo menos deja espacio a pensar que en algunos sectores se ha mirado para otro lado a la hora de la venta de drogas, que est\u00e1 generando muchos problemas sociales\u00bb.<\/p>\n\n\n\n<p>Adem\u00e1s, Del Frade sostuvo que \u00abpor arriba del negocio en serio lo que circula por el sistema financiero, eso est\u00e1 absolutamente intocable. Las empresas que manejan la exportaci\u00f3n, como la vieja pauta de comportamiento desde el a\u00f1o 78 en adelante, sigue siendo intocable\u00bb, se\u00f1al\u00f3. \u00abDespu\u00e9s est\u00e1 lo otro, qui\u00e9nes ven\u00edan haciendo mal las cosas, cu\u00e1les eran los responsables, por qu\u00e9 hubo tantos homicidios antes. Eso tampoco se est\u00e1 explicando\u00bb.<\/p>\n\n\n\n<p>En otro punto plante\u00f3 que \u00ablamentablemente estamos viendo una exacerbaci\u00f3n de esto que llaman el empoderamiento policial, cada vez hay m\u00e1s desborde en las actuaciones que superan la cuesti\u00f3n delictiva, como el allanamiento a docentes, que fueron mostrados esposados a la salida de tribunales\u00bb, entre otras cuestiones.&nbsp;<\/p>\n\n\n\n<p>Adem\u00e1s, Del Frade lament\u00f3 que se \u00abdisfraza lo que ellos llaman pol\u00edtica p\u00fablica de seguridad a lo que es en realidad una pol\u00edtica de control social\u00bb. En ese sentido sostuvo que \u00ablas c\u00e1rceles est\u00e1n atiborradas de pobres\u00bb.<\/p>\n","protected":false},"excerpt":{"rendered":"<p>Diputado Del Frade valor\u00f3 la baja de Homicidios en Rosario.<\/p>\n","protected":false},"author":1,"featured_media":45087,"comment_status":"open","ping_status":"open","sticky":false,"template":"","format":"image","meta":{"_jetpack_memberships_contains_paid_content":false,"footnotes":"","jetpack_publicize_message":"","jetpack_publicize_feature_enabled":true,"jetpack_social_post_already_shared":true,"jetpack_social_options":{"image_generator_settings":{"template":"highway","default_image_id":0,"enabled":false},"version":2}},"categories":[8,1,2,7,3],"tags":[11325,11324,5030,1458,8777,8588,10757],"class_list":["post-45086","post","type-post","status-publish","format-image","has-post-thumbnail","hentry","category-deliberando","category-diario-armstrong","category-locales","category-politica","category-region","tag-baja-de-homicidios","tag-del-frade","tag-diario-armstrong","tag-diputado","tag-lic-graciela-de-la-casa","tag-rosario-2","tag-valoro","post_format-post-format-image"],"jetpack_publicize_connections":[],"jetpack_featured_media_url":"https:\/\/armstrongyregion.com.ar\/diario\/wp-content\/uploads\/2025\/01\/del-frade-baja-homicios.jpg","jetpack_shortlink":"https:\/\/wp.me\/p62QDO-bJc","jetpack_sharing_enabled":true,"amp_enabled":true,"_links":{"self":[{"href":"https:\/\/armstrongyregion.com.ar\/diario\/wp-json\/wp\/v2\/posts\/45086","targetHints":{"allow":["GET"]}}],"collection":[{"href":"https:\/\/armstrongyregion.com.ar\/diario\/wp-json\/wp\/v2\/posts"}],"about":[{"href":"https:\/\/armstrongyregion.com.ar\/diario\/wp-json\/wp\/v2\/types\/post"}],"author":[{"embeddable":true,"href":"https:\/\/armstrongyregion.com.ar\/diario\/wp-json\/wp\/v2\/users\/1"}],"replies":[{"embeddable":true,"href":"https:\/\/armstrongyregion.com.ar\/diario\/wp-json\/wp\/v2\/comments?post=45086"}],"version-history":[{"count":1,"href":"https:\/\/armstrongyregion.com.ar\/diario\/wp-json\/wp\/v2\/posts\/45086\/revisions"}],"predecessor-version":[{"id":45088,"href":"https:\/\/armstrongyregion.com.ar\/diario\/wp-json\/wp\/v2\/posts\/45086\/revisions\/45088"}],"wp:featuredmedia":[{"embeddable":true,"href":"https:\/\/armstrongyregion.com.ar\/diario\/wp-json\/wp\/v2\/media\/45087"}],"wp:attachment":[{"href":"https:\/\/armstrongyregion.com.ar\/diario\/wp-json\/wp\/v2\/media?parent=45086"}],"wp:term":[{"taxonomy":"category","embeddable":true,"href":"https:\/\/armstrongyregion.com.ar\/diario\/wp-json\/wp\/v2\/categories?post=45086"},{"taxonomy":"post_tag","embeddable":true,"href":"https:\/\/armstrongyregion.com.ar\/diario\/wp-json\/wp\/v2\/tags?post=45086"}],"curies":[{"name":"wp","href":"https:\/\/api.w.org\/{rel}","templated":true}]}}