{"id":45071,"date":"2025-01-02T17:09:46","date_gmt":"2025-01-02T17:09:46","guid":{"rendered":"https:\/\/armstrongyregion.com.ar\/diario\/?p=45071"},"modified":"2025-01-02T17:09:48","modified_gmt":"2025-01-02T17:09:48","slug":"scaglia-queremos-que-todos-los-chicos-y-chicas-disfruten-de-una-propuesta-recreativa-y-educativa","status":"publish","type":"post","link":"https:\/\/armstrongyregion.com.ar\/diario\/scaglia-queremos-que-todos-los-chicos-y-chicas-disfruten-de-una-propuesta-recreativa-y-educativa\/","title":{"rendered":"Scaglia: \u201cQueremos que todos los chicos y chicas disfruten de una propuesta recreativa y educativa\u201d"},"content":{"rendered":"\n<figure class=\"wp-block-image size-large\"><img loading=\"lazy\" decoding=\"async\" width=\"640\" height=\"426\" src=\"http:\/\/armstrongyregion.com.ar\/diario\/wp-content\/uploads\/2025\/01\/SCAGLIA-25-640x426.jpg\" alt=\"\" class=\"wp-image-45072\" srcset=\"https:\/\/armstrongyregion.com.ar\/diario\/wp-content\/uploads\/2025\/01\/SCAGLIA-25-640x426.jpg 640w, https:\/\/armstrongyregion.com.ar\/diario\/wp-content\/uploads\/2025\/01\/SCAGLIA-25-300x200.jpg 300w, https:\/\/armstrongyregion.com.ar\/diario\/wp-content\/uploads\/2025\/01\/SCAGLIA-25-768x512.jpg 768w, https:\/\/armstrongyregion.com.ar\/diario\/wp-content\/uploads\/2025\/01\/SCAGLIA-25.jpg 800w\" sizes=\"auto, (max-width: 640px) 100vw, 640px\" \/><\/figure>\n\n\n\n<h2 class=\"wp-block-heading\">La vicegobernadora abri\u00f3 este jueves la edici\u00f3n 2025 de las Escuelas de Verano en el CEF 29 de Santa Fe. La iniciativa busca constituirse en un espacio pedag\u00f3gico que d\u00e9 continuidad al proceso de alfabetizaci\u00f3n. Participan m\u00e1s de 36 mil ni\u00f1os y adolescentes en 250 sedes de los 19 departamentos del territorio santafesino.<\/h2>\n\n\n\n<p>Las Escuelas de Verano del Gobierno de la Provincia abrieron este jueves sus puertas para que, en el marco del programa Santa Fe en Movimiento, m\u00e1s de 36 mil ni\u00f1os y adolescentes de entre 4 y 14 a\u00f1os disfruten durante enero de propuestas que combinan educaci\u00f3n, deporte, recreaci\u00f3n y cultura que se llevar\u00e1n a cabo en simult\u00e1neo en 250 sedes de los 19 departamentos del territorio santafesino.<\/p>\n\n\n\n<p>En ese marco, la vicegobernadora Gisela Scaglia junto a la secretaria de Deportes, Flavia Pad\u00edn y el director provincial de Educaci\u00f3n F\u00edsica, Adri\u00e1n Alurralde, visitaron el CEF 29 de la ciudad de Santa Fe donde dejaron oficialmente inaugurada la edici\u00f3n 2025 de esta iniciativa que tiene como objetivo constituirse en un espacio pedag\u00f3gico que d\u00e9 continuidad al proceso de alfabetizaci\u00f3n.<\/p>\n\n\n\n<p>\u201cQueremos que todos los chicos y chicas tengan la posibilidad de disfrutar del verano, encontrando amigos y accediendo a una propuesta recreativa y educativa\u201d, afirm\u00f3 Scaglia durante la recorrida por el Centro de Educaci\u00f3n F\u00edsica de la ciudad capital, a la vez que asegur\u00f3 que la idea de las Escuelas de Verano es \u201centender que el Estado con este tipo de pol\u00edticas p\u00fablicas est\u00e1 cerca de la gente\u201d. Adem\u00e1s, la vicegobernadora reconoci\u00f3 que se trabaj\u00f3 e invirti\u00f3 \u201cdurante todo el a\u00f1o en los CEF de toda la provincia para mejorar la infraestructura y habilitar todos los lugares, poniendo todos los recursos a disposici\u00f3n para que se pueda vivir el deporte en la provincia\u201d.<\/p>\n\n\n\n<p><strong>Juegos y Educaci\u00f3n<\/strong><\/p>\n\n\n\n<p>Por su parte, Pad\u00edn se\u00f1al\u00f3 que en las Escuelas de Verano \u201cno solamente hay actividades recreativas sino que se hacen actividades educativas durante todo el mes\u201d y puntualmente en el CEF 29 \u201cson 350 chicos y chicas por turnos, teniendo dos turnos (ma\u00f1ana y tarde), y en los otros lugares de la provincia depender\u00e1 la cantidad de asistentes de las dimensiones de la pileta y de la cantidad de profesores y guardavidas\u201d.<\/p>\n\n\n\n<p>Asimismo, Alurralde remarc\u00f3 que \u201cel juego es el motor y la parte m\u00e1s importante en las Escuelas de Verano, a lo que se suma la nataci\u00f3n donde los alumnos juegan y aprenden en el agua. Adem\u00e1s se realizan campamentos, fogones, sumado a las distintas actividades deportivas\u201d.<\/p>\n\n\n\n<p><strong>Espacios educativos, art\u00edsticos y culturales<\/strong><\/p>\n\n\n\n<p>Las Escuelas de Verano, que contar\u00e1n con 1.650 agentes entre docentes y guardavidas, tendr\u00e1n como escenario educativo a las escuelas que constituyen las sedes del programa, Centros de Educaci\u00f3n F\u00edsica, clubes, polideportivos comunales y municipales y otras dependencias del Estado provincial. Adem\u00e1s, cuentan con otros espacios educativos, art\u00edsticos y culturales para su realizaci\u00f3n.<\/p>\n\n\n\n<p>La integraci\u00f3n, la participaci\u00f3n y la convivencia son los ejes centrales de esta propuesta educativa que busca, entre otras cosas, ofrecer espacios que favorezcan la inclusi\u00f3n y continuidad educativa de ni\u00f1os, ni\u00f1as y adolescentes en actividades f\u00edsicas y deportivas que tiendan al desarrollo arm\u00f3nico e integral; brindar una propuesta de ense\u00f1anza de calidad; generar estrategias para abordar la continuidad del proceso de alfabetizaci\u00f3n; promover el desarrollo y conocimiento de distintas expresiones art\u00edsticas, l\u00fadicas, culturales, tecnol\u00f3gicas y deportivas; colaborar en la construcci\u00f3n y respeto de las normas como elementos fundamentales de la vida en comunidad; promover el trabajo grupal y colaborativo; contribuir al ejercicio de la capacidad de reflexi\u00f3n cr\u00edtica y de la autonom\u00eda personal; promover v\u00ednculos colaborativos entre la escuela, la familia y la comunidad con instituciones deportivas y espacios de recreaci\u00f3n; garantizar la educaci\u00f3n y alimentaci\u00f3n saludable; y fomentar una conciencia tendiente al cuidado del ambiente, a la seguridad vial, a la educaci\u00f3n emocional y las nuevas tecnolog\u00edas.<\/p>\n\n\n\n<p>Cabe destacar que la iniciativa est\u00e1 organizada por el Ministerio de Educaci\u00f3n, desde la Secretar\u00eda de Educaci\u00f3n, a trav\u00e9s de la Direcci\u00f3n Provincial de Educaci\u00f3n F\u00edsica, y por el Ministerio de Igualdad y Desarrollo Humano, desde la Secretar\u00eda de Deportes.<\/p>\n","protected":false},"excerpt":{"rendered":"<p>Scaglia: \u201cQueremos que todos los chicos y chicas disfruten de una propuesta recreativa y educativa\u201d<\/p>\n","protected":false},"author":1,"featured_media":45072,"comment_status":"open","ping_status":"open","sticky":false,"template":"","format":"image","meta":{"_jetpack_memberships_contains_paid_content":false,"footnotes":"","jetpack_publicize_message":"","jetpack_publicize_feature_enabled":true,"jetpack_social_post_already_shared":true,"jetpack_social_options":{"image_generator_settings":{"template":"highway","default_image_id":0,"enabled":false},"version":2}},"categories":[8,1,2,7,3],"tags":[5030,9548,9346,801,11317,9400],"class_list":["post-45071","post","type-post","status-publish","format-image","has-post-thumbnail","hentry","category-deliberando","category-diario-armstrong","category-locales","category-politica","category-region","tag-diario-armstrong","tag-educativa","tag-graciela-de-la-casa","tag-propuesta","tag-recreativa","tag-scaglia","post_format-post-format-image"],"jetpack_publicize_connections":[],"jetpack_featured_media_url":"https:\/\/armstrongyregion.com.ar\/diario\/wp-content\/uploads\/2025\/01\/SCAGLIA-25.jpg","jetpack_shortlink":"https:\/\/wp.me\/p62QDO-bIX","jetpack_sharing_enabled":true,"amp_enabled":true,"_links":{"self":[{"href":"https:\/\/armstrongyregion.com.ar\/diario\/wp-json\/wp\/v2\/posts\/45071","targetHints":{"allow":["GET"]}}],"collection":[{"href":"https:\/\/armstrongyregion.com.ar\/diario\/wp-json\/wp\/v2\/posts"}],"about":[{"href":"https:\/\/armstrongyregion.com.ar\/diario\/wp-json\/wp\/v2\/types\/post"}],"author":[{"embeddable":true,"href":"https:\/\/armstrongyregion.com.ar\/diario\/wp-json\/wp\/v2\/users\/1"}],"replies":[{"embeddable":true,"href":"https:\/\/armstrongyregion.com.ar\/diario\/wp-json\/wp\/v2\/comments?post=45071"}],"version-history":[{"count":1,"href":"https:\/\/armstrongyregion.com.ar\/diario\/wp-json\/wp\/v2\/posts\/45071\/revisions"}],"predecessor-version":[{"id":45073,"href":"https:\/\/armstrongyregion.com.ar\/diario\/wp-json\/wp\/v2\/posts\/45071\/revisions\/45073"}],"wp:featuredmedia":[{"embeddable":true,"href":"https:\/\/armstrongyregion.com.ar\/diario\/wp-json\/wp\/v2\/media\/45072"}],"wp:attachment":[{"href":"https:\/\/armstrongyregion.com.ar\/diario\/wp-json\/wp\/v2\/media?parent=45071"}],"wp:term":[{"taxonomy":"category","embeddable":true,"href":"https:\/\/armstrongyregion.com.ar\/diario\/wp-json\/wp\/v2\/categories?post=45071"},{"taxonomy":"post_tag","embeddable":true,"href":"https:\/\/armstrongyregion.com.ar\/diario\/wp-json\/wp\/v2\/tags?post=45071"}],"curies":[{"name":"wp","href":"https:\/\/api.w.org\/{rel}","templated":true}]}}