{"id":45045,"date":"2024-12-26T14:04:18","date_gmt":"2024-12-26T14:04:18","guid":{"rendered":"https:\/\/armstrongyregion.com.ar\/diario\/?p=45045"},"modified":"2024-12-26T14:04:20","modified_gmt":"2024-12-26T14:04:20","slug":"calendario-de-feriados-nacionales-de-2025-cuantos-son-y-cuando-es-el-primero","status":"publish","type":"post","link":"https:\/\/armstrongyregion.com.ar\/diario\/calendario-de-feriados-nacionales-de-2025-cuantos-son-y-cuando-es-el-primero\/","title":{"rendered":"Calendario de feriados nacionales de 2025: cu\u00e1ntos son y cu\u00e1ndo es el primero"},"content":{"rendered":"\n<figure class=\"wp-block-image size-large\"><img loading=\"lazy\" decoding=\"async\" width=\"640\" height=\"360\" src=\"http:\/\/armstrongyregion.com.ar\/diario\/wp-content\/uploads\/2024\/12\/calendario.jpg_1756841869-640x360.jpg\" alt=\"\" class=\"wp-image-45046\" srcset=\"https:\/\/armstrongyregion.com.ar\/diario\/wp-content\/uploads\/2024\/12\/calendario.jpg_1756841869-640x360.jpg 640w, https:\/\/armstrongyregion.com.ar\/diario\/wp-content\/uploads\/2024\/12\/calendario.jpg_1756841869-300x169.jpg 300w, https:\/\/armstrongyregion.com.ar\/diario\/wp-content\/uploads\/2024\/12\/calendario.jpg_1756841869-768x432.jpg 768w, https:\/\/armstrongyregion.com.ar\/diario\/wp-content\/uploads\/2024\/12\/calendario.jpg_1756841869.jpg 800w\" sizes=\"auto, (max-width: 640px) 100vw, 640px\" \/><\/figure>\n\n\n\n<h2 class=\"wp-block-heading\">El Gobierno inform\u00f3 el cronograma de d\u00edas festivos para el pr\u00f3ximo a\u00f1o en sus cuatro categor\u00edas: inamovibles, trasladables, no laborables y puentes tur\u00edsticos.<\/h2>\n\n\n\n<p>En pleno&nbsp;<strong>feriado por la Navidad<\/strong>&nbsp;y una semana del comienzo de 2025, ya se conoce&nbsp;<strong>cu\u00e1l es el cronograma de feriados nacionales del pr\u00f3ximo a\u00f1o.&nbsp;<\/strong>&nbsp;El Gobierno inform\u00f3 esta semana el calendario de d\u00edas festivos, en sus cuatro categor\u00edas, seg\u00fan la Ley 27.399 de Establecimiento de feriados y fines de semana largos,. Se trata de los&nbsp;<strong>feriados inamovibles, los trasladables, los d\u00edas no laborables y los puentes tur\u00edsticos<\/strong>.<\/p>\n\n\n\n<p>El 2025 tendr\u00e1&nbsp;<strong>19 feriados, tres feriados puente y tres d\u00edas no laborables puente.<\/strong>&nbsp;El primer feriado nacional de 2025 ser\u00e1 el mi\u00e9rcoles 1 de enero, cuando se celebra el A\u00f1o Nuevo.<\/p>\n\n\n\n<h2 class=\"wp-block-heading\">Calendario de feriados nacionales de 2025<\/h2>\n\n\n\n<p><br><strong>Enero<\/strong><br>Mi\u00e9rcoles 1 de enero: A\u00f1o Nuevo (feriado inamovible)<\/p>\n\n\n\n<p><strong>Marzo<\/strong><br>Lunes 3 y martes 4 de marzo: Carnaval (feriado inamovible)<br>Lunes 24 de marzo: D\u00eda Nacional de la Memoria por la Verdad y la Justicia (feriado inamovible)<br>Lunes 31 de marzo: Fiesta de la Ruptura del Ayuno del Sagrado Mes de Ramad\u00e1n (d\u00eda no laborable)<\/p>\n\n\n\n<p><strong>Abril<\/strong><br>Mi\u00e9rcoles 2 de abril: D\u00eda del Veterano y de los Ca\u00eddos en la Guerra de Malvinas (feriado inamovible)<br>Jueves 17 de abril: Jueves Santo (d\u00eda no laborable)<br>Viernes 18 de abril: Viernes Santo (feriado inamovible)<\/p>\n\n\n\n<p><strong>Mayo<\/strong><br>Jueves 1\u00b0 de mayo: D\u00eda del Trabajador (feriado inamovible)<br>Viernes 2 de mayo: d\u00eda no laborable puente<br>Domingo 25 de mayo: D\u00eda de la Revoluci\u00f3n de Mayo (feriado inamovible)<\/p>\n\n\n\n<p><strong>Junio<\/strong><br>Lunes 16 de junio: Paso a la Inmortalidad del General Don Mart\u00edn Miguel de G\u00fcemes (se traslada del martes 17 de junio)<br>Viernes 20 de junio: Paso a la Inmortalidad del General Don Manuel Belgrano (feriado inamovible)<\/p>\n\n\n\n<p><strong>Julio<\/strong><br>Mi\u00e9rcoles 9 de julio: D\u00eda de la Independencia (feriado inamovible)<\/p>\n\n\n\n<p><strong>Agosto<\/strong><br>Viernes 15 de agosto: d\u00eda no laborable puente<br>Domingo 17 de agosto: Paso a la Inmortalidad del General Don Jos\u00e9 de San Mart\u00edn (feriado trasladable)<\/p>\n\n\n\n<p><strong>Octubre<\/strong><br>Domingo 12 de octubre: D\u00eda del Respeto a la Diversidad Cultural (feriado trasladable)<\/p>\n\n\n\n<p><strong>Noviembre<\/strong><br>Viernes 21 de noviembre: d\u00eda no laborable puente.<br>Lunes 24 de noviembre: D\u00eda de la Soberan\u00eda Nacional (se traslada del jueves 20 de noviembre).<\/p>\n\n\n\n<p><strong>Diciembre<\/strong><br>Lunes 8 de diciembre: D\u00eda de la Inmaculada Concepci\u00f3n de Mar\u00eda (feriado inamovible)<br>Jueves 25 de diciembre: Navidad (feriado inamovible)<\/p>\n","protected":false},"excerpt":{"rendered":"<p>Calendario de feriados nacionales de 2025: cu\u00e1ntos son y cu\u00e1ndo es el primero<\/p>\n","protected":false},"author":1,"featured_media":45046,"comment_status":"open","ping_status":"open","sticky":false,"template":"","format":"image","meta":{"_jetpack_memberships_contains_paid_content":false,"footnotes":"","jetpack_publicize_message":"","jetpack_publicize_feature_enabled":true,"jetpack_social_post_already_shared":true,"jetpack_social_options":{"image_generator_settings":{"template":"highway","default_image_id":0,"enabled":false},"version":2}},"categories":[8,1,2,7,3],"tags":[1208,5030,10145,9346,9047],"class_list":["post-45045","post","type-post","status-publish","format-image","has-post-thumbnail","hentry","category-deliberando","category-diario-armstrong","category-locales","category-politica","category-region","tag-calendario","tag-diario-armstrong","tag-feriados","tag-graciela-de-la-casa","tag-nacionales-2","post_format-post-format-image"],"jetpack_publicize_connections":[],"jetpack_featured_media_url":"https:\/\/armstrongyregion.com.ar\/diario\/wp-content\/uploads\/2024\/12\/calendario.jpg_1756841869.jpg","jetpack_shortlink":"https:\/\/wp.me\/p62QDO-bIx","jetpack_sharing_enabled":true,"amp_enabled":true,"_links":{"self":[{"href":"https:\/\/armstrongyregion.com.ar\/diario\/wp-json\/wp\/v2\/posts\/45045","targetHints":{"allow":["GET"]}}],"collection":[{"href":"https:\/\/armstrongyregion.com.ar\/diario\/wp-json\/wp\/v2\/posts"}],"about":[{"href":"https:\/\/armstrongyregion.com.ar\/diario\/wp-json\/wp\/v2\/types\/post"}],"author":[{"embeddable":true,"href":"https:\/\/armstrongyregion.com.ar\/diario\/wp-json\/wp\/v2\/users\/1"}],"replies":[{"embeddable":true,"href":"https:\/\/armstrongyregion.com.ar\/diario\/wp-json\/wp\/v2\/comments?post=45045"}],"version-history":[{"count":1,"href":"https:\/\/armstrongyregion.com.ar\/diario\/wp-json\/wp\/v2\/posts\/45045\/revisions"}],"predecessor-version":[{"id":45047,"href":"https:\/\/armstrongyregion.com.ar\/diario\/wp-json\/wp\/v2\/posts\/45045\/revisions\/45047"}],"wp:featuredmedia":[{"embeddable":true,"href":"https:\/\/armstrongyregion.com.ar\/diario\/wp-json\/wp\/v2\/media\/45046"}],"wp:attachment":[{"href":"https:\/\/armstrongyregion.com.ar\/diario\/wp-json\/wp\/v2\/media?parent=45045"}],"wp:term":[{"taxonomy":"category","embeddable":true,"href":"https:\/\/armstrongyregion.com.ar\/diario\/wp-json\/wp\/v2\/categories?post=45045"},{"taxonomy":"post_tag","embeddable":true,"href":"https:\/\/armstrongyregion.com.ar\/diario\/wp-json\/wp\/v2\/tags?post=45045"}],"curies":[{"name":"wp","href":"https:\/\/api.w.org\/{rel}","templated":true}]}}