{"id":45019,"date":"2024-12-21T16:06:59","date_gmt":"2024-12-21T16:06:59","guid":{"rendered":"https:\/\/armstrongyregion.com.ar\/diario\/?p=45019"},"modified":"2024-12-21T16:07:01","modified_gmt":"2024-12-21T16:07:01","slug":"tres-siniestros-viales-de-relevancia-en-canada-de-gomez","status":"publish","type":"post","link":"https:\/\/armstrongyregion.com.ar\/diario\/tres-siniestros-viales-de-relevancia-en-canada-de-gomez\/","title":{"rendered":"Tres siniestros viales de relevancia en Ca\u00f1ada de G\u00f3mez."},"content":{"rendered":"\n<figure class=\"wp-block-image size-large\"><img loading=\"lazy\" decoding=\"async\" width=\"640\" height=\"447\" src=\"http:\/\/armstrongyregion.com.ar\/diario\/wp-content\/uploads\/2024\/12\/siniestros-21-11-24-640x447.jpg\" alt=\"\" class=\"wp-image-45020\" srcset=\"https:\/\/armstrongyregion.com.ar\/diario\/wp-content\/uploads\/2024\/12\/siniestros-21-11-24-640x447.jpg 640w, https:\/\/armstrongyregion.com.ar\/diario\/wp-content\/uploads\/2024\/12\/siniestros-21-11-24-300x209.jpg 300w, https:\/\/armstrongyregion.com.ar\/diario\/wp-content\/uploads\/2024\/12\/siniestros-21-11-24.jpg 645w\" sizes=\"auto, (max-width: 640px) 100vw, 640px\" \/><\/figure>\n\n\n\n<h2 class=\"wp-block-heading\">Graves colisiones en distintos puntos de la ciudad dejaron un fallecido, una persona con lesiones graves y otra con heridas leves.<\/h2>\n\n\n\n<h2 class=\"wp-block-heading\">Ca\u00f1ada de G\u00f3mez fue escenario de tres colisiones esta semana, todos con autom\u00f3viles y motocicletas involucrados. Los incidentes ocurrieron en distintos puntos de la ciudad y generaron la intervenci\u00f3n de servicios de emergencia y autoridades locales.<\/h2>\n\n\n\n<h3 class=\"wp-block-heading\">Fatal accidente en la Ruta 9<\/h3>\n\n\n\n<p>El m\u00e1s grave de los accidentes tuvo lugar este mi\u00e9rcoles en el kil\u00f3metro 374 de la Ruta 9. Un autom\u00f3vil Fiat Cronos, conducido por una mujer de 57 a\u00f1os de Totoras, y una motocicleta Bajaj Rouser 200cc de color gris, manejada por un joven de 21 a\u00f1os de Correa, colisionaron violentamente.<\/p>\n\n\n\n<p>Producto del impacto, el motociclista fue trasladado al Hospital San Jos\u00e9, donde lamentablemente se confirm\u00f3 su fallecimiento. Las autoridades est\u00e1n investigando las causas del accidente para determinar responsabilidades.<\/p>\n\n\n\n<h3 class=\"wp-block-heading\">Choque en San Mart\u00edn y Bv. Balcarce<\/h3>\n\n\n\n<p>El lunes, otro choque se registr\u00f3 en la intersecci\u00f3n de San Mart\u00edn y Bv. Balcarce. En este incidente estuvieron involucrados un autom\u00f3vil Audi Q3 blanco, conducido por una mujer de 64 a\u00f1os, y una motocicleta Honda Wave roja conducida por otra mujer. La motociclista fue trasladada al nosocomio local, donde se inform\u00f3 que sufri\u00f3 lesiones de car\u00e1cter graves.<\/p>\n\n\n\n<p>Seg\u00fan testigos, el accidente ocurri\u00f3 en una zona transitada, lo que gener\u00f3 preocupaci\u00f3n entre los vecinos. La Polic\u00eda est\u00e1 investigando las causas del choque.<\/p>\n\n\n\n<h3 class=\"wp-block-heading\">Colisi\u00f3n en Necochea y Lisandro de la Torre<\/h3>\n\n\n\n<p>El mismo lunes, en Necochea y Lisandro de la Torre, un autom\u00f3vil Renault Duster gris oscuro, conducido por un hombre de 47 a\u00f1os, colision\u00f3 con una motocicleta Yamaha FZ negra manejada por un hombre de 30 a\u00f1os.<\/p>\n\n\n\n<p>El motociclista fue asistido en el lugar por una unidad del centro de emergencias m\u00e9dicas y posteriormente trasladado al hospital, donde se determin\u00f3 que sus lesiones eran leves. \u201cEl impacto fue importante, pero afortunadamente no hubo consecuencias graves\u201d, comentaron los socorristas.<\/p>\n\n\n\n<h3 class=\"wp-block-heading\">Investigaciones en curso<\/h3>\n\n\n\n<p>Las autoridades locales contin\u00faan investigando las circunstancias de los tres accidentes para determinar responsabilidades. Por el momento, se han tomado declaraciones a testigos y se est\u00e1n analizando las condiciones del tr\u00e1nsito en las zonas afectadas.<\/p>\n\n\n\n<p>Fuente: Las Rosas Digital.<\/p>\n","protected":false},"excerpt":{"rendered":"<p>Tres siniestros viales de relevancia en Ca\u00f1ada de G\u00f3mez.<\/p>\n","protected":false},"author":1,"featured_media":45020,"comment_status":"open","ping_status":"open","sticky":false,"template":"","format":"image","meta":{"_jetpack_memberships_contains_paid_content":false,"footnotes":"","jetpack_publicize_message":"","jetpack_publicize_feature_enabled":true,"jetpack_social_post_already_shared":true,"jetpack_social_options":{"image_generator_settings":{"template":"highway","default_image_id":0,"enabled":false},"version":2}},"categories":[8,1,7,3],"tags":[9737,5030,15,11301,8645,3924],"class_list":["post-45019","post","type-post","status-publish","format-image","has-post-thumbnail","hentry","category-deliberando","category-diario-armstrong","category-politica","category-region","tag-canada-de-gomez-4","tag-diario-armstrong","tag-en","tag-siniestros","tag-tres-2","tag-viales","post_format-post-format-image"],"jetpack_publicize_connections":[],"jetpack_featured_media_url":"https:\/\/armstrongyregion.com.ar\/diario\/wp-content\/uploads\/2024\/12\/siniestros-21-11-24.jpg","jetpack_shortlink":"https:\/\/wp.me\/p62QDO-bI7","jetpack_sharing_enabled":true,"amp_enabled":true,"_links":{"self":[{"href":"https:\/\/armstrongyregion.com.ar\/diario\/wp-json\/wp\/v2\/posts\/45019","targetHints":{"allow":["GET"]}}],"collection":[{"href":"https:\/\/armstrongyregion.com.ar\/diario\/wp-json\/wp\/v2\/posts"}],"about":[{"href":"https:\/\/armstrongyregion.com.ar\/diario\/wp-json\/wp\/v2\/types\/post"}],"author":[{"embeddable":true,"href":"https:\/\/armstrongyregion.com.ar\/diario\/wp-json\/wp\/v2\/users\/1"}],"replies":[{"embeddable":true,"href":"https:\/\/armstrongyregion.com.ar\/diario\/wp-json\/wp\/v2\/comments?post=45019"}],"version-history":[{"count":1,"href":"https:\/\/armstrongyregion.com.ar\/diario\/wp-json\/wp\/v2\/posts\/45019\/revisions"}],"predecessor-version":[{"id":45021,"href":"https:\/\/armstrongyregion.com.ar\/diario\/wp-json\/wp\/v2\/posts\/45019\/revisions\/45021"}],"wp:featuredmedia":[{"embeddable":true,"href":"https:\/\/armstrongyregion.com.ar\/diario\/wp-json\/wp\/v2\/media\/45020"}],"wp:attachment":[{"href":"https:\/\/armstrongyregion.com.ar\/diario\/wp-json\/wp\/v2\/media?parent=45019"}],"wp:term":[{"taxonomy":"category","embeddable":true,"href":"https:\/\/armstrongyregion.com.ar\/diario\/wp-json\/wp\/v2\/categories?post=45019"},{"taxonomy":"post_tag","embeddable":true,"href":"https:\/\/armstrongyregion.com.ar\/diario\/wp-json\/wp\/v2\/tags?post=45019"}],"curies":[{"name":"wp","href":"https:\/\/api.w.org\/{rel}","templated":true}]}}