{"id":45008,"date":"2024-12-18T15:27:50","date_gmt":"2024-12-18T15:27:50","guid":{"rendered":"https:\/\/armstrongyregion.com.ar\/diario\/?p=45008"},"modified":"2024-12-18T15:27:52","modified_gmt":"2024-12-18T15:27:52","slug":"armstrong-se-firmo-el-acta-de-inicio-de-obra","status":"publish","type":"post","link":"https:\/\/armstrongyregion.com.ar\/diario\/armstrong-se-firmo-el-acta-de-inicio-de-obra\/","title":{"rendered":"Armstrong. Se firm\u00f3 el acta de inicio de obra."},"content":{"rendered":"\n<figure class=\"wp-block-image size-large\"><img loading=\"lazy\" decoding=\"async\" width=\"640\" height=\"427\" src=\"http:\/\/armstrongyregion.com.ar\/diario\/wp-content\/uploads\/2024\/12\/Obra-1--640x427.jpg\" alt=\"\" class=\"wp-image-45009\" srcset=\"https:\/\/armstrongyregion.com.ar\/diario\/wp-content\/uploads\/2024\/12\/Obra-1--640x427.jpg 640w, https:\/\/armstrongyregion.com.ar\/diario\/wp-content\/uploads\/2024\/12\/Obra-1--300x200.jpg 300w, https:\/\/armstrongyregion.com.ar\/diario\/wp-content\/uploads\/2024\/12\/Obra-1-.jpg 712w\" sizes=\"auto, (max-width: 640px) 100vw, 640px\" \/><\/figure>\n\n\n\n<p>El lunes 16 de diciembre se firm\u00f3 el acta de inicio de obra para la ejecuci\u00f3n de las obras necesarias a<br>fines de garantizar la accesibilidad, conectividad transitabilidad y seguridad vial de los usuarios en el<br>acceso a Armstrong desde Ruta Provincial N\u00b0 15, tramo Armstrong-Cruz Alta que llevar\u00e1 a cabo el<br>Gobierno Provincial a trav\u00e9s de la Direcci\u00f3n Provincial de Vialidad.<\/p>\n\n\n\n<figure class=\"wp-block-image size-large\"><img loading=\"lazy\" decoding=\"async\" width=\"640\" height=\"427\" src=\"http:\/\/armstrongyregion.com.ar\/diario\/wp-content\/uploads\/2024\/12\/obra-2--640x427.jpg\" alt=\"\" class=\"wp-image-45010\" srcset=\"https:\/\/armstrongyregion.com.ar\/diario\/wp-content\/uploads\/2024\/12\/obra-2--640x427.jpg 640w, https:\/\/armstrongyregion.com.ar\/diario\/wp-content\/uploads\/2024\/12\/obra-2--300x200.jpg 300w, https:\/\/armstrongyregion.com.ar\/diario\/wp-content\/uploads\/2024\/12\/obra-2-.jpg 737w\" sizes=\"auto, (max-width: 640px) 100vw, 640px\" \/><\/figure>\n\n\n\n<p><br>Cabe destacar que mediante el Contrato N\u00b0 020804 firmado el 12 de diciembre de 2024, por la<br>Empresa Contratista CONYLOG S.A., se obliga a ejecutar la obra por la suma de $ 1.138.371.508,05,<br>contando con un plazo de ejecuci\u00f3n de 8 meses calendario.<\/p>\n\n\n\n<figure class=\"wp-block-image size-large\"><img loading=\"lazy\" decoding=\"async\" width=\"640\" height=\"426\" src=\"http:\/\/armstrongyregion.com.ar\/diario\/wp-content\/uploads\/2024\/12\/obra-3--640x426.jpg\" alt=\"\" class=\"wp-image-45011\" srcset=\"https:\/\/armstrongyregion.com.ar\/diario\/wp-content\/uploads\/2024\/12\/obra-3--640x426.jpg 640w, https:\/\/armstrongyregion.com.ar\/diario\/wp-content\/uploads\/2024\/12\/obra-3--300x200.jpg 300w, https:\/\/armstrongyregion.com.ar\/diario\/wp-content\/uploads\/2024\/12\/obra-3--768x512.jpg 768w, https:\/\/armstrongyregion.com.ar\/diario\/wp-content\/uploads\/2024\/12\/obra-3-.jpg 800w\" sizes=\"auto, (max-width: 640px) 100vw, 640px\" \/><\/figure>\n\n\n\n<p><br>De esta manera, el Gobierno Provincial da una se\u00f1al de cumplimiento con las distintas obras que<br>llevar\u00e1 adelante junto al Ministerio de Obras P\u00fablicas y la Direcci\u00f3n Provincial de Vialidad.<\/p>\n\n\n\n<figure class=\"wp-block-image size-large\"><img loading=\"lazy\" decoding=\"async\" width=\"640\" height=\"427\" src=\"http:\/\/armstrongyregion.com.ar\/diario\/wp-content\/uploads\/2024\/12\/obra-4--640x427.jpg\" alt=\"\" class=\"wp-image-45012\" srcset=\"https:\/\/armstrongyregion.com.ar\/diario\/wp-content\/uploads\/2024\/12\/obra-4--640x427.jpg 640w, https:\/\/armstrongyregion.com.ar\/diario\/wp-content\/uploads\/2024\/12\/obra-4--300x200.jpg 300w, https:\/\/armstrongyregion.com.ar\/diario\/wp-content\/uploads\/2024\/12\/obra-4-.jpg 738w\" sizes=\"auto, (max-width: 640px) 100vw, 640px\" \/><\/figure>\n\n\n\n<p><br>Participaron del acto el Ministro de Obras P\u00fablicas Lisandro Enrico, el Intendente Municipal de<br>Armstrong Guillermo Luzzi, el Senador por el Departamento Belgrano Pablo Verdecchia, el<br>Presidente del Concejo Municipal Alejandro Pertusati, el Administrador General de la Direcci\u00f3n<br>Provincial de Vialidad Pablo Seghezzo, el Sub Administrador Zona Sur de la Direcci\u00f3n Provincial de<br>Vialidad Benjam\u00edn Gianetti, el representante de la Empresa CONYLOG S.A. C\u00e9sar Timoszuk,<br>autoridades de Gobierno y municipio, y medios de comunicaci\u00f3n.<\/p>\n\n\n\n<figure class=\"wp-block-image size-large\"><img loading=\"lazy\" decoding=\"async\" width=\"640\" height=\"427\" src=\"http:\/\/armstrongyregion.com.ar\/diario\/wp-content\/uploads\/2024\/12\/obra-5--640x427.jpg\" alt=\"\" class=\"wp-image-45013\" srcset=\"https:\/\/armstrongyregion.com.ar\/diario\/wp-content\/uploads\/2024\/12\/obra-5--640x427.jpg 640w, https:\/\/armstrongyregion.com.ar\/diario\/wp-content\/uploads\/2024\/12\/obra-5--300x200.jpg 300w, https:\/\/armstrongyregion.com.ar\/diario\/wp-content\/uploads\/2024\/12\/obra-5-.jpg 738w\" sizes=\"auto, (max-width: 640px) 100vw, 640px\" \/><\/figure>\n\n\n\n<figure class=\"wp-block-image size-large\"><img loading=\"lazy\" decoding=\"async\" width=\"640\" height=\"427\" src=\"http:\/\/armstrongyregion.com.ar\/diario\/wp-content\/uploads\/2024\/12\/obra-6--640x427.jpg\" alt=\"\" class=\"wp-image-45014\" srcset=\"https:\/\/armstrongyregion.com.ar\/diario\/wp-content\/uploads\/2024\/12\/obra-6--640x427.jpg 640w, https:\/\/armstrongyregion.com.ar\/diario\/wp-content\/uploads\/2024\/12\/obra-6--300x200.jpg 300w, https:\/\/armstrongyregion.com.ar\/diario\/wp-content\/uploads\/2024\/12\/obra-6-.jpg 690w\" sizes=\"auto, (max-width: 640px) 100vw, 640px\" \/><\/figure>\n","protected":false},"excerpt":{"rendered":"<p>Armstrong. Se firm\u00f3 el acta de inicio de obra.<\/p>\n","protected":false},"author":1,"featured_media":45011,"comment_status":"open","ping_status":"open","sticky":false,"template":"","format":"image","meta":{"_jetpack_memberships_contains_paid_content":false,"footnotes":"","jetpack_publicize_message":"","jetpack_publicize_feature_enabled":true,"jetpack_social_post_already_shared":true,"jetpack_social_options":{"image_generator_settings":{"template":"highway","default_image_id":0,"enabled":false},"version":2}},"categories":[8,1,2,7,3],"tags":[3625,20,11298,5030,2376,174,635,86],"class_list":["post-45008","post","type-post","status-publish","format-image","has-post-thumbnail","hentry","category-deliberando","category-diario-armstrong","category-locales","category-politica","category-region","tag-acta","tag-armstrong","tag-calle-schaer","tag-diario-armstrong","tag-firmo","tag-inicio","tag-obra","tag-se","post_format-post-format-image"],"jetpack_publicize_connections":[],"jetpack_featured_media_url":"https:\/\/armstrongyregion.com.ar\/diario\/wp-content\/uploads\/2024\/12\/obra-3-.jpg","jetpack_shortlink":"https:\/\/wp.me\/p62QDO-bHW","jetpack_sharing_enabled":true,"amp_enabled":true,"_links":{"self":[{"href":"https:\/\/armstrongyregion.com.ar\/diario\/wp-json\/wp\/v2\/posts\/45008","targetHints":{"allow":["GET"]}}],"collection":[{"href":"https:\/\/armstrongyregion.com.ar\/diario\/wp-json\/wp\/v2\/posts"}],"about":[{"href":"https:\/\/armstrongyregion.com.ar\/diario\/wp-json\/wp\/v2\/types\/post"}],"author":[{"embeddable":true,"href":"https:\/\/armstrongyregion.com.ar\/diario\/wp-json\/wp\/v2\/users\/1"}],"replies":[{"embeddable":true,"href":"https:\/\/armstrongyregion.com.ar\/diario\/wp-json\/wp\/v2\/comments?post=45008"}],"version-history":[{"count":1,"href":"https:\/\/armstrongyregion.com.ar\/diario\/wp-json\/wp\/v2\/posts\/45008\/revisions"}],"predecessor-version":[{"id":45015,"href":"https:\/\/armstrongyregion.com.ar\/diario\/wp-json\/wp\/v2\/posts\/45008\/revisions\/45015"}],"wp:featuredmedia":[{"embeddable":true,"href":"https:\/\/armstrongyregion.com.ar\/diario\/wp-json\/wp\/v2\/media\/45011"}],"wp:attachment":[{"href":"https:\/\/armstrongyregion.com.ar\/diario\/wp-json\/wp\/v2\/media?parent=45008"}],"wp:term":[{"taxonomy":"category","embeddable":true,"href":"https:\/\/armstrongyregion.com.ar\/diario\/wp-json\/wp\/v2\/categories?post=45008"},{"taxonomy":"post_tag","embeddable":true,"href":"https:\/\/armstrongyregion.com.ar\/diario\/wp-json\/wp\/v2\/tags?post=45008"}],"curies":[{"name":"wp","href":"https:\/\/api.w.org\/{rel}","templated":true}]}}