{"id":44995,"date":"2024-12-18T14:57:07","date_gmt":"2024-12-18T14:57:07","guid":{"rendered":"https:\/\/armstrongyregion.com.ar\/diario\/?p=44995"},"modified":"2024-12-18T14:57:14","modified_gmt":"2024-12-18T14:57:14","slug":"se-acerca-la-navidad-y-la-duda-esta-instalada-mesa-adentro-o-mesa-afuera","status":"publish","type":"post","link":"https:\/\/armstrongyregion.com.ar\/diario\/se-acerca-la-navidad-y-la-duda-esta-instalada-mesa-adentro-o-mesa-afuera\/","title":{"rendered":"Se acerca la Navidad y la duda est\u00e1 instalada: \u00bfmesa adentro o mesa afuera?"},"content":{"rendered":"\n<figure class=\"wp-block-image size-large\"><img loading=\"lazy\" decoding=\"async\" width=\"640\" height=\"360\" src=\"http:\/\/armstrongyregion.com.ar\/diario\/wp-content\/uploads\/2024\/12\/mesa_adentro-640x360.jpg\" alt=\"\" class=\"wp-image-44996\" srcset=\"https:\/\/armstrongyregion.com.ar\/diario\/wp-content\/uploads\/2024\/12\/mesa_adentro-640x360.jpg 640w, https:\/\/armstrongyregion.com.ar\/diario\/wp-content\/uploads\/2024\/12\/mesa_adentro-300x169.jpg 300w, https:\/\/armstrongyregion.com.ar\/diario\/wp-content\/uploads\/2024\/12\/mesa_adentro-768x432.jpg 768w, https:\/\/armstrongyregion.com.ar\/diario\/wp-content\/uploads\/2024\/12\/mesa_adentro.jpg 800w\" sizes=\"auto, (max-width: 640px) 100vw, 640px\" \/><\/figure>\n\n\n\n<h2 class=\"wp-block-heading\">Falta apenas una semana. La fecha es un momento \u00fanico para muchas familias y la idea de que todo salga como fue previsto suele acarrear algunos dolores de cabeza.<\/h2>\n\n\n\n<p><strong>Una semana para la Nochebuena<\/strong>&nbsp;y la log\u00edstica familiar est\u00e1 en marcha. No solo qui\u00e9n se junta con qui\u00e9n, sino qu\u00e9 se come y d\u00f3nde. A eso hay que sumarle la duda de cada a\u00f1o:&nbsp;<strong>\u00bfMesa adentro o mesa afuera?<\/strong><\/p>\n\n\n\n<p>Ante esta cuesti\u00f3n, era necesario consultar a los especialistas. Desde&nbsp;<strong>el Sistema de Alerta Temprana<\/strong>&nbsp;dieron algunas pistas al m\u00f3vil de Telenoche, pero la cosa no est\u00e1 del todo clara porque a\u00fan puede cambiar.&nbsp;<\/p>\n\n\n\n<p><strong>\u00abA partir de ma\u00f1ana ingresaremos en un per\u00edodo de inestabilidad<\/strong>&nbsp;que se extiende hasta el martes o mi\u00e9rcoles.&nbsp;<strong>El 24 lo vamos a transcurrir con condiciones inestables<\/strong>\u00ab, expresaron.&nbsp;<\/p>\n\n\n\n<p>Y agregaron: \u00abSon probables\u00a0<strong>lluvias y tormentas durante las primeras horas<\/strong>\u00a0de la jornada y despu\u00e9s paulatinamente\u00a0<strong>mejorar\u00edan las condiciones hacia la noche<\/strong>\u00ab.<\/p>\n\n\n\n<p>Seg\u00fan los especialistas, estamos en un momento de mucha inestabilidad y cualquier cosa puede pasar. As\u00ed que si hay mucho deseo de que sea afuera, habr\u00e1 que preparar un toldito por las dudas<\/p>\n","protected":false},"excerpt":{"rendered":"<p>Se acerca la Navidad y la duda est\u00e1 instalada: \u00bfmesa adentro o mesa afuera?<\/p>\n","protected":false},"author":1,"featured_media":44996,"comment_status":"open","ping_status":"open","sticky":false,"template":"","format":"image","meta":{"_jetpack_memberships_contains_paid_content":false,"footnotes":"","jetpack_publicize_message":"","jetpack_publicize_feature_enabled":true,"jetpack_social_post_already_shared":true,"jetpack_social_options":{"image_generator_settings":{"template":"highway","default_image_id":0,"enabled":false},"version":2}},"categories":[8,1,2,7,3],"tags":[1764,5030,8777,10460,95],"class_list":["post-44995","post","type-post","status-publish","format-image","has-post-thumbnail","hentry","category-deliberando","category-diario-armstrong","category-locales","category-politica","category-region","tag-afuera","tag-diario-armstrong","tag-lic-graciela-de-la-casa","tag-mesa","tag-navidad","post_format-post-format-image"],"jetpack_publicize_connections":[],"jetpack_featured_media_url":"https:\/\/armstrongyregion.com.ar\/diario\/wp-content\/uploads\/2024\/12\/mesa_adentro.jpg","jetpack_shortlink":"https:\/\/wp.me\/p62QDO-bHJ","jetpack_sharing_enabled":true,"amp_enabled":true,"_links":{"self":[{"href":"https:\/\/armstrongyregion.com.ar\/diario\/wp-json\/wp\/v2\/posts\/44995","targetHints":{"allow":["GET"]}}],"collection":[{"href":"https:\/\/armstrongyregion.com.ar\/diario\/wp-json\/wp\/v2\/posts"}],"about":[{"href":"https:\/\/armstrongyregion.com.ar\/diario\/wp-json\/wp\/v2\/types\/post"}],"author":[{"embeddable":true,"href":"https:\/\/armstrongyregion.com.ar\/diario\/wp-json\/wp\/v2\/users\/1"}],"replies":[{"embeddable":true,"href":"https:\/\/armstrongyregion.com.ar\/diario\/wp-json\/wp\/v2\/comments?post=44995"}],"version-history":[{"count":1,"href":"https:\/\/armstrongyregion.com.ar\/diario\/wp-json\/wp\/v2\/posts\/44995\/revisions"}],"predecessor-version":[{"id":44997,"href":"https:\/\/armstrongyregion.com.ar\/diario\/wp-json\/wp\/v2\/posts\/44995\/revisions\/44997"}],"wp:featuredmedia":[{"embeddable":true,"href":"https:\/\/armstrongyregion.com.ar\/diario\/wp-json\/wp\/v2\/media\/44996"}],"wp:attachment":[{"href":"https:\/\/armstrongyregion.com.ar\/diario\/wp-json\/wp\/v2\/media?parent=44995"}],"wp:term":[{"taxonomy":"category","embeddable":true,"href":"https:\/\/armstrongyregion.com.ar\/diario\/wp-json\/wp\/v2\/categories?post=44995"},{"taxonomy":"post_tag","embeddable":true,"href":"https:\/\/armstrongyregion.com.ar\/diario\/wp-json\/wp\/v2\/tags?post=44995"}],"curies":[{"name":"wp","href":"https:\/\/api.w.org\/{rel}","templated":true}]}}