{"id":44989,"date":"2024-12-18T14:48:01","date_gmt":"2024-12-18T14:48:01","guid":{"rendered":"https:\/\/armstrongyregion.com.ar\/diario\/?p=44989"},"modified":"2024-12-18T14:48:03","modified_gmt":"2024-12-18T14:48:03","slug":"el-pdp-cumplio-110-anos-con-la-presencia-de-gdor-maximiliano-pullaro","status":"publish","type":"post","link":"https:\/\/armstrongyregion.com.ar\/diario\/el-pdp-cumplio-110-anos-con-la-presencia-de-gdor-maximiliano-pullaro\/","title":{"rendered":"El PDP cumpli\u00f3 110 A\u00f1os con la Presencia de Gdor Maximiliano Pullaro."},"content":{"rendered":"\n<figure class=\"wp-block-image size-large\"><img loading=\"lazy\" decoding=\"async\" width=\"572\" height=\"480\" src=\"http:\/\/armstrongyregion.com.ar\/diario\/wp-content\/uploads\/2024\/12\/Real-Pullaro--572x480.jpg\" alt=\"\" class=\"wp-image-44990\" srcset=\"https:\/\/armstrongyregion.com.ar\/diario\/wp-content\/uploads\/2024\/12\/Real-Pullaro--572x480.jpg 572w, https:\/\/armstrongyregion.com.ar\/diario\/wp-content\/uploads\/2024\/12\/Real-Pullaro--300x252.jpg 300w, https:\/\/armstrongyregion.com.ar\/diario\/wp-content\/uploads\/2024\/12\/Real-Pullaro-.jpg 720w\" sizes=\"auto, (max-width: 572px) 100vw, 572px\" \/><\/figure>\n\n\n\n<h2 class=\"wp-block-heading\"><strong>Asistieron ministros, legisladores provinciales, funcionarios del gobierno provincial y referentes pol\u00edticos de Unidos para cambiar Santa Fe<\/strong>.<\/h2>\n\n\n\n<p>El Partido Dem\u00f3crata Progresista cumpli\u00f3 110 a\u00f1os de vida institucional y fue la oportunidad para celebrar la historia, el presente y futuro de un espacio pol\u00edtico vigente, con sentido de pertenencia y arraigo en el federalismo.\u00a0El cumple se festej\u00f3 este \u00faltimo s\u00e1bado en la sede del partido en Rosario \u00a0con la presencia del gobernador Maximilano Pullaro.<br><br>\u201cAqu\u00ed en esta sede nos reunimos en 2023 para dar forma a Unidos para Cambiar Santa Fe que fue una realidad en el armado electoral y, lo m\u00e1s importante, se convirti\u00f3 en un programa de gobierno que est\u00e1 siendo ejecutado con fuerza, con presencia en el territorio para dar respuestas a los santafesinos. Tengo el orgullo de pertenecer a un Partido que entiende la virtud de la mirada federal, no se rinde ante los atajos y contin\u00faa en la senda de la vida institucional\u201d, dijo el Secretario General del Partido Dem\u00f3crata Progresista, Gabriel Real.<\/p>\n\n\n\n<p>Adem\u00e1s del gobernador de Santa Fe estuvieron correligionarios, Presidentes Comunales, Concejales del PDP que llegaron desde toda la provincia, ministros, legisladores provinciales, \u00a0funcionarios del gobierno provincial y referentes de diferentes espacios pol\u00edticos que conforman Unidos para Cambiar Santa Fe.<\/p>\n\n\n\n<p>Graciela De la Casa.<\/p>\n","protected":false},"excerpt":{"rendered":"<p>El PDP cumpli\u00f3 110 A\u00f1os con la Presencia de Gdor Pullaro.<\/p>\n","protected":false},"author":1,"featured_media":44990,"comment_status":"open","ping_status":"open","sticky":false,"template":"","format":"image","meta":{"_jetpack_memberships_contains_paid_content":false,"footnotes":"","jetpack_publicize_message":"","jetpack_publicize_feature_enabled":true,"jetpack_social_post_already_shared":true,"jetpack_social_options":{"image_generator_settings":{"template":"highway","default_image_id":0,"enabled":false},"version":2}},"categories":[8,1,2,7,3],"tags":[11294,9196,1553,5030,8777,11293,471,2846],"class_list":["post-44989","post","type-post","status-publish","format-image","has-post-thumbnail","hentry","category-deliberando","category-diario-armstrong","category-locales","category-politica","category-region","tag-110-anos","tag-clara-garcia","tag-cumplio","tag-diario-armstrong","tag-lic-graciela-de-la-casa","tag-pdp","tag-presencia","tag-pullaro","post_format-post-format-image"],"jetpack_publicize_connections":[],"jetpack_featured_media_url":"https:\/\/armstrongyregion.com.ar\/diario\/wp-content\/uploads\/2024\/12\/Real-Pullaro-.jpg","jetpack_shortlink":"https:\/\/wp.me\/p62QDO-bHD","jetpack_sharing_enabled":true,"amp_enabled":true,"_links":{"self":[{"href":"https:\/\/armstrongyregion.com.ar\/diario\/wp-json\/wp\/v2\/posts\/44989","targetHints":{"allow":["GET"]}}],"collection":[{"href":"https:\/\/armstrongyregion.com.ar\/diario\/wp-json\/wp\/v2\/posts"}],"about":[{"href":"https:\/\/armstrongyregion.com.ar\/diario\/wp-json\/wp\/v2\/types\/post"}],"author":[{"embeddable":true,"href":"https:\/\/armstrongyregion.com.ar\/diario\/wp-json\/wp\/v2\/users\/1"}],"replies":[{"embeddable":true,"href":"https:\/\/armstrongyregion.com.ar\/diario\/wp-json\/wp\/v2\/comments?post=44989"}],"version-history":[{"count":1,"href":"https:\/\/armstrongyregion.com.ar\/diario\/wp-json\/wp\/v2\/posts\/44989\/revisions"}],"predecessor-version":[{"id":44991,"href":"https:\/\/armstrongyregion.com.ar\/diario\/wp-json\/wp\/v2\/posts\/44989\/revisions\/44991"}],"wp:featuredmedia":[{"embeddable":true,"href":"https:\/\/armstrongyregion.com.ar\/diario\/wp-json\/wp\/v2\/media\/44990"}],"wp:attachment":[{"href":"https:\/\/armstrongyregion.com.ar\/diario\/wp-json\/wp\/v2\/media?parent=44989"}],"wp:term":[{"taxonomy":"category","embeddable":true,"href":"https:\/\/armstrongyregion.com.ar\/diario\/wp-json\/wp\/v2\/categories?post=44989"},{"taxonomy":"post_tag","embeddable":true,"href":"https:\/\/armstrongyregion.com.ar\/diario\/wp-json\/wp\/v2\/tags?post=44989"}],"curies":[{"name":"wp","href":"https:\/\/api.w.org\/{rel}","templated":true}]}}