{"id":44980,"date":"2024-12-18T14:44:00","date_gmt":"2024-12-18T14:44:00","guid":{"rendered":"https:\/\/armstrongyregion.com.ar\/diario\/?p=44980"},"modified":"2024-12-18T14:44:03","modified_gmt":"2024-12-18T14:44:03","slug":"celebramos-los-142-anos-de-nuestra-ciudad","status":"publish","type":"post","link":"https:\/\/armstrongyregion.com.ar\/diario\/celebramos-los-142-anos-de-nuestra-ciudad\/","title":{"rendered":"Celebramos los 142 a\u00f1os de nuestra ciudad."},"content":{"rendered":"\n<figure class=\"wp-block-image size-large\"><img loading=\"lazy\" decoding=\"async\" width=\"640\" height=\"426\" src=\"http:\/\/armstrongyregion.com.ar\/diario\/wp-content\/uploads\/2024\/12\/celebracion-1-a--640x426.jpg\" alt=\"\" class=\"wp-image-44981\" srcset=\"https:\/\/armstrongyregion.com.ar\/diario\/wp-content\/uploads\/2024\/12\/celebracion-1-a--640x426.jpg 640w, https:\/\/armstrongyregion.com.ar\/diario\/wp-content\/uploads\/2024\/12\/celebracion-1-a--300x200.jpg 300w, https:\/\/armstrongyregion.com.ar\/diario\/wp-content\/uploads\/2024\/12\/celebracion-1-a--768x512.jpg 768w, https:\/\/armstrongyregion.com.ar\/diario\/wp-content\/uploads\/2024\/12\/celebracion-1-a-.jpg 800w\" sizes=\"auto, (max-width: 640px) 100vw, 640px\" \/><\/figure>\n\n\n\n<p>Con una nueva edici\u00f3n de la fiesta Armstrong Tierra M\u00eda, nuestra ciudad festej\u00f3 sus 142 a\u00f1os<br>recordando aquel 14 de diciembre de 1882 cundo se firmara el primer boleto de compra venta por<br>un terreno.<\/p>\n\n\n\n<figure class=\"wp-block-image size-full\"><img loading=\"lazy\" decoding=\"async\" width=\"640\" height=\"427\" src=\"http:\/\/armstrongyregion.com.ar\/diario\/wp-content\/uploads\/2024\/12\/celebracion-2-.jpg\" alt=\"\" class=\"wp-image-44982\" srcset=\"https:\/\/armstrongyregion.com.ar\/diario\/wp-content\/uploads\/2024\/12\/celebracion-2-.jpg 640w, https:\/\/armstrongyregion.com.ar\/diario\/wp-content\/uploads\/2024\/12\/celebracion-2--300x200.jpg 300w\" sizes=\"auto, (max-width: 640px) 100vw, 640px\" \/><\/figure>\n\n\n\n<p><br>La celebraci\u00f3n comenz\u00f3 el s\u00e1bado 14 con producciones audiovisuales, la participaci\u00f3n de alumnos<br>de 3\u00b0 grado A y B de la Escuela N\u00b0 600 con globos, torta, el cumplea\u00f1os feliz, y la presentaci\u00f3n de<br>talentosos artistas armstronenses y de la regi\u00f3n: Grupo de danzas \u201cAires de Tradici\u00f3n\u201d a cargo de la<br>Prof. Glenda Pieve, Banda del Conservatorio Municipal de M\u00fasica con la direcci\u00f3n de los Prof.<br>Valent\u00edn M\u00e1rquez y Joaqu\u00edn Mart\u00ednez, Grupo de danzas folcl\u00f3ricas \u201cFrancisco Maldonado\u201d a cargo<br>del Prof. Nuny Maldonado, Grupo \u201cCruz del Sur\u201d, Grupo de danzas de adultos \u201cPeregrinas\u201d del C.T. El<br>Tropero dirigidas por la Prof. Mercedes Bylo, Grupo de danzas latinoamericanas \u201cWarmi\u201d con la Prof.<br>Soledad G\u00f3mez, Universo Conservatorio bajo la direcci\u00f3n general del Prof. Cristian Gualtieri, grupo<br>Q\u00b4Man\u00eda, y el DJ B\u00fafalo Soldier.<\/p>\n\n\n\n<figure class=\"wp-block-image size-large\"><img loading=\"lazy\" decoding=\"async\" width=\"640\" height=\"426\" src=\"http:\/\/armstrongyregion.com.ar\/diario\/wp-content\/uploads\/2024\/12\/celebracion-3--640x426.jpg\" alt=\"\" class=\"wp-image-44983\" srcset=\"https:\/\/armstrongyregion.com.ar\/diario\/wp-content\/uploads\/2024\/12\/celebracion-3--640x426.jpg 640w, https:\/\/armstrongyregion.com.ar\/diario\/wp-content\/uploads\/2024\/12\/celebracion-3--300x200.jpg 300w, https:\/\/armstrongyregion.com.ar\/diario\/wp-content\/uploads\/2024\/12\/celebracion-3--768x512.jpg 768w, https:\/\/armstrongyregion.com.ar\/diario\/wp-content\/uploads\/2024\/12\/celebracion-3-.jpg 800w\" sizes=\"auto, (max-width: 640px) 100vw, 640px\" \/><\/figure>\n\n\n\n<p><br>El domingo 15, multitudinario desfile c\u00edvico donde se destac\u00f3 la presencia del Gobernador de Santa<br>Fe Maximiliano Pullaro, y compuesto por autoridades, instituciones, empresas, comercios,<br>deportistas, veh\u00edculos y, ya en plaza San Mart\u00edn se reconoci\u00f3 a los deportistas destacados de 2024,<br>propuestos por las instituciones deportivas.<\/p>\n\n\n\n<figure class=\"wp-block-image size-large\"><img loading=\"lazy\" decoding=\"async\" width=\"640\" height=\"426\" src=\"http:\/\/armstrongyregion.com.ar\/diario\/wp-content\/uploads\/2024\/12\/celebracion-6--640x426.jpg\" alt=\"\" class=\"wp-image-44984\" srcset=\"https:\/\/armstrongyregion.com.ar\/diario\/wp-content\/uploads\/2024\/12\/celebracion-6--640x426.jpg 640w, https:\/\/armstrongyregion.com.ar\/diario\/wp-content\/uploads\/2024\/12\/celebracion-6--300x200.jpg 300w, https:\/\/armstrongyregion.com.ar\/diario\/wp-content\/uploads\/2024\/12\/celebracion-6--768x512.jpg 768w, https:\/\/armstrongyregion.com.ar\/diario\/wp-content\/uploads\/2024\/12\/celebracion-6-.jpg 800w\" sizes=\"auto, (max-width: 640px) 100vw, 640px\" \/><\/figure>\n\n\n\n<p><br>La programaci\u00f3n art\u00edstica se sucedi\u00f3 con Ballet Infantil y Ballet \u201cEl Tropero\u201d dirigidos por Alejandra<br>Cabrera y Franco Arisa, Grupo Relax Tributo a Virus, Fundaci\u00f3n Bemba Color\u00e1 bajo la direcci\u00f3n del<br>Prof. Mauricio Verstraete, Escuela de Rock Armstrong a cargo del Maestro Daniel Moccicafreddo, y<br>el cierre junto a pura fiesta con la banda cordobesa Dale Q\u00b4Va.<\/p>\n\n\n\n<figure class=\"wp-block-image size-large\"><img loading=\"lazy\" decoding=\"async\" width=\"640\" height=\"426\" src=\"http:\/\/armstrongyregion.com.ar\/diario\/wp-content\/uploads\/2024\/12\/celebracion-4--640x426.jpg\" alt=\"\" class=\"wp-image-44985\" srcset=\"https:\/\/armstrongyregion.com.ar\/diario\/wp-content\/uploads\/2024\/12\/celebracion-4--640x426.jpg 640w, https:\/\/armstrongyregion.com.ar\/diario\/wp-content\/uploads\/2024\/12\/celebracion-4--300x200.jpg 300w, https:\/\/armstrongyregion.com.ar\/diario\/wp-content\/uploads\/2024\/12\/celebracion-4--768x512.jpg 768w, https:\/\/armstrongyregion.com.ar\/diario\/wp-content\/uploads\/2024\/12\/celebracion-4-.jpg 800w\" sizes=\"auto, (max-width: 640px) 100vw, 640px\" \/><\/figure>\n\n\n\n<p><br>Buffets con patios de comida atendidos por los clubes, la muestra est\u00e1tica de la maquinaria agr\u00edcola,<br>m\u00e1s de 60 artesanos y emprendedores sobre calle Tom\u00e1s Dean, y un espacio para producciones<br>infantiles con peloteros y atriles de arte donde chicos y grandes dejaron plasmados sus mensajes<br>para nuestra ciudad.<\/p>\n\n\n\n<figure class=\"wp-block-image size-large\"><img loading=\"lazy\" decoding=\"async\" width=\"640\" height=\"426\" src=\"http:\/\/armstrongyregion.com.ar\/diario\/wp-content\/uploads\/2024\/12\/celebracion-5--640x426.jpg\" alt=\"\" class=\"wp-image-44986\" srcset=\"https:\/\/armstrongyregion.com.ar\/diario\/wp-content\/uploads\/2024\/12\/celebracion-5--640x426.jpg 640w, https:\/\/armstrongyregion.com.ar\/diario\/wp-content\/uploads\/2024\/12\/celebracion-5--300x200.jpg 300w, https:\/\/armstrongyregion.com.ar\/diario\/wp-content\/uploads\/2024\/12\/celebracion-5--768x512.jpg 768w, https:\/\/armstrongyregion.com.ar\/diario\/wp-content\/uploads\/2024\/12\/celebracion-5-.jpg 800w\" sizes=\"auto, (max-width: 640px) 100vw, 640px\" \/><\/figure>\n\n\n\n<p><br>Una fiesta que se disfrut\u00f3 de principio a fin con la plaza colmada de p\u00fablico y donde todos fuimos<br>parte, como lo hacemos todos los d\u00edas cada uno desde su lugar, aportando nuestro granito de arena<br>para que Armstrong siga creciendo a pasos agigantados.<\/p>\n\n\n\n<figure class=\"wp-block-image size-large\"><img loading=\"lazy\" decoding=\"async\" width=\"640\" height=\"426\" src=\"http:\/\/armstrongyregion.com.ar\/diario\/wp-content\/uploads\/2024\/12\/celebracion-6-1-1-640x426.jpg\" alt=\"\" class=\"wp-image-44987\" srcset=\"https:\/\/armstrongyregion.com.ar\/diario\/wp-content\/uploads\/2024\/12\/celebracion-6-1-1-640x426.jpg 640w, https:\/\/armstrongyregion.com.ar\/diario\/wp-content\/uploads\/2024\/12\/celebracion-6-1-1-300x200.jpg 300w, https:\/\/armstrongyregion.com.ar\/diario\/wp-content\/uploads\/2024\/12\/celebracion-6-1-1-768x512.jpg 768w, https:\/\/armstrongyregion.com.ar\/diario\/wp-content\/uploads\/2024\/12\/celebracion-6-1-1.jpg 800w\" sizes=\"auto, (max-width: 640px) 100vw, 640px\" \/><\/figure>\n","protected":false},"excerpt":{"rendered":"<p>Celebramos los 142 a\u00f1os de nuestra ciudad.<\/p>\n","protected":false},"author":1,"featured_media":44987,"comment_status":"open","ping_status":"open","sticky":false,"template":"","format":"image","meta":{"_jetpack_memberships_contains_paid_content":false,"footnotes":"","jetpack_publicize_message":"","jetpack_publicize_feature_enabled":true,"jetpack_social_post_already_shared":true,"jetpack_social_options":{"image_generator_settings":{"template":"highway","default_image_id":0,"enabled":false},"version":2}},"categories":[8,1,2,7,3],"tags":[11290,20,11292,11291,5030,841,8777],"class_list":["post-44980","post","type-post","status-publish","format-image","has-post-thumbnail","hentry","category-deliberando","category-diario-armstrong","category-locales","category-politica","category-region","tag-142-anos","tag-armstrong","tag-armstrong-tierra-mia-2","tag-celebracion","tag-diario-armstrong","tag-festejos","tag-lic-graciela-de-la-casa","post_format-post-format-image"],"jetpack_publicize_connections":[],"jetpack_featured_media_url":"https:\/\/armstrongyregion.com.ar\/diario\/wp-content\/uploads\/2024\/12\/celebracion-6-1-1.jpg","jetpack_shortlink":"https:\/\/wp.me\/p62QDO-bHu","jetpack_sharing_enabled":true,"amp_enabled":true,"_links":{"self":[{"href":"https:\/\/armstrongyregion.com.ar\/diario\/wp-json\/wp\/v2\/posts\/44980","targetHints":{"allow":["GET"]}}],"collection":[{"href":"https:\/\/armstrongyregion.com.ar\/diario\/wp-json\/wp\/v2\/posts"}],"about":[{"href":"https:\/\/armstrongyregion.com.ar\/diario\/wp-json\/wp\/v2\/types\/post"}],"author":[{"embeddable":true,"href":"https:\/\/armstrongyregion.com.ar\/diario\/wp-json\/wp\/v2\/users\/1"}],"replies":[{"embeddable":true,"href":"https:\/\/armstrongyregion.com.ar\/diario\/wp-json\/wp\/v2\/comments?post=44980"}],"version-history":[{"count":1,"href":"https:\/\/armstrongyregion.com.ar\/diario\/wp-json\/wp\/v2\/posts\/44980\/revisions"}],"predecessor-version":[{"id":44988,"href":"https:\/\/armstrongyregion.com.ar\/diario\/wp-json\/wp\/v2\/posts\/44980\/revisions\/44988"}],"wp:featuredmedia":[{"embeddable":true,"href":"https:\/\/armstrongyregion.com.ar\/diario\/wp-json\/wp\/v2\/media\/44987"}],"wp:attachment":[{"href":"https:\/\/armstrongyregion.com.ar\/diario\/wp-json\/wp\/v2\/media?parent=44980"}],"wp:term":[{"taxonomy":"category","embeddable":true,"href":"https:\/\/armstrongyregion.com.ar\/diario\/wp-json\/wp\/v2\/categories?post=44980"},{"taxonomy":"post_tag","embeddable":true,"href":"https:\/\/armstrongyregion.com.ar\/diario\/wp-json\/wp\/v2\/tags?post=44980"}],"curies":[{"name":"wp","href":"https:\/\/api.w.org\/{rel}","templated":true}]}}