{"id":44962,"date":"2024-12-16T12:10:16","date_gmt":"2024-12-16T12:10:16","guid":{"rendered":"https:\/\/armstrongyregion.com.ar\/diario\/?p=44962"},"modified":"2024-12-16T12:10:18","modified_gmt":"2024-12-16T12:10:18","slug":"puccini-agroactiva-ademas-de-produccion-es-federalismo","status":"publish","type":"post","link":"https:\/\/armstrongyregion.com.ar\/diario\/puccini-agroactiva-ademas-de-produccion-es-federalismo\/","title":{"rendered":"Puccini: \u201cAgroactiva, adem\u00e1s de producci\u00f3n, es federalismo\u201d"},"content":{"rendered":"\n\n\n<p>As\u00ed lo indic\u00f3 el ministro de Desarrollo Productivo en la presentaci\u00f3n de la edici\u00f3n 2025, que se realiz\u00f3 en Rosario. La megamuestra del campo se desarrollar\u00e1 del 4 al 7 de junio pr\u00f3ximos en Armstrong, y promete sumar novedades y espacios.<\/p>\n\n\n\n<p>El ministro de Desarrollo Productivo, Gustavo Puccini, y la directora de Agroactiva, Rosana Nardi, presentaron Agroactiva 2025, la megamuestra del campo que se desarrollar\u00e1 del 4 al 7 de junio de 2025 en Armstrong, y en su nueva edici\u00f3n promete sumar novedades y espacios.<\/p>\n\n\n\n<p>Cabe destacar que la edici\u00f3n 2024 recibi\u00f3 a m\u00e1s de 270.000 visitantes y a la tradicional concurrencia de p\u00fablico de Santa Fe, C\u00f3rdoba y Entre R\u00edos, se sum\u00f3 una importante cantidad de visitantes proveniente de la provincia de Buenos Aires y de CABA. La actividad se realiz\u00f3 en Sala Walsh de la Sede de Gobierno de Rosario y tambi\u00e9n estuvieron presentes el intendente de Armstrong, Guillermo Luzzi; empresarios y otras autoridades provinciales y municipales.<\/p>\n\n\n\n<p>En la oportunidad, el ministro Puccini calific\u00f3 a Agroactiva como \u201cla exposici\u00f3n a cielo abierto m\u00e1s grande de la Argentina y de Latinoam\u00e9rica. Y de eso los santafesinos nos sentimos m\u00e1s que orgullosos\u201d, dijo y agreg\u00f3: \u201cPara la provincia de Santa Fe, para el pa\u00eds, Agroactiva es muy importante. Por eso venimos a acompa\u00f1ar. Tambi\u00e9n estuvimos en el \u00e9xito que fue este a\u00f1o, nos acompa\u00f1\u00f3 el clima, fue much\u00edsima gente y tuvimos una gran presencia como provincia de Santa Fe y tambi\u00e9n como Regi\u00f3n Centro\u201d.<\/p>\n\n\n\n<p>Luego, destac\u00f3: \u201cAgroactiva tambi\u00e9n es el federalismo. Muchas veces ped\u00edamos que se mire desde los centros urbanos al interior, qu\u00e9 es lo que producimos, qu\u00e9 es lo que hacemos, c\u00f3mo lo producimos y la calidad con que lo hacemos. Y eso es lo que defendemos. Y lo defendimos este a\u00f1o que fue bastante complejo, porque arrancamos el a\u00f1o teniendo que ir a explicarle al Gobierno nacional que aumentaba retenciones al campo y pon\u00eda retenciones a la industria, que mucho de lo que se expon\u00eda all\u00ed iba a dejar de exportarse e \u00edbamos a perder mercados internacionales. El gobierno entendi\u00f3 que no era el camino pero seguimos tambi\u00e9n reclamando muchas cosas para el campo\u201d.<\/p>\n\n\n\n<p>En el mismo sentido, el funcionario manifest\u00f3: \u201cSi las retenciones no se quitan, Santa Fe discute el uso de las retenciones, a d\u00f3nde van los fondos. Porque en el interior productivo, en el interior profundo, hacen falta muchas obras de infraestructura para que nuestro campo mejore la productividad, mejore competitividad, para que nuestros puertos tengan mejor salida de nuestras producciones\u201d. \u201cSanta Fe lo dice parada desde un lugar importante: fue la \u00fanica provincia en el pa\u00eds que no detuvo la obra p\u00fablica y que hizo inversiones por m\u00e1s de 500 millones de d\u00f3lares. Y el a\u00f1o que viene lo queremos hacer por 1.500 millones de d\u00f3lares, todo volcado a infraestructura, porque es la forma de acompa\u00f1ar a nuestro campo, de acompa\u00f1ar a nuestra industria, pero tambi\u00e9n de acompa\u00f1ar a nuestros comercios y a los emprendedores\u201d, concluy\u00f3.<\/p>\n\n\n\n<p>Compromiso con la producci\u00f3n<\/p>\n\n\n\n<p>Por su parte, Nardi agradeci\u00f3 al gobernador Maximiliano Pullaro y al ministro Puccini \u201cpor trabajar al servicio de la producci\u00f3n santafesina\u201d y a todos los funcionarios del gobierno porque \u201cayudan e impulsan para que todos los a\u00f1os presentemos la mejor versi\u00f3n de Agroactiva\u201d. Asimismo, explic\u00f3 c\u00f3mo creci\u00f3 la muestra en el \u00faltimo a\u00f1o: \u201cEl plano que ven\u00edamos usando en los \u00faltimos a\u00f1os nos qued\u00f3 chico. Faltando 7 meses para la pr\u00f3xima edici\u00f3n de Agroactiva, ya hab\u00edamos vendido todo, todos los espacios ocupados. El 30% de nuestros clientes ampliaron superficie, se sumaron 52 empresas nuevas, seguimos vendiendo y se siguen sumando empresas porque ampliamos 18.000 metros cuadrados y estamos haciendo m\u00e1s obras en nuestro predio\u201d.<\/p>\n\n\n\n<p>Finalmente, el intendente de Armstrong, Guillermo Luzzi, remarc\u00f3: \u201cEs una alegr\u00eda enorme estar en la presentaci\u00f3n de una nueva edici\u00f3n de una de las muestras m\u00e1s grandes del pa\u00eds. Realmente hablar de Agroactiva es hablar de crecimiento y ese crecimiento nos tira a nosotros como ciudad y tambi\u00e9n a la provincia y al pa\u00eds Agroactiva supo elegir bien el lugar, eligi\u00f3 Armstrong\u201d. \u201cFelicitamos por el empuje y por tirar a favor de la provincia, esta provincia que este a\u00f1o creci\u00f3 abruptamente y va a seguir por el mismo camino\u201d, agreg\u00f3.<\/p>\n","protected":false},"excerpt":{"rendered":"<p>As\u00ed lo indic\u00f3 el ministro de Desarrollo Productivo en la presentaci\u00f3n de la edici\u00f3n 2025, que se realiz\u00f3 en Rosario. La megamuestra del campo se desarrollar\u00e1 del 4 al 7 de junio pr\u00f3ximos en Armstrong, y promete sumar novedades y espacios. El ministro de Desarrollo Productivo, Gustavo Puccini, y la directora de Agroactiva, Rosana Nardi, <a href=\"https:\/\/armstrongyregion.com.ar\/diario\/puccini-agroactiva-ademas-de-produccion-es-federalismo\/\" title=\"Read more\" >&#8230;<\/a><\/p>\n","protected":false},"author":2,"featured_media":44963,"comment_status":"closed","ping_status":"closed","sticky":false,"template":"","format":"image","meta":{"_jetpack_memberships_contains_paid_content":false,"footnotes":"","jetpack_publicize_message":"","jetpack_publicize_feature_enabled":false,"jetpack_social_post_already_shared":false,"jetpack_social_options":{"image_generator_settings":{"template":"highway","enabled":false},"version":2}},"categories":[1],"tags":[],"class_list":["post-44962","post","type-post","status-publish","format-image","has-post-thumbnail","hentry","category-diario-armstrong","post_format-post-format-image"],"jetpack_publicize_connections":[],"jetpack_featured_media_url":"https:\/\/armstrongyregion.com.ar\/diario\/wp-content\/uploads\/2024\/12\/agroactiva.jpg","jetpack_shortlink":"https:\/\/wp.me\/p62QDO-bHc","jetpack_sharing_enabled":true,"amp_enabled":true,"_links":{"self":[{"href":"https:\/\/armstrongyregion.com.ar\/diario\/wp-json\/wp\/v2\/posts\/44962","targetHints":{"allow":["GET"]}}],"collection":[{"href":"https:\/\/armstrongyregion.com.ar\/diario\/wp-json\/wp\/v2\/posts"}],"about":[{"href":"https:\/\/armstrongyregion.com.ar\/diario\/wp-json\/wp\/v2\/types\/post"}],"author":[{"embeddable":true,"href":"https:\/\/armstrongyregion.com.ar\/diario\/wp-json\/wp\/v2\/users\/2"}],"replies":[{"embeddable":true,"href":"https:\/\/armstrongyregion.com.ar\/diario\/wp-json\/wp\/v2\/comments?post=44962"}],"version-history":[{"count":1,"href":"https:\/\/armstrongyregion.com.ar\/diario\/wp-json\/wp\/v2\/posts\/44962\/revisions"}],"predecessor-version":[{"id":44964,"href":"https:\/\/armstrongyregion.com.ar\/diario\/wp-json\/wp\/v2\/posts\/44962\/revisions\/44964"}],"wp:featuredmedia":[{"embeddable":true,"href":"https:\/\/armstrongyregion.com.ar\/diario\/wp-json\/wp\/v2\/media\/44963"}],"wp:attachment":[{"href":"https:\/\/armstrongyregion.com.ar\/diario\/wp-json\/wp\/v2\/media?parent=44962"}],"wp:term":[{"taxonomy":"category","embeddable":true,"href":"https:\/\/armstrongyregion.com.ar\/diario\/wp-json\/wp\/v2\/categories?post=44962"},{"taxonomy":"post_tag","embeddable":true,"href":"https:\/\/armstrongyregion.com.ar\/diario\/wp-json\/wp\/v2\/tags?post=44962"}],"curies":[{"name":"wp","href":"https:\/\/api.w.org\/{rel}","templated":true}]}}