{"id":44952,"date":"2024-12-12T21:11:12","date_gmt":"2024-12-12T21:11:12","guid":{"rendered":"https:\/\/armstrongyregion.com.ar\/diario\/?p=44952"},"modified":"2024-12-12T21:35:49","modified_gmt":"2024-12-12T21:35:49","slug":"vicepresidencia-segunda-del-concejo-acefala-por-que","status":"publish","type":"post","link":"https:\/\/armstrongyregion.com.ar\/diario\/vicepresidencia-segunda-del-concejo-acefala-por-que\/","title":{"rendered":"Vicepresidencia segunda del concejo ac\u00e9fala por que?"},"content":{"rendered":"\n<figure class=\"wp-block-image size-full\"><img loading=\"lazy\" decoding=\"async\" width=\"378\" height=\"321\" src=\"http:\/\/armstrongyregion.com.ar\/diario\/wp-content\/uploads\/2024\/11\/Emi-Gramigna-Octubre-24-1.jpg\" alt=\"\" class=\"wp-image-44773\" srcset=\"https:\/\/armstrongyregion.com.ar\/diario\/wp-content\/uploads\/2024\/11\/Emi-Gramigna-Octubre-24-1.jpg 378w, https:\/\/armstrongyregion.com.ar\/diario\/wp-content\/uploads\/2024\/11\/Emi-Gramigna-Octubre-24-1-300x255.jpg 300w\" sizes=\"auto, (max-width: 378px) 100vw, 378px\" \/><\/figure>\n\n\n\n<p>Con relaci\u00f3n a la elecci\u00f3n de las nuevas autoridades del Concejo y la postura de su bloque lo explic\u00f3 Emiliano Gramigna:<strong> \u201cNosotros lo planteamos en las preparatorias ya que cre\u00edamos que nuestra<br>fuerza pol\u00edtica deb\u00eda tener la vicepresidencia primera del Concejo, no obstante no tuvimos el consenso para que sea as\u00ed, ya que el oficialismo respald\u00f3 otra opci\u00f3n y no nos dio la posibilidad de  representar al electorado como lo es en este recinto, la composici\u00f3n de este cuerpo es el reflejo de lo que la gente hace en las urnas. Nosotros creemos de que el concejo m\u00e1s all\u00e1 de los consensos y de las charlas no debe ser una escriban\u00eda.\u201d<\/strong><\/p>\n","protected":false},"excerpt":{"rendered":"<p>Vicepresidencia segunda del concejo ac\u00e9fala por que?<\/p>\n","protected":false},"author":1,"featured_media":44773,"comment_status":"open","ping_status":"open","sticky":false,"template":"","format":"image","meta":{"_jetpack_memberships_contains_paid_content":false,"footnotes":"","jetpack_publicize_message":"","jetpack_publicize_feature_enabled":true,"jetpack_social_post_already_shared":true,"jetpack_social_options":{"image_generator_settings":{"template":"highway","default_image_id":0,"enabled":false},"version":2}},"categories":[8,1,2,7,3],"tags":[11286,20,11285,5030,9423,11287,1527,11284],"class_list":["post-44952","post","type-post","status-publish","format-image","has-post-thumbnail","hentry","category-deliberando","category-diario-armstrong","category-locales","category-politica","category-region","tag-acefala","tag-armstrong","tag-del-concejo","tag-diario-armstrong","tag-emiliano-gramigna","tag-porque-2","tag-segunda","tag-vicepresidencia","post_format-post-format-image"],"jetpack_publicize_connections":[],"jetpack_featured_media_url":"https:\/\/armstrongyregion.com.ar\/diario\/wp-content\/uploads\/2024\/11\/Emi-Gramigna-Octubre-24-1.jpg","jetpack_shortlink":"https:\/\/wp.me\/p62QDO-bH2","jetpack_sharing_enabled":true,"amp_enabled":true,"_links":{"self":[{"href":"https:\/\/armstrongyregion.com.ar\/diario\/wp-json\/wp\/v2\/posts\/44952","targetHints":{"allow":["GET"]}}],"collection":[{"href":"https:\/\/armstrongyregion.com.ar\/diario\/wp-json\/wp\/v2\/posts"}],"about":[{"href":"https:\/\/armstrongyregion.com.ar\/diario\/wp-json\/wp\/v2\/types\/post"}],"author":[{"embeddable":true,"href":"https:\/\/armstrongyregion.com.ar\/diario\/wp-json\/wp\/v2\/users\/1"}],"replies":[{"embeddable":true,"href":"https:\/\/armstrongyregion.com.ar\/diario\/wp-json\/wp\/v2\/comments?post=44952"}],"version-history":[{"count":2,"href":"https:\/\/armstrongyregion.com.ar\/diario\/wp-json\/wp\/v2\/posts\/44952\/revisions"}],"predecessor-version":[{"id":44960,"href":"https:\/\/armstrongyregion.com.ar\/diario\/wp-json\/wp\/v2\/posts\/44952\/revisions\/44960"}],"wp:featuredmedia":[{"embeddable":true,"href":"https:\/\/armstrongyregion.com.ar\/diario\/wp-json\/wp\/v2\/media\/44773"}],"wp:attachment":[{"href":"https:\/\/armstrongyregion.com.ar\/diario\/wp-json\/wp\/v2\/media?parent=44952"}],"wp:term":[{"taxonomy":"category","embeddable":true,"href":"https:\/\/armstrongyregion.com.ar\/diario\/wp-json\/wp\/v2\/categories?post=44952"},{"taxonomy":"post_tag","embeddable":true,"href":"https:\/\/armstrongyregion.com.ar\/diario\/wp-json\/wp\/v2\/tags?post=44952"}],"curies":[{"name":"wp","href":"https:\/\/api.w.org\/{rel}","templated":true}]}}