{"id":44944,"date":"2024-12-12T20:56:26","date_gmt":"2024-12-12T20:56:26","guid":{"rendered":"https:\/\/armstrongyregion.com.ar\/diario\/?p=44944"},"modified":"2024-12-12T20:56:29","modified_gmt":"2024-12-12T20:56:29","slug":"la-casa-por-la-ventana-montes-de-oca-celebro-una-nueva-edicion-de-su-tradicional-fiesta-provincial-del-asador","status":"publish","type":"post","link":"https:\/\/armstrongyregion.com.ar\/diario\/la-casa-por-la-ventana-montes-de-oca-celebro-una-nueva-edicion-de-su-tradicional-fiesta-provincial-del-asador\/","title":{"rendered":"\u00a1La casa por la ventana! Montes de Oca celebr\u00f3 una nueva edici\u00f3n de su tradicional Fiesta Provincial del Asador.\u00a0"},"content":{"rendered":"\n<figure class=\"wp-block-image size-large\"><img loading=\"lazy\" decoding=\"async\" width=\"640\" height=\"426\" src=\"http:\/\/armstrongyregion.com.ar\/diario\/wp-content\/uploads\/2024\/12\/fiesta-asador-1-a-640x426.jpg\" alt=\"\" class=\"wp-image-44945\" srcset=\"https:\/\/armstrongyregion.com.ar\/diario\/wp-content\/uploads\/2024\/12\/fiesta-asador-1-a-640x426.jpg 640w, https:\/\/armstrongyregion.com.ar\/diario\/wp-content\/uploads\/2024\/12\/fiesta-asador-1-a-300x200.jpg 300w, https:\/\/armstrongyregion.com.ar\/diario\/wp-content\/uploads\/2024\/12\/fiesta-asador-1-a.jpg 671w\" sizes=\"auto, (max-width: 640px) 100vw, 640px\" \/><\/figure>\n\n\n\n<p>\u00a0Primero lo primero, detalle no menor, este a\u00f1o la Fiesta tuvo dos jornadas con propuestas muy diferentes una de otra, tanto gastron\u00f3mica como art\u00edstica. <\/p>\n\n\n\n<figure class=\"wp-block-image size-full\"><img loading=\"lazy\" decoding=\"async\" width=\"540\" height=\"360\" src=\"http:\/\/armstrongyregion.com.ar\/diario\/wp-content\/uploads\/2024\/12\/fiesta-asador-1-.jpg\" alt=\"\" class=\"wp-image-44946\" srcset=\"https:\/\/armstrongyregion.com.ar\/diario\/wp-content\/uploads\/2024\/12\/fiesta-asador-1-.jpg 540w, https:\/\/armstrongyregion.com.ar\/diario\/wp-content\/uploads\/2024\/12\/fiesta-asador-1--300x200.jpg 300w\" sizes=\"auto, (max-width: 540px) 100vw, 540px\" \/><\/figure>\n\n\n\n<p>El viernes tuvo que ver con el desaf\u00edo de asadores internacionales, y un patio de comidas al disco del que participaron tambi\u00e9n diferentes instituciones monteoquinas. <\/p>\n\n\n\n<figure class=\"wp-block-image size-full\"><img loading=\"lazy\" decoding=\"async\" width=\"540\" height=\"360\" src=\"http:\/\/armstrongyregion.com.ar\/diario\/wp-content\/uploads\/2024\/12\/fiesta-asador-2-.jpg\" alt=\"\" class=\"wp-image-44947\" srcset=\"https:\/\/armstrongyregion.com.ar\/diario\/wp-content\/uploads\/2024\/12\/fiesta-asador-2-.jpg 540w, https:\/\/armstrongyregion.com.ar\/diario\/wp-content\/uploads\/2024\/12\/fiesta-asador-2--300x200.jpg 300w\" sizes=\"auto, (max-width: 540px) 100vw, 540px\" \/><\/figure>\n\n\n\n<p>El escenario arranc\u00f3 local, y termin\u00f3 a toda m\u00e1quina con Pr\u00edncipes de la Cumbia y Q Man\u00eda que hicieron mover a cada una de las 2000 personas que poblaron el predio. <\/p>\n\n\n\n<figure class=\"wp-block-image size-full\"><img loading=\"lazy\" decoding=\"async\" width=\"540\" height=\"360\" src=\"http:\/\/armstrongyregion.com.ar\/diario\/wp-content\/uploads\/2024\/12\/fiesta-asador-4.jpg\" alt=\"\" class=\"wp-image-44948\" srcset=\"https:\/\/armstrongyregion.com.ar\/diario\/wp-content\/uploads\/2024\/12\/fiesta-asador-4.jpg 540w, https:\/\/armstrongyregion.com.ar\/diario\/wp-content\/uploads\/2024\/12\/fiesta-asador-4-300x200.jpg 300w\" sizes=\"auto, (max-width: 540px) 100vw, 540px\" \/><\/figure>\n\n\n\n<p>El s\u00e1bado fue sin dudas la gran jornada, tan temprano como las 7 de la ma\u00f1ana ya estaba LT23 transmitiendo en vivo mientras las parcelas comenzaron a ser ocupadas por las 98 parejas que participaron del concurso de asadores a la estaca.<\/p>\n\n\n\n<p> A las 19 arranc\u00f3 el escenario, que no tuvo desperdicio, Azul Saita, Pirulo, Los Lirios y Los Nocheros fueron los n\u00fameros m\u00e1s convocantes, junto a la Compa\u00f1\u00eda Alma Argentina que estuvo, como siempre, a la altura de la circunstancia.<\/p>\n\n\n\n<p> La fiesta se engalan\u00f3 tambi\u00e9n con la visita del Gobernador Maximiliano Pullaro, que lleg\u00f3 acompa\u00f1ado de Ministro de Desarrollo Productivo de Santa Fe Gustavo Puccini, quienes fueron recibidos por Pablo Verdecchia, y Emanuel Sagripanti. Sobre el concurso de asadores a la estaca, como lo dijimos, tuvo 196 participantes nacionales e internaciones, de absolutamente todos los puntos cardinales. Los ganadores fueron locales, Bruno portillo y Lautaro Siemenas. <\/p>\n\n\n\n<p>En definitiva, la vara qued\u00f3 muy alta para el 2025, aunque no quedan dudas que con una organizaci\u00f3n correctamente aceitada no es para nada inalcanzable.<\/p>\n\n\n\n<p>Fuente: Mat\u00edas Torre.<\/p>\n\n\n\n<p>Fotograf\u00eda: Comuna de Montes de Oca.<\/p>\n","protected":false},"excerpt":{"rendered":"<p>\u00a1La casa por la ventana! Montes de Oca celebr\u00f3 una nueva edici\u00f3n de su tradicional Fiesta Provincial del Asador.\u00a0<\/p>\n","protected":false},"author":1,"featured_media":44945,"comment_status":"open","ping_status":"open","sticky":false,"template":"","format":"image","meta":{"_jetpack_memberships_contains_paid_content":false,"footnotes":"","jetpack_publicize_message":"","jetpack_publicize_feature_enabled":true,"jetpack_social_post_already_shared":true,"jetpack_social_options":{"image_generator_settings":{"template":"highway","default_image_id":0,"enabled":false},"version":2}},"categories":[8,1,2,7,3],"tags":[10146,8743,19,5030,9345,620,11281,8777,2646],"class_list":["post-44944","post","type-post","status-publish","format-image","has-post-thumbnail","hentry","category-deliberando","category-diario-armstrong","category-locales","category-politica","category-region","tag-10146","tag-asador-2","tag-de","tag-diario-armstrong","tag-emanuel-sagripanti","tag-fiesta","tag-gobernador-pullaro","tag-lic-graciela-de-la-casa","tag-pablo-verdecchia","post_format-post-format-image"],"jetpack_publicize_connections":[],"jetpack_featured_media_url":"https:\/\/armstrongyregion.com.ar\/diario\/wp-content\/uploads\/2024\/12\/fiesta-asador-1-a.jpg","jetpack_shortlink":"https:\/\/wp.me\/p62QDO-bGU","jetpack_sharing_enabled":true,"amp_enabled":true,"_links":{"self":[{"href":"https:\/\/armstrongyregion.com.ar\/diario\/wp-json\/wp\/v2\/posts\/44944","targetHints":{"allow":["GET"]}}],"collection":[{"href":"https:\/\/armstrongyregion.com.ar\/diario\/wp-json\/wp\/v2\/posts"}],"about":[{"href":"https:\/\/armstrongyregion.com.ar\/diario\/wp-json\/wp\/v2\/types\/post"}],"author":[{"embeddable":true,"href":"https:\/\/armstrongyregion.com.ar\/diario\/wp-json\/wp\/v2\/users\/1"}],"replies":[{"embeddable":true,"href":"https:\/\/armstrongyregion.com.ar\/diario\/wp-json\/wp\/v2\/comments?post=44944"}],"version-history":[{"count":1,"href":"https:\/\/armstrongyregion.com.ar\/diario\/wp-json\/wp\/v2\/posts\/44944\/revisions"}],"predecessor-version":[{"id":44949,"href":"https:\/\/armstrongyregion.com.ar\/diario\/wp-json\/wp\/v2\/posts\/44944\/revisions\/44949"}],"wp:featuredmedia":[{"embeddable":true,"href":"https:\/\/armstrongyregion.com.ar\/diario\/wp-json\/wp\/v2\/media\/44945"}],"wp:attachment":[{"href":"https:\/\/armstrongyregion.com.ar\/diario\/wp-json\/wp\/v2\/media?parent=44944"}],"wp:term":[{"taxonomy":"category","embeddable":true,"href":"https:\/\/armstrongyregion.com.ar\/diario\/wp-json\/wp\/v2\/categories?post=44944"},{"taxonomy":"post_tag","embeddable":true,"href":"https:\/\/armstrongyregion.com.ar\/diario\/wp-json\/wp\/v2\/tags?post=44944"}],"curies":[{"name":"wp","href":"https:\/\/api.w.org\/{rel}","templated":true}]}}