{"id":44930,"date":"2024-12-12T03:37:21","date_gmt":"2024-12-12T03:37:21","guid":{"rendered":"https:\/\/armstrongyregion.com.ar\/diario\/?p=44930"},"modified":"2024-12-12T03:45:32","modified_gmt":"2024-12-12T03:45:32","slug":"renovacion-por-armstrong-voto-en-general-el-presupuesto-municipal-y-se-abstuvo-en-particular","status":"publish","type":"post","link":"https:\/\/armstrongyregion.com.ar\/diario\/renovacion-por-armstrong-voto-en-general-el-presupuesto-municipal-y-se-abstuvo-en-particular\/","title":{"rendered":"Renovaci\u00f3n por Armstrong, vot\u00f3 en general el presupuesto municipal y se abstuvo en particular."},"content":{"rendered":"\n<figure class=\"wp-block-image size-full\"><img loading=\"lazy\" decoding=\"async\" width=\"378\" height=\"321\" src=\"http:\/\/armstrongyregion.com.ar\/diario\/wp-content\/uploads\/2024\/10\/Emi-Gramigna-Octubre-24.jpg\" alt=\"\" class=\"wp-image-44428\" srcset=\"https:\/\/armstrongyregion.com.ar\/diario\/wp-content\/uploads\/2024\/10\/Emi-Gramigna-Octubre-24.jpg 378w, https:\/\/armstrongyregion.com.ar\/diario\/wp-content\/uploads\/2024\/10\/Emi-Gramigna-Octubre-24-300x255.jpg 300w\" sizes=\"auto, (max-width: 378px) 100vw, 378px\" \/><\/figure>\n\n\n\n<p>Emiliano Gramigna, concejal de Renovaci\u00f3n por Armstrong, hizo referencia al tratamiento del presupuesto municipal en el cuerpo deliberativo: \u201cNosotros tal como lo anticipamos en la comisi\u00f3n nos \u00edbamos a abstener de votar en particular el presupuesto porque no est\u00e1bamos de acuerdo como el ejecutivo planteo la distribuci\u00f3n de las partidas dentro del mismo.\u00bb<\/p>\n\n\n\n<p> \u00abPor eso la posici\u00f3n de nuestro bloque fue la de abstenci\u00f3n ya que creemos que hay situaciones y problemas que son neur\u00e1lgicos en la ciudad y en el presupuesto no est\u00e1n previstas sus soluciones, uno de ellos que nos llam\u00f3 la atenci\u00f3n y se lo consultamos al secretario de hacienda, es que ya no est\u00e1 presupuestado el hogar de ancianos, sino que hay una partida para adultos mayores, lo que nos da la certeza de que al hogar no lo va a reabrir esta gesti\u00f3n, tampoco contempla la inversi\u00f3n en viviendas, ni soluciones habitacionales, tampoco contempla el traslado de la pista de Atletismo Delfo Cabrera al loteo de calle Sanguinetti y La Plata, por lo tanto le damos las herramientas al ejecutivo&#8230;le aprobamos el presupuesto&#8230;pero no estamos de acuerdo con la forma de utilizaci\u00f3n de esas herramientas\u00bb. Expres\u00f3 el edil.<\/p>\n","protected":false},"excerpt":{"rendered":"<p>Renovaci\u00f3n por Armstrong, vot\u00f3 en general el presupuesto municipal y se abstuvo en particular.<\/p>\n","protected":false},"author":1,"featured_media":44773,"comment_status":"open","ping_status":"open","sticky":false,"template":"","format":"image","meta":{"_jetpack_memberships_contains_paid_content":false,"footnotes":"","jetpack_publicize_message":"","jetpack_publicize_feature_enabled":true,"jetpack_social_post_already_shared":true,"jetpack_social_options":{"image_generator_settings":{"template":"highway","default_image_id":0,"enabled":false},"version":2}},"categories":[8,1,2,7,3],"tags":[5030,9423,8777,11274,9298],"class_list":["post-44930","post","type-post","status-publish","format-image","has-post-thumbnail","hentry","category-deliberando","category-diario-armstrong","category-locales","category-politica","category-region","tag-diario-armstrong","tag-emiliano-gramigna","tag-lic-graciela-de-la-casa","tag-presupuesto-municipal","tag-renovacion-por-armstrong","post_format-post-format-image"],"jetpack_publicize_connections":[],"jetpack_featured_media_url":"https:\/\/armstrongyregion.com.ar\/diario\/wp-content\/uploads\/2024\/11\/Emi-Gramigna-Octubre-24-1.jpg","jetpack_shortlink":"https:\/\/wp.me\/p62QDO-bGG","jetpack_sharing_enabled":true,"amp_enabled":true,"_links":{"self":[{"href":"https:\/\/armstrongyregion.com.ar\/diario\/wp-json\/wp\/v2\/posts\/44930","targetHints":{"allow":["GET"]}}],"collection":[{"href":"https:\/\/armstrongyregion.com.ar\/diario\/wp-json\/wp\/v2\/posts"}],"about":[{"href":"https:\/\/armstrongyregion.com.ar\/diario\/wp-json\/wp\/v2\/types\/post"}],"author":[{"embeddable":true,"href":"https:\/\/armstrongyregion.com.ar\/diario\/wp-json\/wp\/v2\/users\/1"}],"replies":[{"embeddable":true,"href":"https:\/\/armstrongyregion.com.ar\/diario\/wp-json\/wp\/v2\/comments?post=44930"}],"version-history":[{"count":1,"href":"https:\/\/armstrongyregion.com.ar\/diario\/wp-json\/wp\/v2\/posts\/44930\/revisions"}],"predecessor-version":[{"id":44931,"href":"https:\/\/armstrongyregion.com.ar\/diario\/wp-json\/wp\/v2\/posts\/44930\/revisions\/44931"}],"wp:featuredmedia":[{"embeddable":true,"href":"https:\/\/armstrongyregion.com.ar\/diario\/wp-json\/wp\/v2\/media\/44773"}],"wp:attachment":[{"href":"https:\/\/armstrongyregion.com.ar\/diario\/wp-json\/wp\/v2\/media?parent=44930"}],"wp:term":[{"taxonomy":"category","embeddable":true,"href":"https:\/\/armstrongyregion.com.ar\/diario\/wp-json\/wp\/v2\/categories?post=44930"},{"taxonomy":"post_tag","embeddable":true,"href":"https:\/\/armstrongyregion.com.ar\/diario\/wp-json\/wp\/v2\/tags?post=44930"}],"curies":[{"name":"wp","href":"https:\/\/api.w.org\/{rel}","templated":true}]}}