{"id":4493,"date":"2015-10-11T23:20:22","date_gmt":"2015-10-11T23:20:22","guid":{"rendered":"https:\/\/armstrongyregion.com.ar\/diario\/?p=4493"},"modified":"2015-10-11T23:20:22","modified_gmt":"2015-10-11T23:20:22","slug":"armstrong-quedo-inaugurada-la-24-feria-de-colectividades","status":"publish","type":"post","link":"https:\/\/armstrongyregion.com.ar\/diario\/armstrong-quedo-inaugurada-la-24-feria-de-colectividades\/","title":{"rendered":"Armstrong. Qued\u00f3 inaugurada la 24 Feria de Colectividades."},"content":{"rendered":"<p><a href=\"http:\/\/armstrongyregion.com.ar\/diario\/wp-content\/uploads\/2015\/10\/IMG-20151011-WA0019.jpg\"><img loading=\"lazy\" decoding=\"async\" class=\"alignnone size-medium wp-image-4494\" src=\"http:\/\/armstrongyregion.com.ar\/diario\/wp-content\/uploads\/2015\/10\/IMG-20151011-WA0019-300x219.jpg\" alt=\"Feriacolectividades-Armstrong-\" width=\"300\" height=\"219\" srcset=\"https:\/\/armstrongyregion.com.ar\/diario\/wp-content\/uploads\/2015\/10\/IMG-20151011-WA0019-300x219.jpg 300w, https:\/\/armstrongyregion.com.ar\/diario\/wp-content\/uploads\/2015\/10\/IMG-20151011-WA0019.jpg 768w\" sizes=\"auto, (max-width: 300px) 100vw, 300px\" \/><\/a>En la tarde de hoy, a partir de las 16hs, qued\u00f3 inaugurada la vig\u00e9sima cuarta Feria de Colectividades, organizada por la Esc. N. 262 Domingo Faustino Sarmiento.<\/p>\n<p>La misma fue declarada de inter\u00e9s municipal por el concejo deliberante y de inter\u00e9s provincial por la c\u00e1mara de senadores de la provincia.<\/p>\n<p>El intendente Dr. Pablo Verdecchia, agradeci\u00f3 el compromiso de toda la comunidad educativa y de los padres que a\u00f1o tras a\u00f1o hacen m\u00e1s grande y exitosa esta feria, donde reina la convivencia, la diversidad y el buen gusto de los platos.<\/p>\n<p>Por su parte la directora de la instituci\u00f3n organizadora Ana Petry agradeci\u00f3 el apoyo municipal y a la comunidad, la vicedirectora Silvia Romero hizo historia sobre los inicios de la feria, la Pta. de la Cooperadora tambi\u00e9n extendi\u00f3 su agradecimiento y reivindic\u00f3 el esfuerzo de la comunidad armstronense y la participaci\u00f3n de quienes est\u00e1n detr\u00e1s de cada stand. Este a\u00f1o tiene la particularidad de que ser\u00e1 premiado el que mejor decorado est\u00e9 entre los 14 representantes de cada colectividad.<\/p>\n","protected":false},"excerpt":{"rendered":"<p>En la tarde de hoy, a partir de las 16hs, qued\u00f3 inaugurada la vig\u00e9sima cuarta Feria de Colectividades, organizada por la Esc. N. 262 Domingo Faustino Sarmiento. La misma fue declarada de inter\u00e9s municipal por el concejo deliberante y de inter\u00e9s provincial por la c\u00e1mara de senadores de la provincia. El intendente Dr. Pablo Verdecchia, <a href=\"https:\/\/armstrongyregion.com.ar\/diario\/armstrong-quedo-inaugurada-la-24-feria-de-colectividades\/\" title=\"Read more\" >&#8230;<\/a><\/p>\n","protected":false},"author":2,"featured_media":4494,"comment_status":"open","ping_status":"open","sticky":false,"template":"","format":"standard","meta":{"_jetpack_memberships_contains_paid_content":false,"footnotes":"","jetpack_publicize_message":"","jetpack_publicize_feature_enabled":true,"jetpack_social_post_already_shared":false,"jetpack_social_options":{"image_generator_settings":{"template":"highway","default_image_id":0,"enabled":false},"version":2}},"categories":[6,1,2,3],"tags":[1260,20,878,19,1725,2768,31,1661],"class_list":["post-4493","post","type-post","status-publish","format-standard","has-post-thumbnail","hentry","category-cultura-entretenimiento","category-diario-armstrong","category-locales","category-region","tag-1260","tag-armstrong","tag-colectividades","tag-de","tag-feria","tag-inaugurada","tag-la","tag-quedo"],"jetpack_publicize_connections":[],"jetpack_featured_media_url":"https:\/\/armstrongyregion.com.ar\/diario\/wp-content\/uploads\/2015\/10\/IMG-20151011-WA0019.jpg","jetpack_shortlink":"https:\/\/wp.me\/p62QDO-1at","jetpack_sharing_enabled":true,"amp_enabled":true,"_links":{"self":[{"href":"https:\/\/armstrongyregion.com.ar\/diario\/wp-json\/wp\/v2\/posts\/4493","targetHints":{"allow":["GET"]}}],"collection":[{"href":"https:\/\/armstrongyregion.com.ar\/diario\/wp-json\/wp\/v2\/posts"}],"about":[{"href":"https:\/\/armstrongyregion.com.ar\/diario\/wp-json\/wp\/v2\/types\/post"}],"author":[{"embeddable":true,"href":"https:\/\/armstrongyregion.com.ar\/diario\/wp-json\/wp\/v2\/users\/2"}],"replies":[{"embeddable":true,"href":"https:\/\/armstrongyregion.com.ar\/diario\/wp-json\/wp\/v2\/comments?post=4493"}],"version-history":[{"count":0,"href":"https:\/\/armstrongyregion.com.ar\/diario\/wp-json\/wp\/v2\/posts\/4493\/revisions"}],"wp:featuredmedia":[{"embeddable":true,"href":"https:\/\/armstrongyregion.com.ar\/diario\/wp-json\/wp\/v2\/media\/4494"}],"wp:attachment":[{"href":"https:\/\/armstrongyregion.com.ar\/diario\/wp-json\/wp\/v2\/media?parent=4493"}],"wp:term":[{"taxonomy":"category","embeddable":true,"href":"https:\/\/armstrongyregion.com.ar\/diario\/wp-json\/wp\/v2\/categories?post=4493"},{"taxonomy":"post_tag","embeddable":true,"href":"https:\/\/armstrongyregion.com.ar\/diario\/wp-json\/wp\/v2\/tags?post=4493"}],"curies":[{"name":"wp","href":"https:\/\/api.w.org\/{rel}","templated":true}]}}