{"id":44907,"date":"2024-12-09T23:39:54","date_gmt":"2024-12-09T23:39:54","guid":{"rendered":"https:\/\/armstrongyregion.com.ar\/diario\/?p=44907"},"modified":"2024-12-09T23:39:56","modified_gmt":"2024-12-09T23:39:56","slug":"solicitud-de-espacio-en-el-concejo-municipal-para-campana-de-donacion","status":"publish","type":"post","link":"https:\/\/armstrongyregion.com.ar\/diario\/solicitud-de-espacio-en-el-concejo-municipal-para-campana-de-donacion\/","title":{"rendered":"Solicitud de espacio en el Concejo Municipal para campa\u00f1a de donaci\u00f3n."},"content":{"rendered":"\n<figure class=\"wp-block-image size-full\"><img loading=\"lazy\" decoding=\"async\" width=\"604\" height=\"449\" src=\"http:\/\/armstrongyregion.com.ar\/diario\/wp-content\/uploads\/2024\/12\/Carla-Revigliono-DIC-24.jpg\" alt=\"\" class=\"wp-image-44908\" srcset=\"https:\/\/armstrongyregion.com.ar\/diario\/wp-content\/uploads\/2024\/12\/Carla-Revigliono-DIC-24.jpg 604w, https:\/\/armstrongyregion.com.ar\/diario\/wp-content\/uploads\/2024\/12\/Carla-Revigliono-DIC-24-300x223.jpg 300w\" sizes=\"auto, (max-width: 604px) 100vw, 604px\" \/><\/figure>\n\n\n\n<p>La concejala Carla Revigliono, brind\u00f3 detalles del pedido \u201cLe hemos solicitado al presidente del cuerpo un espacio f\u00edsico para poder recepcionar los aportes de una campa\u00f1a de donaci\u00f3n de mochilas, \u00fatiles escolares, uniformes, guardapolvos escolares, ya que vemos que al inicio del ciclo lectivo a muchas familias se les complica poder adquirir una mochila nueva o la indumentaria, por ello queremos dar una mano en lo tan importante como son los \u00fatiles o elementos para la escuela. Si bien cuando vienen y nos ofrecen, ropa o calzados, lo derivamos a promoci\u00f3n comunitaria. En este caso en particular vamos a ser nosotros los que vamos a encabezar esta campa\u00f1a que ya est\u00e1 en marcha desde el d\u00eda 4, hasta el 31 de diciembre.\u00bb<\/p>\n\n\n\n<p>Luego la edila a\u00f1adi\u00f3: \u00abLos interesados se pueden acercar al concejo de 8 a 12, para traer lo que puedan remarcando que todo est\u00e9 en buenas condiciones. La campa\u00f1a tendr\u00e1 una interrupci\u00f3n en vacaciones y se retomar\u00e1 el lunes 3 de febrero hasta el 11 de ese mes\u201d.<\/p>\n","protected":false},"excerpt":{"rendered":"<p>Solicitud de espacio en el Concejo Municipal para campa\u00f1a de donaci\u00f3n.<\/p>\n","protected":false},"author":1,"featured_media":44908,"comment_status":"open","ping_status":"open","sticky":false,"template":"","format":"image","meta":{"_jetpack_memberships_contains_paid_content":false,"footnotes":"","jetpack_publicize_message":"","jetpack_publicize_feature_enabled":true,"jetpack_social_post_already_shared":true,"jetpack_social_options":{"image_generator_settings":{"template":"highway","default_image_id":0,"enabled":false},"version":2}},"categories":[8,1,2,7,3],"tags":[20,9425,9934,5030,8777],"class_list":["post-44907","post","type-post","status-publish","format-image","has-post-thumbnail","hentry","category-deliberando","category-diario-armstrong","category-locales","category-politica","category-region","tag-armstrong","tag-carla-revigliono","tag-concejo-deliberante","tag-diario-armstrong","tag-lic-graciela-de-la-casa","post_format-post-format-image"],"jetpack_publicize_connections":[],"jetpack_featured_media_url":"https:\/\/armstrongyregion.com.ar\/diario\/wp-content\/uploads\/2024\/12\/Carla-Revigliono-DIC-24.jpg","jetpack_shortlink":"https:\/\/wp.me\/p62QDO-bGj","jetpack_sharing_enabled":true,"amp_enabled":true,"_links":{"self":[{"href":"https:\/\/armstrongyregion.com.ar\/diario\/wp-json\/wp\/v2\/posts\/44907","targetHints":{"allow":["GET"]}}],"collection":[{"href":"https:\/\/armstrongyregion.com.ar\/diario\/wp-json\/wp\/v2\/posts"}],"about":[{"href":"https:\/\/armstrongyregion.com.ar\/diario\/wp-json\/wp\/v2\/types\/post"}],"author":[{"embeddable":true,"href":"https:\/\/armstrongyregion.com.ar\/diario\/wp-json\/wp\/v2\/users\/1"}],"replies":[{"embeddable":true,"href":"https:\/\/armstrongyregion.com.ar\/diario\/wp-json\/wp\/v2\/comments?post=44907"}],"version-history":[{"count":1,"href":"https:\/\/armstrongyregion.com.ar\/diario\/wp-json\/wp\/v2\/posts\/44907\/revisions"}],"predecessor-version":[{"id":44909,"href":"https:\/\/armstrongyregion.com.ar\/diario\/wp-json\/wp\/v2\/posts\/44907\/revisions\/44909"}],"wp:featuredmedia":[{"embeddable":true,"href":"https:\/\/armstrongyregion.com.ar\/diario\/wp-json\/wp\/v2\/media\/44908"}],"wp:attachment":[{"href":"https:\/\/armstrongyregion.com.ar\/diario\/wp-json\/wp\/v2\/media?parent=44907"}],"wp:term":[{"taxonomy":"category","embeddable":true,"href":"https:\/\/armstrongyregion.com.ar\/diario\/wp-json\/wp\/v2\/categories?post=44907"},{"taxonomy":"post_tag","embeddable":true,"href":"https:\/\/armstrongyregion.com.ar\/diario\/wp-json\/wp\/v2\/tags?post=44907"}],"curies":[{"name":"wp","href":"https:\/\/api.w.org\/{rel}","templated":true}]}}