{"id":44900,"date":"2024-12-09T22:15:28","date_gmt":"2024-12-09T22:15:28","guid":{"rendered":"https:\/\/armstrongyregion.com.ar\/diario\/?p=44900"},"modified":"2024-12-09T22:15:30","modified_gmt":"2024-12-09T22:15:30","slug":"pullaro-nuestro-compromiso-es-poner-a-santa-fe-en-lo-mas-alto-en-materia-de-politicas-de-transparencia","status":"publish","type":"post","link":"https:\/\/armstrongyregion.com.ar\/diario\/pullaro-nuestro-compromiso-es-poner-a-santa-fe-en-lo-mas-alto-en-materia-de-politicas-de-transparencia\/","title":{"rendered":"Pullaro: \u201cNuestro compromiso es poner a Santa Fe en lo m\u00e1s alto en materia de pol\u00edticas de transparencia\u201d"},"content":{"rendered":"\n<figure class=\"wp-block-image size-large\"><img loading=\"lazy\" decoding=\"async\" width=\"640\" height=\"426\" src=\"http:\/\/armstrongyregion.com.ar\/diario\/wp-content\/uploads\/2024\/12\/PULLARO-9-12-24--640x426.jpg\" alt=\"\" class=\"wp-image-44901\" srcset=\"https:\/\/armstrongyregion.com.ar\/diario\/wp-content\/uploads\/2024\/12\/PULLARO-9-12-24--640x426.jpg 640w, https:\/\/armstrongyregion.com.ar\/diario\/wp-content\/uploads\/2024\/12\/PULLARO-9-12-24--300x200.jpg 300w, https:\/\/armstrongyregion.com.ar\/diario\/wp-content\/uploads\/2024\/12\/PULLARO-9-12-24--768x512.jpg 768w, https:\/\/armstrongyregion.com.ar\/diario\/wp-content\/uploads\/2024\/12\/PULLARO-9-12-24-.jpg 800w\" sizes=\"auto, (max-width: 640px) 100vw, 640px\" \/><\/figure>\n\n\n\n<h2 class=\"wp-block-heading\">Lo asegur\u00f3 este lunes el Gobernador en la apertura de una actividad con la que la Provincia conmemor\u00f3 el D\u00eda Internacional contra la Corrupci\u00f3n. \u201cLa ejemplaridad en los actos de Gobierno es fundamental para demostrar hacia qu\u00e9 lugar estamos transitando\u201d, remarc\u00f3 el mandatario provincial.<\/h2>\n\n\n\n<p>El Sal\u00f3n Blanco de la Casa de Gobierno fue escenario para el desarrollo de una actividad con la que la Provincia conmemor\u00f3 el D\u00eda Internacional contra la Corrupci\u00f3n, que se celebra cada 9 de diciembre desde 2003 a partir de una resoluci\u00f3n de Asamblea General de la ONU.<br><br>La apertura fue encabezada por el gobernador Maximiliano Pullaro, quien estuvo acompa\u00f1ado por el ministro de Gobierno, Fabi\u00e1n Bastia; y el subsecretario de Lucha contra la Corrupci\u00f3n, Transparencia y \u00c9tica del sector p\u00fablico, Marcelo Trucco. En este contexto, se llev\u00f3 a cabo el panel \u201cPol\u00edticas de transparencia para un gobierno eficiente\u201d, a cargo de los especialistas Rita Grandinetti y Bruno Rezzoagli.<br><br>\u201cEn estos momentos de la Argentina, la ejemplaridad es fundamental para demostrar hacia qu\u00e9 lugar estamos transitando. Y para eso tenemos que aplicar pol\u00edticas p\u00fablicas s\u00f3lidas y efectivas\u201d, asegur\u00f3 el gobernador, para luego remarcar que \u201cel objetivo es que la Subsecretar\u00eda de Lucha Contra la Corrupci\u00f3n, Transparencia y \u00c9tica del Sector P\u00fablico sea una parte permanente de la estructura del Gobierno provincial para fortalecerlo. Como Gobierno nos planteamos el desaf\u00edo de mostrar lo que est\u00e1bamos haciendo y lo que pretend\u00edamos llevar adelante. Por eso, comprometidamente trabajamos para poner a Santa Fe en lo m\u00e1s alto en materia de pol\u00edticas de transparencia, consolidando nuestra presencia como provincia en el Consejo Federal para la Transparencia (CFT) con la meta de contar con estructuras estables en la Argentina que nos permitan combatir a diario la corrupci\u00f3n y lograr mayor transparencia\u201d.<br><br><img decoding=\"async\" alt=\"\" src=\"https:\/\/ci3.googleusercontent.com\/meips\/ADKq_NaM6cvAEqJ-kSCbx4lAfAkdPhxMepwL6jgu7f_6WYSeshoJWR68BA87lDm-5AJA9md-MEPBUAeBQ2KlFllRZG016winq9sGjSIpfMCu82-38kApng0iJ3jHTBa97B1u1kONIRqrDl2k9_lyO3s=s0-d-e1-ft#https:\/\/www.santafe.gov.ar\/noticias\/recursos\/fotos\/2024\/12\/2024-12-09NID_281887O_2.jpeg\"><\/p>\n\n\n\n<p><strong>Reforma Constitucional, herramienta clave contra la corrupci\u00f3n<\/strong><br>M\u00e1s adelante, el Gobernador valor\u00f3 que \u201cd\u00edas atr\u00e1s la Legislatura de la Provincia, despu\u00e9s de cinco intentos fallidos, logr\u00f3 sancionar la Ley de Necesidad de la Reforma de la Constituci\u00f3n. All\u00ed tendremos la oportunidad de dejar a Santa Fe como pionera nacional en materia del fortalecimiento de las instituciones en pos de trabajar org\u00e1nicamente por la transparencia y contra la corrupci\u00f3n, en momentos muy complejos de la Argentina. Tenemos que trabajar todos los d\u00edas para robustecer las instituciones democr\u00e1ticas. Para ello, la transparencia y la lucha contra la corrupci\u00f3n son fundamentales\u201d, marc\u00f3.<br><br><img decoding=\"async\" alt=\"\" src=\"https:\/\/ci3.googleusercontent.com\/meips\/ADKq_Naa6coXD-LwtVEwKG_u0XmVNYZlogYnFnWStK6rJH8BCJCFSPh8Gfhm9syVzxhyxMpIvj83cMlr3ieX8OWsWYNqkOElibETevytdR-F9iVvrJh2hSZUsk2aUvzYEdqtm19PAfqNBc1XnMa7iFY=s0-d-e1-ft#https:\/\/www.santafe.gov.ar\/noticias\/recursos\/fotos\/2024\/12\/2024-12-09NID_281887O_3.jpeg\"><\/p>\n\n\n\n<p><strong>Santa Fe, ejemplo de transparencia<\/strong><br>A su turno, Bastia asegur\u00f3 que \u201cpara el Gobierno de la Provincia la transparencia de los actos p\u00fablicos es un eje central para lograr la ejemplaridad en momentos de profundos cambios de nuestra sociedad. Los funcionarios p\u00fablicos debemos actuar de tal manera que nuestros actos sean imitables\u201d, se\u00f1al\u00f3, y record\u00f3 que \u201capenas asumimos nuestra gesti\u00f3n se cre\u00f3 la Subsecretar\u00eda de Lucha Contra la Corrupci\u00f3n, Transparencia y \u00c9tica del Sector P\u00fablico, e impulsamos la Ley -sancionada por la Legislatura- de Gobernanza de datos y acceso a la informaci\u00f3n p\u00fablica (N\u00ba 14256), porque entendemos que la corrupci\u00f3n es una enfermedad que le ocasiona da\u00f1o a las instituciones democr\u00e1ticas y a la econom\u00eda\u201d. Asimismo, Bastia indic\u00f3 que \u201cSanta Fe encabeza los \u00edndices de transparencia en la Argentina, lo cual nos tiene que llenar de orgullo; pero tenemos que seguir mejorando d\u00eda a d\u00eda porque, todo lo que hagamos al respecto, va a ser en beneficio de los santafesinos y las santafesinas, afirm\u00f3\u201d.<br><br>En l\u00ednea, Trucco, mencion\u00f3 que \u201ccuando el gobernador Pullaro cre\u00f3 nuestro espacio de trabajo nos indic\u00f3 poner a Santa Fe en lo m\u00e1s alto en materia de transparencia. A partir del trabajo realizado, nuestra Provincia fue elegida por las dem\u00e1s jurisdicciones provinciales para ejercer la vicepresidencia del Consejo Federal para la Transparencia, \u00e1mbito donde se debaten y exponen pol\u00edticas de transparencia y de cercan\u00eda a la ciudadan\u00eda para combatir la corrupci\u00f3n\u201d.<br><br><img decoding=\"async\" alt=\"\" src=\"https:\/\/ci3.googleusercontent.com\/meips\/ADKq_NaFWBIf9JjPhSOTs6-_xV5hfG_Z90mrdZgYKwrmjrFaeCXKLqpei3O2ISJojAqmD5YembMARN-CJnuJ5yHgDJ9mqB78obZHxeYWyCZnjrbp2b7Lc6bnE_YkV6UnZkoTSoQvY4Nm3k1kAcUBbGE=s0-d-e1-ft#https:\/\/www.santafe.gov.ar\/noticias\/recursos\/fotos\/2024\/12\/2024-12-09NID_281887O_4.jpeg\"><\/p>\n\n\n\n<p><strong>Presencias<\/strong><br>Cabe se\u00f1alar que de la actividad participaron tambi\u00e9n la presidenta del Foro de Fiscal\u00edas de Investigaciones Administrativas y Oficinas Anticorrupci\u00f3n de la Argentina, Anah\u00ed Priottiel; el presidente de la Corte Suprema de Justicia de la Provincia, Rafael Guti\u00e9rrez; la s\u00edndica general de la Provincia, Laura Castets; la presidenta del Concejo Municipal de la Ciudad de Santa Fe, Adriana Molina; la decana de la Facultad de Ciencias Econ\u00f3micas de la Universidad Nacional del Litoral, Liliana Dillon; y el presidente del Colegio de Graduados de Ciencias Econ\u00f3micas, Dar\u00edo Mej\u00edas, entre otras autoridades.<br><br><img decoding=\"async\" alt=\"\" src=\"https:\/\/ci3.googleusercontent.com\/meips\/ADKq_Nb7wvFtZqkXlFFU6BbexXwGg5ELBao-PgCaZvqMLZyLKTcjn4CjHQNTuEazcZZqlZVekTMVWbHsxiaUGTExD-hOdHXbRrYCURLri78EEWYLNcC-NFVGPm9qAWIsXMwy5VIaB1fPX6xytaN8JHI=s0-d-e1-ft#https:\/\/www.santafe.gov.ar\/noticias\/recursos\/fotos\/2024\/12\/2024-12-09NID_281887O_5.jpeg\"><\/p>\n","protected":false},"excerpt":{"rendered":"<p>Pullaro: \u201cNuestro compromiso es poner a Santa Fe en lo m\u00e1s alto en materia de pol\u00edticas de transparencia\u201d<\/p>\n","protected":false},"author":1,"featured_media":44901,"comment_status":"open","ping_status":"open","sticky":false,"template":"","format":"image","meta":{"_jetpack_memberships_contains_paid_content":false,"footnotes":"","jetpack_publicize_message":"","jetpack_publicize_feature_enabled":true,"jetpack_social_post_already_shared":true,"jetpack_social_options":{"image_generator_settings":{"template":"highway","default_image_id":0,"enabled":false},"version":2}},"categories":[8,1,2,7,3],"tags":[2846,3381],"class_list":["post-44900","post","type-post","status-publish","format-image","has-post-thumbnail","hentry","category-deliberando","category-diario-armstrong","category-locales","category-politica","category-region","tag-pullaro","tag-santa-fe","post_format-post-format-image"],"jetpack_publicize_connections":[],"jetpack_featured_media_url":"https:\/\/armstrongyregion.com.ar\/diario\/wp-content\/uploads\/2024\/12\/PULLARO-9-12-24-.jpg","jetpack_shortlink":"https:\/\/wp.me\/p62QDO-bGc","jetpack_sharing_enabled":true,"amp_enabled":true,"_links":{"self":[{"href":"https:\/\/armstrongyregion.com.ar\/diario\/wp-json\/wp\/v2\/posts\/44900","targetHints":{"allow":["GET"]}}],"collection":[{"href":"https:\/\/armstrongyregion.com.ar\/diario\/wp-json\/wp\/v2\/posts"}],"about":[{"href":"https:\/\/armstrongyregion.com.ar\/diario\/wp-json\/wp\/v2\/types\/post"}],"author":[{"embeddable":true,"href":"https:\/\/armstrongyregion.com.ar\/diario\/wp-json\/wp\/v2\/users\/1"}],"replies":[{"embeddable":true,"href":"https:\/\/armstrongyregion.com.ar\/diario\/wp-json\/wp\/v2\/comments?post=44900"}],"version-history":[{"count":1,"href":"https:\/\/armstrongyregion.com.ar\/diario\/wp-json\/wp\/v2\/posts\/44900\/revisions"}],"predecessor-version":[{"id":44902,"href":"https:\/\/armstrongyregion.com.ar\/diario\/wp-json\/wp\/v2\/posts\/44900\/revisions\/44902"}],"wp:featuredmedia":[{"embeddable":true,"href":"https:\/\/armstrongyregion.com.ar\/diario\/wp-json\/wp\/v2\/media\/44901"}],"wp:attachment":[{"href":"https:\/\/armstrongyregion.com.ar\/diario\/wp-json\/wp\/v2\/media?parent=44900"}],"wp:term":[{"taxonomy":"category","embeddable":true,"href":"https:\/\/armstrongyregion.com.ar\/diario\/wp-json\/wp\/v2\/categories?post=44900"},{"taxonomy":"post_tag","embeddable":true,"href":"https:\/\/armstrongyregion.com.ar\/diario\/wp-json\/wp\/v2\/tags?post=44900"}],"curies":[{"name":"wp","href":"https:\/\/api.w.org\/{rel}","templated":true}]}}