{"id":449,"date":"2015-01-14T13:09:17","date_gmt":"2015-01-14T13:09:17","guid":{"rendered":"https:\/\/armstrongyregion.com.ar\/diario\/?p=449"},"modified":"2015-01-14T13:09:17","modified_gmt":"2015-01-14T13:09:17","slug":"charla-abierta-del-ing-miguel-lifschitz-en-las-rosas","status":"publish","type":"post","link":"https:\/\/armstrongyregion.com.ar\/diario\/charla-abierta-del-ing-miguel-lifschitz-en-las-rosas\/","title":{"rendered":"Charla abierta del Ing. Miguel Lifschitz en Las Rosas."},"content":{"rendered":"<p><a href=\"http:\/\/armstrongyregion.com.ar\/diario\/wp-content\/uploads\/2015\/01\/IMG-20150113-WA0051.jpg\"><img loading=\"lazy\" decoding=\"async\" class=\"alignnone size-medium wp-image-450\" src=\"http:\/\/armstrongyregion.com.ar\/diario\/wp-content\/uploads\/2015\/01\/IMG-20150113-WA0051-300x225.jpg\" alt=\"Lifschitz\" width=\"300\" height=\"225\" srcset=\"https:\/\/armstrongyregion.com.ar\/diario\/wp-content\/uploads\/2015\/01\/IMG-20150113-WA0051-300x225.jpg 300w, https:\/\/armstrongyregion.com.ar\/diario\/wp-content\/uploads\/2015\/01\/IMG-20150113-WA0051.jpg 533w\" sizes=\"auto, (max-width: 300px) 100vw, 300px\" \/><\/a>Como se hab\u00eda anunciado el pre candidato a la gobernaci\u00f3n de Santa Fe por el Frente Progresista C\u00edvico y Social, Miguel Lifschitz, visit\u00f3 nuestra ciudad este martes 13 para tomar contacto con vecinos, los medios de prensa de la regi\u00f3n y participar de una entrevista abierta, tal como lo viene haciendo en su recorrida por la provincia.<br \/>\nEl actual senador del departamento Rosario, particip\u00f3 en distintos programas period\u00edsticos expresando sus ideas a desarrollar en caso de ser electo gobernador, y tambi\u00e9n aprovech\u00f3 la oportunidad para entregar un subsidio a la Municipalidad de Las Rosas por un valor de diez mil pesos, que se destinar\u00e1 a la realizaci\u00f3n de la 17\u00b0 edici\u00f3n de la Fiesta Provincial del Mate, y ayudas econ\u00f3micas para entidades de la ciudad.<br \/>\nPasadas las 20 lleg\u00f3 al SUM de la Biblioteca Sarmiento donde se hab\u00eda armado el auditorio donde se ubicaron m\u00e1s de 150 asistentes, para que Lifschitz mantuviera su charla con el periodista rosarino Leo Farhat en una primera parte y luego respondiera las preguntas que los presentes le fueron realizando, las que respondi\u00f3 en su totalidad.<br \/>\nEstuvieron presentes tambi\u00e9n el intendente de la ciudad Adri\u00e1n Carletti y su colega de Armstrong, Pablo Verdecchia; el presidente comunal de Montes de Oca, Leandro Dietschi; los concejales Alejandra Salvucci y Mario Ramos (Las Rosas), Sandra Clerici (Las Parejas) y Daniela P\u00e9rez (Armstrong); el Director de Cultura y Difusi\u00f3n de Las Rosas, Alejandro Marentes; Horacio Ghirardi, Secretario de Regiones, Municipios y Comunas de Santa Fe y Juan Carlos Valdano, Subsecretario de Articulaci\u00f3n Territorial de la provincia y precandidato a senador por el departamento Belgrano, y adem\u00e1s miembros del gabinete municipal local.<br \/>\nPara Armstrong y Region. y Las Rosas Digital. Oscar Crispino.<\/p>\n","protected":false},"excerpt":{"rendered":"<p>Como se hab\u00eda anunciado el pre candidato a la gobernaci\u00f3n de Santa Fe por el Frente Progresista C\u00edvico y Social, Miguel Lifschitz, visit\u00f3 nuestra ciudad este martes 13 para tomar contacto con vecinos, los medios de prensa de la regi\u00f3n y participar de una entrevista abierta, tal como lo viene haciendo en su recorrida por <a href=\"https:\/\/armstrongyregion.com.ar\/diario\/charla-abierta-del-ing-miguel-lifschitz-en-las-rosas\/\" title=\"Read more\" >&#8230;<\/a><\/p>\n","protected":false},"author":2,"featured_media":450,"comment_status":"open","ping_status":"open","sticky":false,"template":"","format":"standard","meta":{"_jetpack_memberships_contains_paid_content":false,"footnotes":"","jetpack_publicize_message":"","jetpack_publicize_feature_enabled":true,"jetpack_social_post_already_shared":false,"jetpack_social_options":{"image_generator_settings":{"template":"highway","default_image_id":0,"enabled":false},"version":2}},"categories":[1,7,3],"tags":[433,432,53,15,434,23,34,435,361],"class_list":["post-449","post","type-post","status-publish","format-standard","has-post-thumbnail","hentry","category-diario-armstrong","category-politica","category-region","tag-abierta","tag-charla","tag-del","tag-en","tag-ing","tag-las","tag-lifschitz","tag-miguel","tag-rosas"],"jetpack_publicize_connections":[],"jetpack_featured_media_url":"https:\/\/armstrongyregion.com.ar\/diario\/wp-content\/uploads\/2015\/01\/IMG-20150113-WA0051.jpg","jetpack_shortlink":"https:\/\/wp.me\/p62QDO-7f","jetpack_sharing_enabled":true,"amp_enabled":true,"_links":{"self":[{"href":"https:\/\/armstrongyregion.com.ar\/diario\/wp-json\/wp\/v2\/posts\/449","targetHints":{"allow":["GET"]}}],"collection":[{"href":"https:\/\/armstrongyregion.com.ar\/diario\/wp-json\/wp\/v2\/posts"}],"about":[{"href":"https:\/\/armstrongyregion.com.ar\/diario\/wp-json\/wp\/v2\/types\/post"}],"author":[{"embeddable":true,"href":"https:\/\/armstrongyregion.com.ar\/diario\/wp-json\/wp\/v2\/users\/2"}],"replies":[{"embeddable":true,"href":"https:\/\/armstrongyregion.com.ar\/diario\/wp-json\/wp\/v2\/comments?post=449"}],"version-history":[{"count":0,"href":"https:\/\/armstrongyregion.com.ar\/diario\/wp-json\/wp\/v2\/posts\/449\/revisions"}],"wp:featuredmedia":[{"embeddable":true,"href":"https:\/\/armstrongyregion.com.ar\/diario\/wp-json\/wp\/v2\/media\/450"}],"wp:attachment":[{"href":"https:\/\/armstrongyregion.com.ar\/diario\/wp-json\/wp\/v2\/media?parent=449"}],"wp:term":[{"taxonomy":"category","embeddable":true,"href":"https:\/\/armstrongyregion.com.ar\/diario\/wp-json\/wp\/v2\/categories?post=449"},{"taxonomy":"post_tag","embeddable":true,"href":"https:\/\/armstrongyregion.com.ar\/diario\/wp-json\/wp\/v2\/tags?post=449"}],"curies":[{"name":"wp","href":"https:\/\/api.w.org\/{rel}","templated":true}]}}