{"id":44891,"date":"2024-12-07T16:52:58","date_gmt":"2024-12-07T16:52:58","guid":{"rendered":"https:\/\/armstrongyregion.com.ar\/diario\/?p=44891"},"modified":"2024-12-07T16:53:00","modified_gmt":"2024-12-07T16:53:00","slug":"reforma-constitucional-estamos-abriendo-un-puente-hacia-el-futuro","status":"publish","type":"post","link":"https:\/\/armstrongyregion.com.ar\/diario\/reforma-constitucional-estamos-abriendo-un-puente-hacia-el-futuro\/","title":{"rendered":"Reforma constitucional: \u201cestamos abriendo un puente hacia el futuro\u201d"},"content":{"rendered":"\n<figure class=\"wp-block-image size-large\"><img loading=\"lazy\" decoding=\"async\" width=\"640\" height=\"427\" src=\"http:\/\/armstrongyregion.com.ar\/diario\/wp-content\/uploads\/2024\/12\/Clara-Garcia--640x427.jpg\" alt=\"\" class=\"wp-image-44892\" srcset=\"https:\/\/armstrongyregion.com.ar\/diario\/wp-content\/uploads\/2024\/12\/Clara-Garcia--640x427.jpg 640w, https:\/\/armstrongyregion.com.ar\/diario\/wp-content\/uploads\/2024\/12\/Clara-Garcia--300x200.jpg 300w, https:\/\/armstrongyregion.com.ar\/diario\/wp-content\/uploads\/2024\/12\/Clara-Garcia--768x513.jpg 768w, https:\/\/armstrongyregion.com.ar\/diario\/wp-content\/uploads\/2024\/12\/Clara-Garcia-.jpg 800w\" sizes=\"auto, (max-width: 640px) 100vw, 640px\" \/><\/figure>\n\n\n\n<h2 class=\"wp-block-heading\"><em>La C\u00e1mara de Diputadas y Diputados dio media sanci\u00f3n al proyecto que declara la necesidad de la reforma, que pas\u00f3 al Senado. \u201cAhora, los protagonistas del proceso ser\u00e1n los santafesinos y las santafesinas, que son quienes votar\u00e1n a sus representantes para el debate de la nueva Carta Magna\u201d, destac\u00f3 la presidenta del cuerpo, Clara Garc\u00eda.<\/em><\/h2>\n\n\n\n<p>Tras la media sanci\u00f3n a la ley de Necesidad de Reforma Constitucional en la C\u00e1mara de Diputadas y Diputados, la presidenta del cuerpo, Clara Garc\u00eda, calific\u00f3 la jornada como \u201chist\u00f3rica para la provincia\u201d y destac\u00f3 el \u201cdi\u00e1logo y la construcci\u00f3n de consensos\u201d que hicieron posible el dictamen que fue aprobado por una amplia mayor\u00eda en el recinto.<\/p>\n\n\n\n<p>\u201cHoy cumplimos con el legado de trabajar sin descanso para que Santa Fe salga del atraso, para que definitivamente d\u00e9 vuelta la p\u00e1gina y empiece a escribir su futuro\u201d, afirm\u00f3 Garc\u00eda, y agreg\u00f3: \u201cAhora, los protagonistas del proceso ser\u00e1n los santafesinos y las santafesinas, que son quienes votar\u00e1n a sus representantes para el debate de la nueva Carta Magna\u201d.<\/p>\n\n\n\n<p>La legisladora valor\u00f3 \u201cel debate institucionalizado\u201d que tuvo lugar en la Comisi\u00f3n de Asuntos Constitucionales, donde se discutieron los nueve proyectos de necesidad de reforma presentados por distintos partidos, \u201cinvitando a los miembros de todos los bloques de diputados e incluso a los senadores. Sin lugar para pactos de c\u00fapulas, ni tratamientos express. A plena luz del d\u00eda y en la Casa de la Democracia, como es nuestra Legislatura. Lo hicimos como lo pens\u00f3 Hermes (Binner) y lo so\u00f1\u00f3 Miguel (Lifschitz)\u201d, dijo.<\/p>\n\n\n\n<p>\u201cEn 2018 defend\u00ed desde una banca un proyecto de reforma constitucional que ten\u00eda muchos puntos en com\u00fan con el que estamos discutiendo hoy\u201d, record\u00f3 la titular de la C\u00e1mara baja. \u201cPasaron los a\u00f1os y hoy podr\u00eda suscribir cada una de las palabras con las que defend\u00ed esa propuesta a\u00fan sabiendo que no se iba a aprobar, pero con la convicci\u00f3n de que era un paso para llegar a esta votaci\u00f3n hist\u00f3rica. Estoy segura que estamos abriendo un puente hacia el futuro\u201d, afirm\u00f3.<\/p>\n\n\n\n<p>Por su parte, el diputado provincial y exgobernador Antonio Bonfatti advirti\u00f3 que, si bien \u201csiempre hay problemas urgentes que abordar de manera inmediata, tambi\u00e9n debemos pensar en el largo plazo y la Constituci\u00f3n es una herramienta para ello, para abordar cuestiones de fondo, renovar instituciones acordes a los tiempos en los que vivimos, pensando en garantizar derechos y una mejor calidad de vida para todos. A partir de ahora \u2013coincidi\u00f3 con Garc\u00eda-, el camino hacia la reforma de nuestra Constituci\u00f3n se llevar\u00e1 a cabo con la participaci\u00f3n activa del pueblo, que elegir\u00e1 durante 2025 a los constituyentes que la reformar\u00e1n\u201d.<\/p>\n\n\n\n<p>Pablo Far\u00edas tambi\u00e9n puso de relieve el trabajo realizado desde principios de semana en el marco de la Comisi\u00f3n de Asuntos Constitucionales \u2013de la cual es titular-, y que se reflej\u00f3 en un dictamen com\u00fan: \u201cHubo un fuerte consenso sobre la necesidad de reformar nuestra Constituci\u00f3n, reflejado tambi\u00e9n en los senadores que se sumaron al debate, por lo que es una propuesta con un alto nivel de consenso en el Senado\u201d. En la oportunidad, el legislador record\u00f3 al exgobernador Miguel Lifschitz, que entre 2016 y 2018 puso en marcha el proceso denominado \u201cBases para la reforma: Una Constituci\u00f3n para Santa Fe\u201d, que supuso una amplia convocatoria pol\u00edtica, social e institucional. \u201cFue un proceso que gener\u00f3 una gran movilizaci\u00f3n en toda la provincia, tal como quiso el gobernador. Vaya este homenaje a Miguel\u201d, expres\u00f3 el legislador.<\/p>\n\n\n\n<p>El presidente del bloque Socialista, Joaqu\u00edn Blanco, en tanto, consider\u00f3 que el proyecto aprobado \u201cbrinda a la sociedad santafesina la posibilidad de que construya las instituciones que nos van a regular, lo derechos que nos van a proteger, las formas en las cuales vamos a vivir en comunidad en las pr\u00f3ximas d\u00e9cadas. Es un acto profundamente republicano y democr\u00e1tico\u201d, afirm\u00f3 y, en tal sentido, a\u00f1adi\u00f3: \u201cSer\u00e1 la ciudadan\u00eda, con su voto, la que elija a los constituyentes que la representar\u00e1n; ser\u00e1 la ciudadan\u00eda la que decida c\u00f3mo quiere que sea la pr\u00f3xima Constituci\u00f3n provincial\u201d.<\/p>\n\n\n\n<p>En el mismo sentido, el diputado Rub\u00e9n Galassi tambi\u00e9n puso el acento en que la aprobaci\u00f3n del proyecto de necesidad de reforma \u201cno significa que los legisladores vayamos a escribir la nueva Constituci\u00f3n. Solo estamos dando el primer paso, que es habilitar el debate para que pueda darse la participaci\u00f3n de la ciudadan\u00eda, para se exprese y vote a quienes ser\u00e1n sus delegados para redactar la futura carta magna. Es un d\u00eda hist\u00f3rico -dijo- porque este paso que damos permitir\u00e1 que tengan lugar transformaciones estructurales en la provincia, no solo para adaptarnos a los nuevos tiempos sino para incorporar nuevo derechos e institutos que son imprescindibles en el siglo XXI\u201d.<\/p>\n","protected":false},"excerpt":{"rendered":"<p>Reforma constitucional: \u201cestamos abriendo un puente hacia el futuro\u201d<\/p>\n","protected":false},"author":1,"featured_media":44892,"comment_status":"open","ping_status":"open","sticky":false,"template":"","format":"image","meta":{"_jetpack_memberships_contains_paid_content":false,"footnotes":"","jetpack_publicize_message":"","jetpack_publicize_feature_enabled":true,"jetpack_social_post_already_shared":true,"jetpack_social_options":{"image_generator_settings":{"template":"highway","default_image_id":0,"enabled":false},"version":2}},"categories":[8,1,2,7,3],"tags":[5030,9626,8777,11007],"class_list":["post-44891","post","type-post","status-publish","format-image","has-post-thumbnail","hentry","category-deliberando","category-diario-armstrong","category-locales","category-politica","category-region","tag-diario-armstrong","tag-diputados-2","tag-lic-graciela-de-la-casa","tag-reforma-constitucional","post_format-post-format-image"],"jetpack_publicize_connections":[],"jetpack_featured_media_url":"https:\/\/armstrongyregion.com.ar\/diario\/wp-content\/uploads\/2024\/12\/Clara-Garcia-.jpg","jetpack_shortlink":"https:\/\/wp.me\/p62QDO-bG3","jetpack_sharing_enabled":true,"amp_enabled":true,"_links":{"self":[{"href":"https:\/\/armstrongyregion.com.ar\/diario\/wp-json\/wp\/v2\/posts\/44891","targetHints":{"allow":["GET"]}}],"collection":[{"href":"https:\/\/armstrongyregion.com.ar\/diario\/wp-json\/wp\/v2\/posts"}],"about":[{"href":"https:\/\/armstrongyregion.com.ar\/diario\/wp-json\/wp\/v2\/types\/post"}],"author":[{"embeddable":true,"href":"https:\/\/armstrongyregion.com.ar\/diario\/wp-json\/wp\/v2\/users\/1"}],"replies":[{"embeddable":true,"href":"https:\/\/armstrongyregion.com.ar\/diario\/wp-json\/wp\/v2\/comments?post=44891"}],"version-history":[{"count":1,"href":"https:\/\/armstrongyregion.com.ar\/diario\/wp-json\/wp\/v2\/posts\/44891\/revisions"}],"predecessor-version":[{"id":44893,"href":"https:\/\/armstrongyregion.com.ar\/diario\/wp-json\/wp\/v2\/posts\/44891\/revisions\/44893"}],"wp:featuredmedia":[{"embeddable":true,"href":"https:\/\/armstrongyregion.com.ar\/diario\/wp-json\/wp\/v2\/media\/44892"}],"wp:attachment":[{"href":"https:\/\/armstrongyregion.com.ar\/diario\/wp-json\/wp\/v2\/media?parent=44891"}],"wp:term":[{"taxonomy":"category","embeddable":true,"href":"https:\/\/armstrongyregion.com.ar\/diario\/wp-json\/wp\/v2\/categories?post=44891"},{"taxonomy":"post_tag","embeddable":true,"href":"https:\/\/armstrongyregion.com.ar\/diario\/wp-json\/wp\/v2\/tags?post=44891"}],"curies":[{"name":"wp","href":"https:\/\/api.w.org\/{rel}","templated":true}]}}