{"id":44888,"date":"2024-12-07T16:49:16","date_gmt":"2024-12-07T16:49:16","guid":{"rendered":"https:\/\/armstrongyregion.com.ar\/diario\/?p=44888"},"modified":"2024-12-07T16:49:18","modified_gmt":"2024-12-07T16:49:18","slug":"armstrong-encendido-del-arbolito-de-plaza-flotron","status":"publish","type":"post","link":"https:\/\/armstrongyregion.com.ar\/diario\/armstrong-encendido-del-arbolito-de-plaza-flotron\/","title":{"rendered":"Armstrong. Encendido del arbolito de Plaza Flotron."},"content":{"rendered":"\n<figure class=\"wp-block-image size-large\"><img loading=\"lazy\" decoding=\"async\" width=\"480\" height=\"480\" src=\"http:\/\/armstrongyregion.com.ar\/diario\/wp-content\/uploads\/2024\/12\/ENCENDIDO-ARBOLITO-8-12-24--480x480.jpg\" alt=\"\" class=\"wp-image-44889\" srcset=\"https:\/\/armstrongyregion.com.ar\/diario\/wp-content\/uploads\/2024\/12\/ENCENDIDO-ARBOLITO-8-12-24--480x480.jpg 480w, https:\/\/armstrongyregion.com.ar\/diario\/wp-content\/uploads\/2024\/12\/ENCENDIDO-ARBOLITO-8-12-24--300x300.jpg 300w, https:\/\/armstrongyregion.com.ar\/diario\/wp-content\/uploads\/2024\/12\/ENCENDIDO-ARBOLITO-8-12-24--150x150.jpg 150w, https:\/\/armstrongyregion.com.ar\/diario\/wp-content\/uploads\/2024\/12\/ENCENDIDO-ARBOLITO-8-12-24--768x768.jpg 768w, https:\/\/armstrongyregion.com.ar\/diario\/wp-content\/uploads\/2024\/12\/ENCENDIDO-ARBOLITO-8-12-24-.jpg 800w\" sizes=\"auto, (max-width: 480px) 100vw, 480px\" \/><\/figure>\n\n\n\n<p>La Municipalidad de Armstrong invita a participar del tradicional encendido del arbolito de Navidad ubicado en el cantero central de Plaza Flotron, el domingo 8 de diciembre a las 20 hs.<\/p>\n\n\n\n<p>Los m\u00e1s peque\u00f1os se encontrar\u00e1n con duendes y sus personajes favoritos que, junto a Pap\u00e1 Noel, los estar\u00e1n esperando para que se saquen una foto con ellos.&nbsp;<\/p>\n\n\n\n<p>Y no se olviden de llevar su cartita con sus deseos para entregarle a Pap\u00e1 Noel!<\/p>\n\n\n\n<p>Los esperamos a todos para encender el esp\u00edritu navide\u00f1o!<\/p>\n","protected":false},"excerpt":{"rendered":"<p>Armstrong. Encendido del arbolito de Plaza Flotron.<\/p>\n","protected":false},"author":1,"featured_media":44889,"comment_status":"open","ping_status":"open","sticky":false,"template":"","format":"image","meta":{"_jetpack_memberships_contains_paid_content":false,"footnotes":"","jetpack_publicize_message":"","jetpack_publicize_feature_enabled":true,"jetpack_social_post_already_shared":true,"jetpack_social_options":{"image_generator_settings":{"template":"highway","default_image_id":0,"enabled":false},"version":2}},"categories":[8,1,2,7,3],"tags":[],"class_list":["post-44888","post","type-post","status-publish","format-image","has-post-thumbnail","hentry","category-deliberando","category-diario-armstrong","category-locales","category-politica","category-region","post_format-post-format-image"],"jetpack_publicize_connections":[],"jetpack_featured_media_url":"https:\/\/armstrongyregion.com.ar\/diario\/wp-content\/uploads\/2024\/12\/ENCENDIDO-ARBOLITO-8-12-24-.jpg","jetpack_shortlink":"https:\/\/wp.me\/p62QDO-bG0","jetpack_sharing_enabled":true,"amp_enabled":true,"_links":{"self":[{"href":"https:\/\/armstrongyregion.com.ar\/diario\/wp-json\/wp\/v2\/posts\/44888","targetHints":{"allow":["GET"]}}],"collection":[{"href":"https:\/\/armstrongyregion.com.ar\/diario\/wp-json\/wp\/v2\/posts"}],"about":[{"href":"https:\/\/armstrongyregion.com.ar\/diario\/wp-json\/wp\/v2\/types\/post"}],"author":[{"embeddable":true,"href":"https:\/\/armstrongyregion.com.ar\/diario\/wp-json\/wp\/v2\/users\/1"}],"replies":[{"embeddable":true,"href":"https:\/\/armstrongyregion.com.ar\/diario\/wp-json\/wp\/v2\/comments?post=44888"}],"version-history":[{"count":1,"href":"https:\/\/armstrongyregion.com.ar\/diario\/wp-json\/wp\/v2\/posts\/44888\/revisions"}],"predecessor-version":[{"id":44890,"href":"https:\/\/armstrongyregion.com.ar\/diario\/wp-json\/wp\/v2\/posts\/44888\/revisions\/44890"}],"wp:featuredmedia":[{"embeddable":true,"href":"https:\/\/armstrongyregion.com.ar\/diario\/wp-json\/wp\/v2\/media\/44889"}],"wp:attachment":[{"href":"https:\/\/armstrongyregion.com.ar\/diario\/wp-json\/wp\/v2\/media?parent=44888"}],"wp:term":[{"taxonomy":"category","embeddable":true,"href":"https:\/\/armstrongyregion.com.ar\/diario\/wp-json\/wp\/v2\/categories?post=44888"},{"taxonomy":"post_tag","embeddable":true,"href":"https:\/\/armstrongyregion.com.ar\/diario\/wp-json\/wp\/v2\/tags?post=44888"}],"curies":[{"name":"wp","href":"https:\/\/api.w.org\/{rel}","templated":true}]}}