{"id":44882,"date":"2024-12-07T16:41:56","date_gmt":"2024-12-07T16:41:56","guid":{"rendered":"https:\/\/armstrongyregion.com.ar\/diario\/?p=44882"},"modified":"2024-12-07T16:41:58","modified_gmt":"2024-12-07T16:41:58","slug":"los-nocheros-le-ponen-musica-a-la-fiesta-provincial-del-asador-de-santa-fe","status":"publish","type":"post","link":"https:\/\/armstrongyregion.com.ar\/diario\/los-nocheros-le-ponen-musica-a-la-fiesta-provincial-del-asador-de-santa-fe\/","title":{"rendered":"Los Nocheros le ponen m\u00fasica a la Fiesta Provincial del Asador de Santa Fe."},"content":{"rendered":"\n<figure class=\"wp-block-image size-large\"><img loading=\"lazy\" decoding=\"async\" width=\"640\" height=\"427\" src=\"http:\/\/armstrongyregion.com.ar\/diario\/wp-content\/uploads\/2024\/12\/Los-Nocheros-640x427.jpg\" alt=\"\" class=\"wp-image-44883\" srcset=\"https:\/\/armstrongyregion.com.ar\/diario\/wp-content\/uploads\/2024\/12\/Los-Nocheros-640x427.jpg 640w, https:\/\/armstrongyregion.com.ar\/diario\/wp-content\/uploads\/2024\/12\/Los-Nocheros-300x200.jpg 300w, https:\/\/armstrongyregion.com.ar\/diario\/wp-content\/uploads\/2024\/12\/Los-Nocheros-768x512.jpg 768w, https:\/\/armstrongyregion.com.ar\/diario\/wp-content\/uploads\/2024\/12\/Los-Nocheros.jpg 960w\" sizes=\"auto, (max-width: 640px) 100vw, 640px\" \/><\/figure>\n\n\n\n<h2 class=\"wp-block-heading\">Desde Montes de Oca (Santa Fe), Televisi\u00f3n P\u00fablica transmite por tercera vez el concurso de asadores que tambi\u00e9n tendr\u00e1 sobre el escenario a destacados artistas locales y los grupos Los Umbides y Los Lirios.<\/h2>\n\n\n\n<p>La localidad santafesina de&nbsp;<strong>Montes de Oca,<\/strong>&nbsp;en el departamento Belgrano \u2013a 147 kil\u00f3metros de Rosario\u2013, ser\u00e1 la sede este s\u00e1bado de la&nbsp;<strong>Fiesta Provincial del Asador,<\/strong>&nbsp;un concurso en el que compiten parrilleros de&nbsp;<strong>Venezuela, Colombia, Per\u00fa, Paraguay, Chile y Uruguay,<\/strong>&nbsp;entre otros pa\u00edses de la regi\u00f3n.<\/p>\n\n\n\n<p>El festival musical de cierre contar\u00e1 con las actuaciones de&nbsp;<strong>Los Nocheros,&nbsp;<\/strong>junto a una grilla de artistas locales, m\u00e1s los santiague\u00f1os&nbsp;<strong>Los Umbides<\/strong>&nbsp;\u2013revelaci\u00f3n del Festival de Jes\u00fas Mar\u00eda 2020, con su particular danza de bombos y show de boleadoras\u2013, el set de&nbsp;<strong>Los Lirios<\/strong>&nbsp;con su invitaci\u00f3n al baile.<\/p>\n\n\n\n<p>\u201cLa idea es poner todo sobre la mesa y que se repita lo de ediciones anteriores donde tuvimos m\u00e1s de cuatro mil personas y que todo el color lo pongan los artistas y que la gente sea la protagonista\u201d, sintetiz\u00f3 el Presidente Comunal&nbsp;<strong>Emanuel Sagripanti,<\/strong>&nbsp;responsable de la organizaci\u00f3n.<\/p>\n\n\n\n<p>El s\u00e1bado el ingreso del p\u00fablico se habilitar\u00e1 a las 13:00, a las 13:30 comenzar\u00e1 la entrega de costillares y a las 14:00 iniciar\u00e1 el encendido del fuego para dar lugar al inicio de la competencia, que tendr\u00e1 80 parejas de asadores en representaci\u00f3n de m\u00e1s de 15 provincias de nuestro pa\u00eds.<\/p>\n\n\n\n<hr class=\"wp-block-separator has-alpha-channel-opacity\"\/>\n\n\n\n<p><strong>El certamen de asadores internacionales<\/strong><\/p>\n\n\n\n<p>El viernes 6 la Comuna de Montes de Oca ofrecer\u00e1 una gran noche con entrada gratuita para conocer el arte culinario de otros pa\u00edses y escuchar buena m\u00fasica. Habr\u00e1 un desaf\u00edo de asadores en el que participar\u00e1n representantes de pa\u00edses latinoamericanos, quienes deber\u00e1n preparar tres platos por pa\u00eds, adem\u00e1s de un postre a la parrilla.<\/p>\n\n\n\n<p>Los platos consistir\u00e1n en hacer T-bone (corte de carne vacuna), solomillo de cerdo y pollo al gancho.<br>Tambi\u00e9n deber\u00e1n realizar para degustaci\u00f3n del p\u00fablico presente un plato t\u00edpico de cada pa\u00eds: Venezuela realizar\u00e1 punta de ganzo (similar a la tapa de cuadril); Colombia har\u00e1 panceta crocante o chicharr\u00f3n colombiano (hecho con panceta de cerdo) y bandeja paisa \u2013una combinaci\u00f3n de granos, carnes y legumbres\u2013; Per\u00fa har\u00e1 ceviche (ensalada de pescado crudo picante, ajo, cebollas y pimientos peruanos) y carapulcra con cerdo al palo (papa seca y cerdo).<br>Por su parte, Paraguay realizar\u00e1 la tradicional sopa paraguaya (harina de ma\u00edz con queso, cebolla, leche y huevos); Chile ofrecer\u00e1 cerdo a los 3 chiles (carne de cerdo con 3 tipos de chiles, una variedad del pimiento); Uruguay cocinar\u00e1 un cordero y Argentina tendr\u00e1 un stand donde asar\u00e1n un cabrito.<\/p>\n\n\n\n<p>Tambi\u00e9n se montar\u00e1 un patio de comidas al disco a total beneficio de instituciones locales y en el escenario habr\u00e1 sorteos y espect\u00e1culos musicales donde se destacan la participaci\u00f3n de Q \u0301Man\u00eda y Los Pr\u00edncipes de la Cumbia.<\/p>\n","protected":false},"excerpt":{"rendered":"<p>Los Nocheros le ponen m\u00fasica a la Fiesta Provincial del Asador de Santa Fe.<\/p>\n","protected":false},"author":1,"featured_media":44883,"comment_status":"open","ping_status":"open","sticky":false,"template":"","format":"image","meta":{"_jetpack_memberships_contains_paid_content":false,"footnotes":"","jetpack_publicize_message":"","jetpack_publicize_feature_enabled":true,"jetpack_social_post_already_shared":true,"jetpack_social_options":{"image_generator_settings":{"template":"highway","default_image_id":0,"enabled":false},"version":2}},"categories":[6,8,1,2,7,3],"tags":[20,5030,11265,8777,11264,9216],"class_list":["post-44882","post","type-post","status-publish","format-image","has-post-thumbnail","hentry","category-cultura-entretenimiento","category-deliberando","category-diario-armstrong","category-locales","category-politica","category-region","tag-armstrong","tag-diario-armstrong","tag-fiesta-del-asador","tag-lic-graciela-de-la-casa","tag-los-nocheros","tag-montes-de-oca","post_format-post-format-image"],"jetpack_publicize_connections":[],"jetpack_featured_media_url":"https:\/\/armstrongyregion.com.ar\/diario\/wp-content\/uploads\/2024\/12\/Los-Nocheros.jpg","jetpack_shortlink":"https:\/\/wp.me\/p62QDO-bFU","jetpack_sharing_enabled":true,"amp_enabled":true,"_links":{"self":[{"href":"https:\/\/armstrongyregion.com.ar\/diario\/wp-json\/wp\/v2\/posts\/44882","targetHints":{"allow":["GET"]}}],"collection":[{"href":"https:\/\/armstrongyregion.com.ar\/diario\/wp-json\/wp\/v2\/posts"}],"about":[{"href":"https:\/\/armstrongyregion.com.ar\/diario\/wp-json\/wp\/v2\/types\/post"}],"author":[{"embeddable":true,"href":"https:\/\/armstrongyregion.com.ar\/diario\/wp-json\/wp\/v2\/users\/1"}],"replies":[{"embeddable":true,"href":"https:\/\/armstrongyregion.com.ar\/diario\/wp-json\/wp\/v2\/comments?post=44882"}],"version-history":[{"count":1,"href":"https:\/\/armstrongyregion.com.ar\/diario\/wp-json\/wp\/v2\/posts\/44882\/revisions"}],"predecessor-version":[{"id":44884,"href":"https:\/\/armstrongyregion.com.ar\/diario\/wp-json\/wp\/v2\/posts\/44882\/revisions\/44884"}],"wp:featuredmedia":[{"embeddable":true,"href":"https:\/\/armstrongyregion.com.ar\/diario\/wp-json\/wp\/v2\/media\/44883"}],"wp:attachment":[{"href":"https:\/\/armstrongyregion.com.ar\/diario\/wp-json\/wp\/v2\/media?parent=44882"}],"wp:term":[{"taxonomy":"category","embeddable":true,"href":"https:\/\/armstrongyregion.com.ar\/diario\/wp-json\/wp\/v2\/categories?post=44882"},{"taxonomy":"post_tag","embeddable":true,"href":"https:\/\/armstrongyregion.com.ar\/diario\/wp-json\/wp\/v2\/tags?post=44882"}],"curies":[{"name":"wp","href":"https:\/\/api.w.org\/{rel}","templated":true}]}}