{"id":44872,"date":"2024-12-05T22:14:30","date_gmt":"2024-12-05T22:14:30","guid":{"rendered":"https:\/\/armstrongyregion.com.ar\/diario\/?p=44872"},"modified":"2024-12-05T22:14:31","modified_gmt":"2024-12-05T22:14:31","slug":"el-samco-de-armstrong-celebro-la-ampliacion-del-edificio-en-mas-de-200-metros-cuadrados","status":"publish","type":"post","link":"https:\/\/armstrongyregion.com.ar\/diario\/el-samco-de-armstrong-celebro-la-ampliacion-del-edificio-en-mas-de-200-metros-cuadrados\/","title":{"rendered":"El Samco de Armstrong celebr\u00f3 la ampliaci\u00f3n del edificio en m\u00e1s de 200 metros cuadrados."},"content":{"rendered":"\n<figure class=\"wp-block-image size-full\"><a href=\"http:\/\/armstrongyregion.com.ar\/diario\/wp-content\/uploads\/2024\/12\/SAMCO-ARMSTRONG-5-12-24.jpg\"><img loading=\"lazy\" decoding=\"async\" width=\"640\" height=\"427\" src=\"http:\/\/armstrongyregion.com.ar\/diario\/wp-content\/uploads\/2024\/12\/SAMCO-ARMSTRONG-5-12-24.jpg\" alt=\"\" class=\"wp-image-44873\" srcset=\"https:\/\/armstrongyregion.com.ar\/diario\/wp-content\/uploads\/2024\/12\/SAMCO-ARMSTRONG-5-12-24.jpg 640w, https:\/\/armstrongyregion.com.ar\/diario\/wp-content\/uploads\/2024\/12\/SAMCO-ARMSTRONG-5-12-24-300x200.jpg 300w\" sizes=\"auto, (max-width: 640px) 100vw, 640px\" \/><\/a><\/figure>\n\n\n\n<h2 class=\"wp-block-heading\">Las obras, realizadas desde 2022 con fondos propios del efector, permitieron refuncionalizar diferentes \u00e1reas y organizar la circulaci\u00f3n de pacientes y personal del efector.<\/h2>\n\n\n\n<p>La comunidad de Armstrong celebr\u00f3 esta ma\u00f1ana la ampliaci\u00f3n del hospital SAMCo de la localidad. El nuevo sector cuenta con tres habitaciones de internaci\u00f3n dobles, con sus respectivos servicios sanitarios e instalaciones, que se anexan a las habitaciones de internaci\u00f3n existentes para alcanzar un total de 24 plazas disponibles. Adem\u00e1s, en el ala oeste del edificio, se habilit\u00f3 formalmente el nuevo sector de Guardia m\u00e9dica y guardia de enfermer\u00eda, con admisi\u00f3n y sala de espera.<\/p>\n\n\n\n<p>La inversi\u00f3n fue realizada a partir de 2022, con fondos gestionados por el efector estimados, que permitieron sectorizar distintos servicios, valorizar el espacio destinado al sistema de emergencias y guardia, diferenciando espacios e ingresos adecuados para ambulancias y urgencias.<\/p>\n\n\n\n<figure class=\"wp-block-image\"><img decoding=\"async\" src=\"https:\/\/ci3.googleusercontent.com\/meips\/ADKq_NbuuIoLxlkEyqJGSx4kHV1fbhxVsVA_6Lu0oW6dK-WKsk1yzT8gUvLzFDGf6Jlm1kuXtRFRABW1PfLb1tm6hw2JmtqOXrtR8mE12F9AfiY0q1e_ulAVNMJW58vlgpgcC417hWvK_6omBev7Vjc=s0-d-e1-ft#https:\/\/www.santafe.gob.ar\/noticias\/recursos\/fotos\/2024\/12\/2024-12-05NID_281859O_2.jpeg\" alt=\"\"\/><\/figure>\n\n\n\n<p>El acto cont\u00f3 con la presencia de la ministra de Salud de la Provincia de Santa Fe, Silvia Ciancio, quien agradeci\u00f3 la invitaci\u00f3n y valor\u00f3 las obras realizadas en el SAMCo \u201cpor la fortaleza que vemos en esta regi\u00f3n y el trabajo conjunto, el compromiso del equipo de salud y la comunidad, que cuando se unen a una decisi\u00f3n pol\u00edtica logran cosas maravillosas\u201d. A casi un a\u00f1o de gesti\u00f3n, en los que recorri\u00f3 centros de salud y hospitales en toda la provincia, se\u00f1al\u00f3 que \u201cel trabajo del gobernador Maximiliano Pullaro, con todo su equipo, es ordenar, dar respuesta y ser m\u00e1s eficientes con los recursos del Estado para transformar situaciones de desigualdad con las que nos seguimos encontrando en esta provincia Invencible, tan extensa y diversa\u201d.<\/p>\n\n\n\n<p>Finalmente valor\u00f3 el gesto del equipo de salud que decidi\u00f3 nombrar a la nueva sala de Guardia en homenaje al Dr. Carlos Trillini, que se desempe\u00f1\u00f3 como director del Servicio de Urgencias hasta su fallecimiento en 2020, a causa del coronavirus. \u201cTodav\u00eda falta ponerle palabras a lo que vivimos durante la pandemia, por eso adem\u00e1s de inaugurar espacios de calidad como este que hoy se habilita en Armstrong, es una decisi\u00f3n del Ministerio de Salud acompa\u00f1ar a los equipos porque tenemos un compromiso con la salud mental y esa es una deuda pendiente que venimos a saldar con el encuentro, el abrazo y el trabajo de cada d\u00eda\u201d, finaliz\u00f3.<\/p>\n\n\n\n<p><strong>Crecimiento planificado<\/strong><\/p>\n\n\n\n<figure class=\"wp-block-image\"><img decoding=\"async\" src=\"https:\/\/ci3.googleusercontent.com\/meips\/ADKq_NY50LGeTg7EqATxVWUwADPQjSnQeuqEECYDYoh1WHuE807U2xWUuNg837a5GmSKNlYIwgkkuQAZ6yOl8afK3E75WnvNRJH55REOwgJAPQiLb4ScmOGLUYfhHckWE8JpPFyBqGYfn2706vNRu5Y=s0-d-e1-ft#https:\/\/www.santafe.gob.ar\/noticias\/recursos\/fotos\/2024\/12\/2024-12-05NID_281859O_3.jpeg\" alt=\"\"\/><\/figure>\n\n\n\n<p>Pablo Verdecchia, senador por el departamento Belgrano, agradeci\u00f3 a la ministra por el acompa\u00f1amiento \u201cporque es un trabajo que tiene que ver con la salud, que Silvia tan bien representa\u201d y al gobernador \u201cque nos impulsa a mejorar, crecer, buscar nuevas oportunidades, al igual que la Comisi\u00f3n y el equipo directivo del Samco\u201d. Y se sum\u00f3 al homenaje al Dr. Trillini: \u201cnos dej\u00f3 muchas ense\u00f1anzas, que tienen que ver con la vocaci\u00f3n de servicio no s\u00f3lo desde la salud\u201d, se\u00f1al\u00f3.<\/p>\n\n\n\n<p>De igual forma, el intendente de la ciudad de Armstrong, Guillermo Luzzi, resalt\u00f3 las cualidades de \u201cCarlitos\u201d, como profesional de la medicina y compa\u00f1ero de trabajo; y remarc\u00f3 que \u201cla ampliaci\u00f3n del SAMCo no es un salto de calidad solamente para el edificio, sino tambi\u00e9n una mejora en la atenci\u00f3n mediante la reorganizaci\u00f3n de las \u00e1reas de consultorios, internaci\u00f3n y emergencias, porque en una situaci\u00f3n cr\u00edtica cada segundo cuenta\u201d.<\/p>\n\n\n\n<figure class=\"wp-block-image\"><img decoding=\"async\" src=\"https:\/\/ci3.googleusercontent.com\/meips\/ADKq_NY42oHsVDo-TOEctcgQCEIHCI4cw47yTbpS0TZcFFG7rGCK9eIp5mig1jxpdSZTaDz6odssT95J7ht5wHC1jLgOJaC8rHmLlfCWwUNPw1Zs_o_iKGZcJLfTsIOZlazmwEt6_FNTmJY5RQBRtMo=s0-d-e1-ft#https:\/\/www.santafe.gob.ar\/noticias\/recursos\/fotos\/2024\/12\/2024-12-05NID_281859O_5.jpeg\" alt=\"\"\/><\/figure>\n\n\n\n<p>La directora del Hospital, Doctora Ver\u00f3nica Barone, se refiri\u00f3 al proyecto de ampliaci\u00f3n, como parte de un plan sanitario: \u201cparece f\u00e1cil hablar de continuidad, pero no es un proceso lineal, cada d\u00eda quienes componemos este SAMCo estamos evaluando y redimensionando objetivos\u201d. En esa l\u00ednea valor\u00f3 el trabajo de la Comisi\u00f3n y las gestiones ante las gestiones municipal, departamental y provincial. \u201cEs para nosotros un honor y una obligaci\u00f3n moral reconocer el recorrido de quien fuera un colega destacado de nuestra ciudad\u201d finaliz\u00f3 en alusi\u00f3n al Dr Trillini.<\/p>\n\n\n\n<p>El Presidente del Consejo de Administraci\u00f3n del SAMCo, Carlos Cuffia, record\u00f3 que las primeras gestiones para mejorar el edificio se iniciaron en 2016, \u201ccuando Pablo Verdecchia era intendente, y vimos que hab\u00eda soluciones que serv\u00edan en el corto plazo pero hac\u00eda falta un plan director y planificar un crecimiento que acompa\u00f1e a nuestra ciudad y a la regi\u00f3n\u201d. Para esta etapa, Cuffia estim\u00f3 que la inversi\u00f3n actualizada ronda los 200.000 d\u00f3lares.<\/p>\n\n\n\n<p>Participaron del acto el subsecretario de Gesti\u00f3n Territorial Sur del Ministerio de Salud, Marcelo Krenz, la directora de la Regi\u00f3n de Salud Rosario, Rosa Dutto; y el Presidente del Concejo Municipal Alejandro Pertusati.<\/p>\n","protected":false},"excerpt":{"rendered":"<p>El Samco de Armstrong celebr\u00f3 la ampliaci\u00f3n del edificio en m\u00e1s de 200 metros cuadrados.<\/p>\n","protected":false},"author":1,"featured_media":44873,"comment_status":"open","ping_status":"open","sticky":false,"template":"","format":"image","meta":{"_jetpack_memberships_contains_paid_content":false,"footnotes":"","jetpack_publicize_message":"","jetpack_publicize_feature_enabled":true,"jetpack_social_post_already_shared":true,"jetpack_social_options":{"image_generator_settings":{"template":"highway","default_image_id":0,"enabled":false},"version":2}},"categories":[8,1,2,7,3],"tags":[20,19,5030,1028,8777,11261,54],"class_list":["post-44872","post","type-post","status-publish","format-image","has-post-thumbnail","hentry","category-deliberando","category-diario-armstrong","category-locales","category-politica","category-region","tag-armstrong","tag-de","tag-diario-armstrong","tag-inauguro","tag-lic-graciela-de-la-casa","tag-sala-de-guardia","tag-samco","post_format-post-format-image"],"jetpack_publicize_connections":[],"jetpack_featured_media_url":"https:\/\/armstrongyregion.com.ar\/diario\/wp-content\/uploads\/2024\/12\/SAMCO-ARMSTRONG-5-12-24.jpg","jetpack_shortlink":"https:\/\/wp.me\/p62QDO-bFK","jetpack_sharing_enabled":true,"amp_enabled":true,"_links":{"self":[{"href":"https:\/\/armstrongyregion.com.ar\/diario\/wp-json\/wp\/v2\/posts\/44872","targetHints":{"allow":["GET"]}}],"collection":[{"href":"https:\/\/armstrongyregion.com.ar\/diario\/wp-json\/wp\/v2\/posts"}],"about":[{"href":"https:\/\/armstrongyregion.com.ar\/diario\/wp-json\/wp\/v2\/types\/post"}],"author":[{"embeddable":true,"href":"https:\/\/armstrongyregion.com.ar\/diario\/wp-json\/wp\/v2\/users\/1"}],"replies":[{"embeddable":true,"href":"https:\/\/armstrongyregion.com.ar\/diario\/wp-json\/wp\/v2\/comments?post=44872"}],"version-history":[{"count":1,"href":"https:\/\/armstrongyregion.com.ar\/diario\/wp-json\/wp\/v2\/posts\/44872\/revisions"}],"predecessor-version":[{"id":44874,"href":"https:\/\/armstrongyregion.com.ar\/diario\/wp-json\/wp\/v2\/posts\/44872\/revisions\/44874"}],"wp:featuredmedia":[{"embeddable":true,"href":"https:\/\/armstrongyregion.com.ar\/diario\/wp-json\/wp\/v2\/media\/44873"}],"wp:attachment":[{"href":"https:\/\/armstrongyregion.com.ar\/diario\/wp-json\/wp\/v2\/media?parent=44872"}],"wp:term":[{"taxonomy":"category","embeddable":true,"href":"https:\/\/armstrongyregion.com.ar\/diario\/wp-json\/wp\/v2\/categories?post=44872"},{"taxonomy":"post_tag","embeddable":true,"href":"https:\/\/armstrongyregion.com.ar\/diario\/wp-json\/wp\/v2\/tags?post=44872"}],"curies":[{"name":"wp","href":"https:\/\/api.w.org\/{rel}","templated":true}]}}