{"id":44855,"date":"2024-12-04T16:01:38","date_gmt":"2024-12-04T16:01:38","guid":{"rendered":"https:\/\/armstrongyregion.com.ar\/diario\/?p=44855"},"modified":"2024-12-04T16:21:03","modified_gmt":"2024-12-04T16:21:03","slug":"proyecto-de-sentido-unico-de-calles-solicitado-por-el-ejecutivo","status":"publish","type":"post","link":"https:\/\/armstrongyregion.com.ar\/diario\/proyecto-de-sentido-unico-de-calles-solicitado-por-el-ejecutivo\/","title":{"rendered":"Proyecto de sentido \u00fanico de calles, solicitado por el ejecutivo."},"content":{"rendered":"\n<figure class=\"wp-block-image size-full\"><a href=\"http:\/\/armstrongyregion.com.ar\/diario\/wp-content\/uploads\/2024\/07\/Prof.Ale-Pertusati-.jpg\"><img loading=\"lazy\" decoding=\"async\" width=\"756\" height=\"598\" src=\"http:\/\/armstrongyregion.com.ar\/diario\/wp-content\/uploads\/2024\/07\/Prof.Ale-Pertusati-.jpg\" alt=\"\" class=\"wp-image-43340\" srcset=\"https:\/\/armstrongyregion.com.ar\/diario\/wp-content\/uploads\/2024\/07\/Prof.Ale-Pertusati-.jpg 756w, https:\/\/armstrongyregion.com.ar\/diario\/wp-content\/uploads\/2024\/07\/Prof.Ale-Pertusati--300x237.jpg 300w\" sizes=\"auto, (max-width: 756px) 100vw, 756px\" \/><\/a><\/figure>\n\n\n\n<p>El presidente del cuerpo deliberativo local, Alejandro Pertusati, detallo temas analizados en la \u00faltima sesi\u00f3n: \u201cSe dio aprobaci\u00f3n a una ordenanza enviada por el ejecutivo, donde se le da sentido \u00fanico de circulaci\u00f3n a la mayor\u00eda de las calles de la zona sur de la ciudad.\u00bb <\/p>\n\n\n\n<p>\u00abEsto se hab\u00eda solicitado en su momento como minuta de comunicaci\u00f3n y como sugerencia al ejecutivo. La idea era darle un orden al tr\u00e1nsito a la zona sur de las v\u00edas de ferrocarril, especialmente porque se entend\u00eda en su momento que eran de doble sentido de circulaci\u00f3n, cuando no hab\u00eda obras de cord\u00f3n cuneta, ni de pavimento. Desde el 2009 a la fecha se concretaron acciones que le han dado<br>un ordenamiento las calles de esa zona, por ello nos pareci\u00f3 correcto que haya un sentido \u00fanico de circulaci\u00f3n, ya que notoriamente se ha incrementado el tr\u00e1nsito vehicular.\u00bb Expres\u00f3 el Pte. del Concejo.<\/p>\n\n\n\n<p> Luego a\u00f1adi\u00f3: \u00abEn esas calles con estas mejoras no se justifica sigan teniendo doble sentido de circulaci\u00f3n en virtud de las medidas que tienen, no se puede estacionar a ambos lados. Por ello a partir del 20 de enero comenzar\u00e1 a regir la ordenanza de mano \u00fanica.\u201d<br><\/p>\n","protected":false},"excerpt":{"rendered":"<p>Proyecto de sentido \u00fanico de calles solicitado por el ejecutivo.<\/p>\n","protected":false},"author":1,"featured_media":43340,"comment_status":"open","ping_status":"open","sticky":false,"template":"","format":"image","meta":{"_jetpack_memberships_contains_paid_content":false,"footnotes":"","jetpack_publicize_message":"","jetpack_publicize_feature_enabled":true,"jetpack_social_post_already_shared":true,"jetpack_social_options":{"image_generator_settings":{"template":"highway","default_image_id":0,"enabled":false},"version":2}},"categories":[8,1,2,7,3],"tags":[1985,19,5030,357,8777,60,639,4121,4495,11256],"class_list":["post-44855","post","type-post","status-publish","format-image","has-post-thumbnail","hentry","category-deliberando","category-diario-armstrong","category-locales","category-politica","category-region","tag-calles","tag-de","tag-diario-armstrong","tag-ejecutivo","tag-lic-graciela-de-la-casa","tag-por","tag-proyecto","tag-sentido","tag-solicitado","tag-unico-2","post_format-post-format-image"],"jetpack_publicize_connections":[],"jetpack_featured_media_url":"https:\/\/armstrongyregion.com.ar\/diario\/wp-content\/uploads\/2024\/07\/Prof.Ale-Pertusati-.jpg","jetpack_shortlink":"https:\/\/wp.me\/p62QDO-bFt","jetpack_sharing_enabled":true,"amp_enabled":true,"_links":{"self":[{"href":"https:\/\/armstrongyregion.com.ar\/diario\/wp-json\/wp\/v2\/posts\/44855","targetHints":{"allow":["GET"]}}],"collection":[{"href":"https:\/\/armstrongyregion.com.ar\/diario\/wp-json\/wp\/v2\/posts"}],"about":[{"href":"https:\/\/armstrongyregion.com.ar\/diario\/wp-json\/wp\/v2\/types\/post"}],"author":[{"embeddable":true,"href":"https:\/\/armstrongyregion.com.ar\/diario\/wp-json\/wp\/v2\/users\/1"}],"replies":[{"embeddable":true,"href":"https:\/\/armstrongyregion.com.ar\/diario\/wp-json\/wp\/v2\/comments?post=44855"}],"version-history":[{"count":2,"href":"https:\/\/armstrongyregion.com.ar\/diario\/wp-json\/wp\/v2\/posts\/44855\/revisions"}],"predecessor-version":[{"id":44857,"href":"https:\/\/armstrongyregion.com.ar\/diario\/wp-json\/wp\/v2\/posts\/44855\/revisions\/44857"}],"wp:featuredmedia":[{"embeddable":true,"href":"https:\/\/armstrongyregion.com.ar\/diario\/wp-json\/wp\/v2\/media\/43340"}],"wp:attachment":[{"href":"https:\/\/armstrongyregion.com.ar\/diario\/wp-json\/wp\/v2\/media?parent=44855"}],"wp:term":[{"taxonomy":"category","embeddable":true,"href":"https:\/\/armstrongyregion.com.ar\/diario\/wp-json\/wp\/v2\/categories?post=44855"},{"taxonomy":"post_tag","embeddable":true,"href":"https:\/\/armstrongyregion.com.ar\/diario\/wp-json\/wp\/v2\/tags?post=44855"}],"curies":[{"name":"wp","href":"https:\/\/api.w.org\/{rel}","templated":true}]}}