{"id":44851,"date":"2024-12-04T15:51:14","date_gmt":"2024-12-04T15:51:14","guid":{"rendered":"https:\/\/armstrongyregion.com.ar\/diario\/?p=44851"},"modified":"2024-12-04T15:51:16","modified_gmt":"2024-12-04T15:51:16","slug":"11-nuevas-aulas-se-construiran-en-el-dto-belgrano-por-gestiones-del-senador-verdecchia","status":"publish","type":"post","link":"https:\/\/armstrongyregion.com.ar\/diario\/11-nuevas-aulas-se-construiran-en-el-dto-belgrano-por-gestiones-del-senador-verdecchia\/","title":{"rendered":"11 nuevas aulas se construir\u00e1n en el Dto. Belgrano por gestiones del Senador Verdecchia."},"content":{"rendered":"\n<figure class=\"wp-block-image size-full\"><a href=\"http:\/\/armstrongyregion.com.ar\/diario\/wp-content\/uploads\/2024\/12\/AULAS-1-.jpg\"><img loading=\"lazy\" decoding=\"async\" width=\"640\" height=\"427\" src=\"http:\/\/armstrongyregion.com.ar\/diario\/wp-content\/uploads\/2024\/12\/AULAS-1-.jpg\" alt=\"\" class=\"wp-image-44852\" srcset=\"https:\/\/armstrongyregion.com.ar\/diario\/wp-content\/uploads\/2024\/12\/AULAS-1-.jpg 640w, https:\/\/armstrongyregion.com.ar\/diario\/wp-content\/uploads\/2024\/12\/AULAS-1--300x200.jpg 300w\" sizes=\"auto, (max-width: 640px) 100vw, 640px\" \/><\/a><\/figure>\n\n\n\n<p>En un acto encabezado por el Gobernador Maximiliano Pullaro y el Ministro de Educaci\u00f3n Jos\u00e9 Goyti se procedi\u00f3 a la firma de convenios del programa \u201c1.000 Aulas\u201d con los Municipios de Armstrong y Las Parejas que ser\u00e1n los encargados de ejecutar las obras. <\/p>\n\n\n\n<figure class=\"wp-block-image size-full\"><a href=\"http:\/\/armstrongyregion.com.ar\/diario\/wp-content\/uploads\/2024\/12\/AULAS-B.jpg\"><img loading=\"lazy\" decoding=\"async\" width=\"640\" height=\"427\" src=\"http:\/\/armstrongyregion.com.ar\/diario\/wp-content\/uploads\/2024\/12\/AULAS-B.jpg\" alt=\"\" class=\"wp-image-44853\" srcset=\"https:\/\/armstrongyregion.com.ar\/diario\/wp-content\/uploads\/2024\/12\/AULAS-B.jpg 640w, https:\/\/armstrongyregion.com.ar\/diario\/wp-content\/uploads\/2024\/12\/AULAS-B-300x200.jpg 300w\" sizes=\"auto, (max-width: 640px) 100vw, 640px\" \/><\/a><\/figure>\n\n\n\n<p>Desde Casa de Gobierno en Santa Fe, Verdecchia declar\u00f3: \u201cFortalecer la infraestructura de las escuelas del Departamento es una prioridad para nuestra gesti\u00f3n. As\u00ed los venimos trabajando desde que arrancamos en diciembre pasado y la verdad es una alegr\u00eda muy grande cerrar el a\u00f1o con este objetivo cumplido. Agradecemos al Gobierno Provincial por tomar las necesidades de nuestro departamento y brindarnos soluciones en todas las \u00e1reas de gobierno\u201d.<\/p>\n\n\n\n<p> En total durante el 2024, se construir\u00e1n 11 nuevas aulas en el departamento. 4 por las que se firmaron convenios hoy, y que est\u00e1n destinadas 1 a las Escuela N\u00b0 51 de Armstrong; 2 a las Escuela N\u00b0 424 de Las Parejas; y 1 a la Escuela N\u00b0 6.017 de Las Parejas. <\/p>\n\n\n\n<p>Y otras 7 nuevas aulas gestionadas por el Senador Verdecchia a lo largo del a\u00f1o 2024 llegando a un total de 11 aulas nuevas que van a fortalecer la infraestructura escolar en el Departamento Belgrano. Detalle: &#8211; 1 Aaula. Escuela N\u00b0 1.232 Las Parejas. &#8211; 2 aulas. Escuela N\u00b0 424 Las Parejas. &#8211; 1 aula. Escuela N\u00b0 6.107 Las Parejas. &#8211; 1 aula. Escuela N\u00b0 600 Armstrong. &#8211; 2 aulas. Escuela N\u00b0 51 Armstrong. &#8211; 1 aula. Escuela N\u00b0 196 Las Rosas. &#8211; 1 aula. Escuela N\u00b0 646 Las Rosas. &#8211; 1 aula. Jardin de Infantes N\u00b0 200 Montes de Oca. &#8211; 1 aula. Escuela N\u00b0 263 Tortugas.<\/p>\n","protected":false},"excerpt":{"rendered":"<p>11 nuevas aulas se construir\u00e1n en el Dto. Belgrano por gestiones del Senador Verdecchia.<\/p>\n","protected":false},"author":1,"featured_media":44852,"comment_status":"open","ping_status":"open","sticky":false,"template":"","format":"image","meta":{"_jetpack_memberships_contains_paid_content":false,"footnotes":"","jetpack_publicize_message":"","jetpack_publicize_feature_enabled":true,"jetpack_social_post_already_shared":true,"jetpack_social_options":{"image_generator_settings":{"template":"highway","default_image_id":0,"enabled":false},"version":2}},"categories":[6,1,2,7,3],"tags":[11254,20,5030,11255,1306,8777,10438],"class_list":["post-44851","post","type-post","status-publish","format-image","has-post-thumbnail","hentry","category-cultura-entretenimiento","category-diario-armstrong","category-locales","category-politica","category-region","tag-11-aulas","tag-armstrong","tag-diario-armstrong","tag-dto-belgrano-2","tag-gestiones","tag-lic-graciela-de-la-casa","tag-senador-verdecchia","post_format-post-format-image"],"jetpack_publicize_connections":[],"jetpack_featured_media_url":"https:\/\/armstrongyregion.com.ar\/diario\/wp-content\/uploads\/2024\/12\/AULAS-1-.jpg","jetpack_shortlink":"https:\/\/wp.me\/p62QDO-bFp","jetpack_sharing_enabled":true,"amp_enabled":true,"_links":{"self":[{"href":"https:\/\/armstrongyregion.com.ar\/diario\/wp-json\/wp\/v2\/posts\/44851","targetHints":{"allow":["GET"]}}],"collection":[{"href":"https:\/\/armstrongyregion.com.ar\/diario\/wp-json\/wp\/v2\/posts"}],"about":[{"href":"https:\/\/armstrongyregion.com.ar\/diario\/wp-json\/wp\/v2\/types\/post"}],"author":[{"embeddable":true,"href":"https:\/\/armstrongyregion.com.ar\/diario\/wp-json\/wp\/v2\/users\/1"}],"replies":[{"embeddable":true,"href":"https:\/\/armstrongyregion.com.ar\/diario\/wp-json\/wp\/v2\/comments?post=44851"}],"version-history":[{"count":1,"href":"https:\/\/armstrongyregion.com.ar\/diario\/wp-json\/wp\/v2\/posts\/44851\/revisions"}],"predecessor-version":[{"id":44854,"href":"https:\/\/armstrongyregion.com.ar\/diario\/wp-json\/wp\/v2\/posts\/44851\/revisions\/44854"}],"wp:featuredmedia":[{"embeddable":true,"href":"https:\/\/armstrongyregion.com.ar\/diario\/wp-json\/wp\/v2\/media\/44852"}],"wp:attachment":[{"href":"https:\/\/armstrongyregion.com.ar\/diario\/wp-json\/wp\/v2\/media?parent=44851"}],"wp:term":[{"taxonomy":"category","embeddable":true,"href":"https:\/\/armstrongyregion.com.ar\/diario\/wp-json\/wp\/v2\/categories?post=44851"},{"taxonomy":"post_tag","embeddable":true,"href":"https:\/\/armstrongyregion.com.ar\/diario\/wp-json\/wp\/v2\/tags?post=44851"}],"curies":[{"name":"wp","href":"https:\/\/api.w.org\/{rel}","templated":true}]}}