{"id":44843,"date":"2024-12-04T15:40:35","date_gmt":"2024-12-04T15:40:35","guid":{"rendered":"https:\/\/armstrongyregion.com.ar\/diario\/?p=44843"},"modified":"2024-12-04T15:40:38","modified_gmt":"2024-12-04T15:40:38","slug":"armstrong-entrega-de-libretas-y-certificados","status":"publish","type":"post","link":"https:\/\/armstrongyregion.com.ar\/diario\/armstrong-entrega-de-libretas-y-certificados\/","title":{"rendered":"Armstrong. Entrega de libretas y certificados."},"content":{"rendered":"\n<figure class=\"wp-block-image size-full\"><a href=\"http:\/\/armstrongyregion.com.ar\/diario\/wp-content\/uploads\/2024\/12\/CONSERVATORIO3-.jpg\"><img loading=\"lazy\" decoding=\"async\" width=\"723\" height=\"482\" src=\"http:\/\/armstrongyregion.com.ar\/diario\/wp-content\/uploads\/2024\/12\/CONSERVATORIO3-.jpg\" alt=\"\" class=\"wp-image-44844\" srcset=\"https:\/\/armstrongyregion.com.ar\/diario\/wp-content\/uploads\/2024\/12\/CONSERVATORIO3-.jpg 723w, https:\/\/armstrongyregion.com.ar\/diario\/wp-content\/uploads\/2024\/12\/CONSERVATORIO3--300x200.jpg 300w\" sizes=\"auto, (max-width: 723px) 100vw, 723px\" \/><\/a><\/figure>\n\n\n\n<p>El d\u00eda martes 3 de diciembre en las instalaciones del Centro Tradicionalista El Tropero y en un acto<br>encabezado por el Intendente Guillermo Luzzi y la secretaria de Educaci\u00f3n y Desarrollo Integral<br>Rosana Siri, el Conservatorio Municipal de M\u00fasica cerr\u00f3 su ciclo lectivo 2024.<\/p>\n\n\n\n<figure class=\"wp-block-image size-full\"><a href=\"http:\/\/armstrongyregion.com.ar\/diario\/wp-content\/uploads\/2024\/12\/CONSERVATORIO2-.jpg\"><img loading=\"lazy\" decoding=\"async\" width=\"739\" height=\"493\" src=\"http:\/\/armstrongyregion.com.ar\/diario\/wp-content\/uploads\/2024\/12\/CONSERVATORIO2-.jpg\" alt=\"\" class=\"wp-image-44845\" srcset=\"https:\/\/armstrongyregion.com.ar\/diario\/wp-content\/uploads\/2024\/12\/CONSERVATORIO2-.jpg 739w, https:\/\/armstrongyregion.com.ar\/diario\/wp-content\/uploads\/2024\/12\/CONSERVATORIO2--300x200.jpg 300w\" sizes=\"auto, (max-width: 739px) 100vw, 739px\" \/><\/a><\/figure>\n\n\n\n<p><br>Bajo la direcci\u00f3n general del Profesor Cristian Gualtieri, los responsables de cada c\u00e1tedra, elencos<br>estables y talleres, hicieron entrega de libretas de calificaciones y certificados a cada uno de los<br>integrantes.<\/p>\n\n\n\n<figure class=\"wp-block-image size-full\"><a href=\"http:\/\/armstrongyregion.com.ar\/diario\/wp-content\/uploads\/2024\/12\/CONSERVATORIO6-.jpg\"><img loading=\"lazy\" decoding=\"async\" width=\"715\" height=\"477\" src=\"http:\/\/armstrongyregion.com.ar\/diario\/wp-content\/uploads\/2024\/12\/CONSERVATORIO6-.jpg\" alt=\"\" class=\"wp-image-44846\" srcset=\"https:\/\/armstrongyregion.com.ar\/diario\/wp-content\/uploads\/2024\/12\/CONSERVATORIO6-.jpg 715w, https:\/\/armstrongyregion.com.ar\/diario\/wp-content\/uploads\/2024\/12\/CONSERVATORIO6--300x200.jpg 300w\" sizes=\"auto, (max-width: 715px) 100vw, 715px\" \/><\/a><\/figure>\n\n\n\n<p><\/p>\n\n\n\n<figure class=\"wp-block-image size-full\"><a href=\"http:\/\/armstrongyregion.com.ar\/diario\/wp-content\/uploads\/2024\/12\/CONSERVATORIO-5-.jpg\"><img loading=\"lazy\" decoding=\"async\" width=\"690\" height=\"460\" src=\"http:\/\/armstrongyregion.com.ar\/diario\/wp-content\/uploads\/2024\/12\/CONSERVATORIO-5-.jpg\" alt=\"\" class=\"wp-image-44847\" srcset=\"https:\/\/armstrongyregion.com.ar\/diario\/wp-content\/uploads\/2024\/12\/CONSERVATORIO-5-.jpg 690w, https:\/\/armstrongyregion.com.ar\/diario\/wp-content\/uploads\/2024\/12\/CONSERVATORIO-5--300x200.jpg 300w\" sizes=\"auto, (max-width: 690px) 100vw, 690px\" \/><\/a><\/figure>\n\n\n\n<p><br>Los mismos fueron:<br>C\u00e1tedras:<\/p>\n\n\n\n<ul class=\"wp-block-list\">\n<li>Acorde\u00f3n \u2013 Prof. Cristian Gualtieri<\/li>\n\n\n\n<li>Bater\u00eda y percusi\u00f3n \u2013 Prof. Valent\u00edn M\u00e1rquez<\/li>\n\n\n\n<li>Flauta traversa y clarinete \u2013 Prof. Graciela Ortiz<\/li>\n\n\n\n<li>Guitarra cl\u00e1sica \u2013 Prof. Cristian Guzm\u00e1n<\/li>\n\n\n\n<li>Guitarra el\u00e9ctrica y bajo \u2013 Prof. Joaqu\u00edn Mart\u00ednez<\/li>\n\n\n\n<li>Piano \u2013 Prof. Alejo Castro<\/li>\n\n\n\n<li>Saxo y flauta \u2013 Prof. Federico Sigrist<\/li>\n\n\n\n<li>Trompeta y tromb\u00f3n \u2013 Prof. Gustavo Mart\u00ednez<\/li>\n\n\n\n<li>Viol\u00edn \u2013 Prof. Ayel\u00e9n Bastida<\/li>\n\n\n\n<li>Violonchelo \u2013 Prof. Mart\u00edn Trist\u00e1n<br>Elencos Estables:<\/li>\n\n\n\n<li>Banda \u2013 Prof. Joaqu\u00edn Mart\u00ednez<\/li>\n\n\n\n<li>Ensamble de Vientos \u2013 Prof. Valent\u00edn M\u00e1rquez<\/li>\n\n\n\n<li>Ensamble Folcl\u00f3rico \u2013 Prof. Cristian Guzm\u00e1n<\/li>\n\n\n\n<li>Coro de Adultos \u2013 Prof. Nanci Roca<\/li>\n\n\n\n<li>Coro de Ni\u00f1os \u2013 Prof. Nanci Roca<br>Talleres:<\/li>\n<\/ul>\n\n\n\n<p><\/p>\n\n\n\n<figure class=\"wp-block-image size-full\"><a href=\"http:\/\/armstrongyregion.com.ar\/diario\/wp-content\/uploads\/2024\/12\/CONSERVATORIO-1-.jpg\"><img loading=\"lazy\" decoding=\"async\" width=\"705\" height=\"470\" src=\"http:\/\/armstrongyregion.com.ar\/diario\/wp-content\/uploads\/2024\/12\/CONSERVATORIO-1-.jpg\" alt=\"\" class=\"wp-image-44848\" srcset=\"https:\/\/armstrongyregion.com.ar\/diario\/wp-content\/uploads\/2024\/12\/CONSERVATORIO-1-.jpg 705w, https:\/\/armstrongyregion.com.ar\/diario\/wp-content\/uploads\/2024\/12\/CONSERVATORIO-1--300x200.jpg 300w\" sizes=\"auto, (max-width: 705px) 100vw, 705px\" \/><\/a><\/figure>\n\n\n\n<ul class=\"wp-block-list\">\n<li>Taller vocal \u2013 Prof. Nanci Roca<\/li>\n\n\n\n<li>Iniciaci\u00f3n musical \u2013 Prof. Nanci Roca<br>Al finalizar las entregas se pudo disfrutar la presentaci\u00f3n de m\u00fasicos de todas las edades, alumnos y<br>profesores, que se unen generando nuevas propuestas.<br>Aprender m\u00fasica tiene un significado profundo y m\u00faltiples beneficios que influyen tanto en el<br>desarrollo personal como en el social.<br>La m\u00fasica es una forma de expresi\u00f3n art\u00edstica que trasciende culturas y lenguajes. Aprender m\u00fasica<br>implica no s\u00f3lo adquirir habilidades t\u00e9cnicas en un instrumento o en la voz, sino tambi\u00e9n desarrollar<br>una comprensi\u00f3n m\u00e1s profunda de la creatividad, la emoci\u00f3n y la comunicaci\u00f3n.<\/li>\n\n\n\n<li><\/li>\n<\/ul>\n\n\n\n<figure class=\"wp-block-image size-full\"><a href=\"http:\/\/armstrongyregion.com.ar\/diario\/wp-content\/uploads\/2024\/12\/CONSERVATORIO4-.jpg\"><img loading=\"lazy\" decoding=\"async\" width=\"723\" height=\"482\" src=\"http:\/\/armstrongyregion.com.ar\/diario\/wp-content\/uploads\/2024\/12\/CONSERVATORIO4-.jpg\" alt=\"\" class=\"wp-image-44849\" srcset=\"https:\/\/armstrongyregion.com.ar\/diario\/wp-content\/uploads\/2024\/12\/CONSERVATORIO4-.jpg 723w, https:\/\/armstrongyregion.com.ar\/diario\/wp-content\/uploads\/2024\/12\/CONSERVATORIO4--300x200.jpg 300w\" sizes=\"auto, (max-width: 723px) 100vw, 723px\" \/><\/a><\/figure>\n","protected":false},"excerpt":{"rendered":"<p>Armstrong. Entrega de libretas y certificados.<\/p>\n","protected":false},"author":1,"featured_media":44844,"comment_status":"open","ping_status":"open","sticky":false,"template":"","format":"image","meta":{"_jetpack_memberships_contains_paid_content":false,"footnotes":"","jetpack_publicize_message":"","jetpack_publicize_feature_enabled":true,"jetpack_social_post_already_shared":true,"jetpack_social_options":{"image_generator_settings":{"template":"highway","default_image_id":0,"enabled":false},"version":2}},"categories":[6,8,1,2,3],"tags":[20,411,5030,323,11253,8777],"class_list":["post-44843","post","type-post","status-publish","format-image","has-post-thumbnail","hentry","category-cultura-entretenimiento","category-deliberando","category-diario-armstrong","category-locales","category-region","tag-armstrong","tag-certificados","tag-diario-armstrong","tag-entrega","tag-libretas","tag-lic-graciela-de-la-casa","post_format-post-format-image"],"jetpack_publicize_connections":[],"jetpack_featured_media_url":"https:\/\/armstrongyregion.com.ar\/diario\/wp-content\/uploads\/2024\/12\/CONSERVATORIO3-.jpg","jetpack_shortlink":"https:\/\/wp.me\/p62QDO-bFh","jetpack_sharing_enabled":true,"amp_enabled":true,"_links":{"self":[{"href":"https:\/\/armstrongyregion.com.ar\/diario\/wp-json\/wp\/v2\/posts\/44843","targetHints":{"allow":["GET"]}}],"collection":[{"href":"https:\/\/armstrongyregion.com.ar\/diario\/wp-json\/wp\/v2\/posts"}],"about":[{"href":"https:\/\/armstrongyregion.com.ar\/diario\/wp-json\/wp\/v2\/types\/post"}],"author":[{"embeddable":true,"href":"https:\/\/armstrongyregion.com.ar\/diario\/wp-json\/wp\/v2\/users\/1"}],"replies":[{"embeddable":true,"href":"https:\/\/armstrongyregion.com.ar\/diario\/wp-json\/wp\/v2\/comments?post=44843"}],"version-history":[{"count":1,"href":"https:\/\/armstrongyregion.com.ar\/diario\/wp-json\/wp\/v2\/posts\/44843\/revisions"}],"predecessor-version":[{"id":44850,"href":"https:\/\/armstrongyregion.com.ar\/diario\/wp-json\/wp\/v2\/posts\/44843\/revisions\/44850"}],"wp:featuredmedia":[{"embeddable":true,"href":"https:\/\/armstrongyregion.com.ar\/diario\/wp-json\/wp\/v2\/media\/44844"}],"wp:attachment":[{"href":"https:\/\/armstrongyregion.com.ar\/diario\/wp-json\/wp\/v2\/media?parent=44843"}],"wp:term":[{"taxonomy":"category","embeddable":true,"href":"https:\/\/armstrongyregion.com.ar\/diario\/wp-json\/wp\/v2\/categories?post=44843"},{"taxonomy":"post_tag","embeddable":true,"href":"https:\/\/armstrongyregion.com.ar\/diario\/wp-json\/wp\/v2\/tags?post=44843"}],"curies":[{"name":"wp","href":"https:\/\/api.w.org\/{rel}","templated":true}]}}