{"id":44829,"date":"2024-12-03T21:53:45","date_gmt":"2024-12-03T21:53:45","guid":{"rendered":"https:\/\/armstrongyregion.com.ar\/diario\/?p=44829"},"modified":"2024-12-03T21:53:47","modified_gmt":"2024-12-03T21:53:47","slug":"pullaro-destaco-que-el-desafio-es-dejar-un-mejor-y-fortalecido-sistema-educativo-en-la-provincia","status":"publish","type":"post","link":"https:\/\/armstrongyregion.com.ar\/diario\/pullaro-destaco-que-el-desafio-es-dejar-un-mejor-y-fortalecido-sistema-educativo-en-la-provincia\/","title":{"rendered":"Pullaro destac\u00f3 que \u201cel desaf\u00edo es dejar un mejor y fortalecido sistema educativo en la provincia\u201d"},"content":{"rendered":"\n<figure class=\"wp-block-image size-full\"><a href=\"http:\/\/armstrongyregion.com.ar\/diario\/wp-content\/uploads\/2024\/12\/Maxi-Pullaro-3-12-24-.jpg\"><img loading=\"lazy\" decoding=\"async\" width=\"800\" height=\"533\" src=\"http:\/\/armstrongyregion.com.ar\/diario\/wp-content\/uploads\/2024\/12\/Maxi-Pullaro-3-12-24-.jpg\" alt=\"\" class=\"wp-image-44830\" srcset=\"https:\/\/armstrongyregion.com.ar\/diario\/wp-content\/uploads\/2024\/12\/Maxi-Pullaro-3-12-24-.jpg 800w, https:\/\/armstrongyregion.com.ar\/diario\/wp-content\/uploads\/2024\/12\/Maxi-Pullaro-3-12-24--300x200.jpg 300w, https:\/\/armstrongyregion.com.ar\/diario\/wp-content\/uploads\/2024\/12\/Maxi-Pullaro-3-12-24--768x512.jpg 768w\" sizes=\"auto, (max-width: 800px) 100vw, 800px\" \/><\/a><\/figure>\n\n\n\n<h2 class=\"wp-block-heading\">As\u00ed lo se\u00f1al\u00f3 el gobernador al firmar convenios del programa 1000 Aulas. \u201cVienen reformas m\u00e1s profundas en el sistema educativo, pero si una escuela no tiene gas o pintura, todo se viene abajo. Por eso tenemos que trabajar para que la comunidad educativa tenga las condiciones adecuadas\u201d, remarc\u00f3.\u00a0<\/h2>\n\n\n\n<p>En el marco del Programa 1000 Aulas, el gobernador Maximiliano Pullaro firm\u00f3 este martes convenios con 64 municipios y comunas para la construcci\u00f3n de 75 aulas en diferentes establecimientos escolares de los 19 departamentos, con una inversi\u00f3n del Gobierno provincial de m\u00e1s de 3.500 millones de pesos. Cada aula demandar\u00e1 una inversi\u00f3n de 48 millones de pesos.<\/p>\n\n\n\n<figure class=\"wp-block-image\"><img decoding=\"async\" src=\"https:\/\/ci3.googleusercontent.com\/meips\/ADKq_NZ22KGodchHFqjMdaLu6ZoYjbHc5gKJUGIsTi1FC6piEcZBXZMj7KU0be_WyIPgAmgTxiP31f2rlKwH7jvn8H0UJKeH3oQgL53VF4eUhCpnzmNIgntcqloa2pGWxSd8UklYpgTlJ9zCWYECR2A=s0-d-e1-ft#https:\/\/www.santafe.gob.ar\/noticias\/recursos\/fotos\/2024\/12\/2024-12-03NID_281843O_2.jpeg\" alt=\"\"\/><\/figure>\n\n\n\n<p>Durante el acto, en el sal\u00f3n Blanco de Casa de Gobierno, Pullaro se\u00f1al\u00f3 que \u201ceste programa surgi\u00f3 cuando debat\u00edamos pol\u00edticas p\u00fablicas de educaci\u00f3n y vimos que hab\u00eda que poner en orden un sistema donde el Estado invert\u00eda muchos recursos, pero el impacto en la calidad educativa no era el esperado; esto no era culpa de los maestros o directivos, era culpa de que hab\u00eda un sistema completamente desorganizado que no establec\u00eda claramente cu\u00e1les eran las prioridades\u201d.&nbsp;<\/p>\n\n\n\n<p>\u201cDurante un a\u00f1o y medio recorrimos cada una de las regiones de la provincia; hicimos muchas reuniones con docentes para priorizar los aprendizajes y visitamos escuelas donde muchos directivos nos dec\u00edan: \u2018ac\u00e1 nos falta un aula\u2019. Por eso invertimos en este programa y cubrir esta falencia\u201d.&nbsp;<\/p>\n\n\n\n<p>A continuaci\u00f3n, Pullaro se\u00f1al\u00f3 que \u201cvienen reformas m\u00e1s profundas en el sistema educativo, pero s\u00ed a una escuela le falta una lamparita, no tiene gas o pintura, todas las reformas que pretendamos hacer se vienen abajo. Por eso tenemos que trabajar mucho para que la comunidad educativa: chicos, chicas, maestros, asistentes escolares y directivos puedan tener las condiciones adecuadas\u201d.&nbsp;<\/p>\n\n\n\n<p>\u201cEste a\u00f1o establecimos un objetivo de 250 aulas, y llegamos a las 333; el a\u00f1o que viene tal vez lleguemos a las 1000, que era la meta a cuatro a\u00f1os. Luego, el desaf\u00edo ser\u00e1n las nuevas escuelas que tenemos que hacer en funci\u00f3n del crecimiento poblacional de Santa Fe para, en tres a\u00f1os y siete d\u00edas, que va a terminar nuestro mandato, dejar un mejor y fortalecido sistema educativo\u201d, concluy\u00f3 Pullaro.&nbsp;<\/p>\n\n\n\n<figure class=\"wp-block-image\"><img decoding=\"async\" src=\"https:\/\/ci3.googleusercontent.com\/meips\/ADKq_NY46XncE52Wd72OoFQVRRAn41115bDbia-4bkISfK1rAqQPAASBTSspbt6_r2QnjoEinBKXgnCNr221AxTtfXB64xCXrLBzbCDME5Ngm10Fsqe-dVH4vQIl04m_4g8-9JkQhtpyhpp8XSfgj9A=s0-d-e1-ft#https:\/\/www.santafe.gob.ar\/noticias\/recursos\/fotos\/2024\/12\/2024-12-03NID_281843O_3.jpeg\" alt=\"\"\/><\/figure>\n\n\n\n<p><strong>Primera meta cumplida<\/strong><\/p>\n\n\n\n<p>A su turno, la vicegobernador Gisela Scaglia indic\u00f3 que \u201cme llena de orgullo saber que cumplimos con nuestra primera meta, que era devolver a los chicos la posibilidad de estudiar en un sal\u00f3n y en un banco\u201d; y destac\u00f3 \u201cel compromiso de intendentes y presidentes comunales de terminar la obra\u201d.<\/p>\n\n\n\n<p>Por su parte, el ministro de Educaci\u00f3n, Jos\u00e9 Goity, se\u00f1al\u00f3 que \u201ccreemos que el Estado es fundamental para el desarrollo de cualquier sociedad, por eso ejecutamos este programa, que empez\u00f3 en la escuela y termina en la escuela, porque la educaci\u00f3n no se construye en ning\u00fan lugar que no sea en el aula, con un docente y un chico, aprendiendo. Cuando anunciamos algo es porque el presupuesto y el proyecto ya est\u00e1, y en este caso la plata va a estar girada en los pr\u00f3ximos d\u00edas, y las aulas terminadas en tres meses\u201d, concluy\u00f3 Goity.<\/p>\n\n\n\n<p>A continuaci\u00f3n, la secretaria de Coordinaci\u00f3n y Gesti\u00f3n de Recursos, Mar\u00eda Mart\u00edn, se\u00f1al\u00f3 que \u201cestamos firmando el \u00faltimo gran convenio de construcci\u00f3n de aulas. Trabajamos todos los d\u00edas para cumplir la premisa del gobernador de que a ninguna escuela le falte nada; esto hay que hacerlo con programas, con acciones y con ideas concretas. Hoy estamos invirtiendo m\u00e1s de 45.000 millones de pesos en infraestructura escolar\u201d.&nbsp;<\/p>\n\n\n\n<figure class=\"wp-block-image\"><img decoding=\"async\" src=\"https:\/\/ci3.googleusercontent.com\/meips\/ADKq_NamOxkSrDHBzjqaIq_srrLswef-QMuayCunQu4QEpFKSw1wmfWUX9UD0IQ2y8tq7R2sQWJqgUSDeONbwLjc852Cwtg1_mcEovZrwhR2XIb_Rl30IwYbzXvCBW4N9FfqUARF0qeCc7yQRWMwy4o=s0-d-e1-ft#https:\/\/www.santafe.gob.ar\/noticias\/recursos\/fotos\/2024\/12\/2024-12-03NID_281843O_4.jpeg\" alt=\"\"\/><\/figure>\n\n\n\n<p><strong>Di\u00e1logo institucional<\/strong><\/p>\n\n\n\n<p>Por su parte, el presidente provisional del Senado, Felipe Michlig, destac\u00f3 \u201clos logros obtenidos en las diferentes \u00e1reas del Estado, particularmente en materia educativa, como la no repitencia, la mayor cantidad de d\u00edas de clases, el incentivo a los docentes, y mejoras edilicias en las escuelas\u201d.<\/p>\n\n\n\n<p>Por \u00faltimo, la presidenta de la C\u00e1mara de Diputados y Diputadas de Santa Fe, Clara Garc\u00eda, resalt\u00f3 \u201cel di\u00e1logo del ministro con directores, coordinando mejoras edilicias. Este es el norte que el gobernador nos plantea: avanzar en una infraestructura de calidad para el sistema educativo\u201d.&nbsp;<\/p>\n\n\n\n<p>Tambi\u00e9n estuvieron presentes los ministros de Gobierno e Innovaci\u00f3n P\u00fablica, Fabi\u00e1n Bastia, y de Igualdad y Desarrollo Humano, Victoria Tejeda; el secretario General de la Gobernaci\u00f3n, Juan Cruz C\u00e1ndido; y las secretarias de Educaci\u00f3n, Carolina Piedrabuena, y de Gesti\u00f3n Territorial Educativa, Daiana Gallo Ambrosis.<\/p>\n\n\n\n<figure class=\"wp-block-image\"><img decoding=\"async\" src=\"https:\/\/ci3.googleusercontent.com\/meips\/ADKq_NaiFCsGCtMmWPoeF0EKz_h5-f_ReTER4O2X1xtYBQ4uqC8S2rSCG9544XmPF5eIEBm_z8sgKGpJJufo6TwvANQhf-KycoxMBOMA4L1YVsX_Y6W3DpUVXrCVvtkKORD0SjieVvsUTMUb_oZPx00=s0-d-e1-ft#https:\/\/www.santafe.gob.ar\/noticias\/recursos\/fotos\/2024\/12\/2024-12-03NID_281843O_6.jpeg\" alt=\"\"\/><\/figure>\n\n\n\n<p><strong>1000 Aulas<\/strong><\/p>\n\n\n\n<p>Con este programa el Gobierno provincial busca mejorar la infraestructura escolar para posibilitar que los aprendizajes se desarrollen en contextos adecuados para el alumno. En lo que va de 2024 ya est\u00e1n en ejecuci\u00f3n 259 aulas con una inversi\u00f3n que asciende a 17 mil millones de pesos.<\/p>\n","protected":false},"excerpt":{"rendered":"<p>Pullaro destac\u00f3 que \u201cel desaf\u00edo es dejar un mejor y fortalecido sistema educativo en la provincia\u201d<\/p>\n","protected":false},"author":1,"featured_media":44830,"comment_status":"open","ping_status":"open","sticky":false,"template":"","format":"image","meta":{"_jetpack_memberships_contains_paid_content":false,"footnotes":"","jetpack_publicize_message":"","jetpack_publicize_feature_enabled":true,"jetpack_social_post_already_shared":true,"jetpack_social_options":{"image_generator_settings":{"template":"highway","default_image_id":0,"enabled":false},"version":2}},"categories":[8,1,2,7,3],"tags":[2061,11248,5030,11249,8777,8640,2846,11250],"class_list":["post-44829","post","type-post","status-publish","format-image","has-post-thumbnail","hentry","category-deliberando","category-diario-armstrong","category-locales","category-politica","category-region","tag-dejar","tag-desafio-2","tag-diario-armstrong","tag-fortalecido","tag-lic-graciela-de-la-casa","tag-provincia-2","tag-pullaro","tag-sistema-educativo-2","post_format-post-format-image"],"jetpack_publicize_connections":[],"jetpack_featured_media_url":"https:\/\/armstrongyregion.com.ar\/diario\/wp-content\/uploads\/2024\/12\/Maxi-Pullaro-3-12-24-.jpg","jetpack_shortlink":"https:\/\/wp.me\/p62QDO-bF3","jetpack_sharing_enabled":true,"amp_enabled":true,"_links":{"self":[{"href":"https:\/\/armstrongyregion.com.ar\/diario\/wp-json\/wp\/v2\/posts\/44829","targetHints":{"allow":["GET"]}}],"collection":[{"href":"https:\/\/armstrongyregion.com.ar\/diario\/wp-json\/wp\/v2\/posts"}],"about":[{"href":"https:\/\/armstrongyregion.com.ar\/diario\/wp-json\/wp\/v2\/types\/post"}],"author":[{"embeddable":true,"href":"https:\/\/armstrongyregion.com.ar\/diario\/wp-json\/wp\/v2\/users\/1"}],"replies":[{"embeddable":true,"href":"https:\/\/armstrongyregion.com.ar\/diario\/wp-json\/wp\/v2\/comments?post=44829"}],"version-history":[{"count":1,"href":"https:\/\/armstrongyregion.com.ar\/diario\/wp-json\/wp\/v2\/posts\/44829\/revisions"}],"predecessor-version":[{"id":44831,"href":"https:\/\/armstrongyregion.com.ar\/diario\/wp-json\/wp\/v2\/posts\/44829\/revisions\/44831"}],"wp:featuredmedia":[{"embeddable":true,"href":"https:\/\/armstrongyregion.com.ar\/diario\/wp-json\/wp\/v2\/media\/44830"}],"wp:attachment":[{"href":"https:\/\/armstrongyregion.com.ar\/diario\/wp-json\/wp\/v2\/media?parent=44829"}],"wp:term":[{"taxonomy":"category","embeddable":true,"href":"https:\/\/armstrongyregion.com.ar\/diario\/wp-json\/wp\/v2\/categories?post=44829"},{"taxonomy":"post_tag","embeddable":true,"href":"https:\/\/armstrongyregion.com.ar\/diario\/wp-json\/wp\/v2\/tags?post=44829"}],"curies":[{"name":"wp","href":"https:\/\/api.w.org\/{rel}","templated":true}]}}