{"id":44824,"date":"2024-12-03T00:31:04","date_gmt":"2024-12-03T00:31:04","guid":{"rendered":"https:\/\/armstrongyregion.com.ar\/diario\/?p=44824"},"modified":"2024-12-03T00:31:06","modified_gmt":"2024-12-03T00:31:06","slug":"programa-emprendedor-activa-fue-presentado-en-armstrong-para-el-departamento-belgrano","status":"publish","type":"post","link":"https:\/\/armstrongyregion.com.ar\/diario\/programa-emprendedor-activa-fue-presentado-en-armstrong-para-el-departamento-belgrano\/","title":{"rendered":"Programa Emprendedor Activa, fue presentado en Armstrong para el departamento Belgrano."},"content":{"rendered":"\n<figure class=\"wp-block-image size-full\"><a href=\"http:\/\/armstrongyregion.com.ar\/diario\/wp-content\/uploads\/2024\/12\/credito-avanza-2-.jpg\"><img loading=\"lazy\" decoding=\"async\" width=\"640\" height=\"480\" src=\"http:\/\/armstrongyregion.com.ar\/diario\/wp-content\/uploads\/2024\/12\/credito-avanza-2-.jpg\" alt=\"\" class=\"wp-image-44825\" srcset=\"https:\/\/armstrongyregion.com.ar\/diario\/wp-content\/uploads\/2024\/12\/credito-avanza-2-.jpg 640w, https:\/\/armstrongyregion.com.ar\/diario\/wp-content\/uploads\/2024\/12\/credito-avanza-2--300x225.jpg 300w\" sizes=\"auto, (max-width: 640px) 100vw, 640px\" \/><\/a><\/figure>\n\n\n\n<p>Funcionarios provinciales del Ministerio de la Producci\u00f3n visitaron nuestra ciudad, al respecto el senador departamental Pablo Verdecchia, dio los detalles del encuentro:<strong> \u201cRecibimos en Armstrong, al ministro de Desarrollo Productivo, Gustavo Puccini, acompa\u00f1ado de Gonzalo Tosselli, a los efectos de firmar una acta compromiso que tiene que ver con un programa puntual que es el \u201cEmprendedor Activa\u201d. <\/strong><\/p>\n\n\n\n<figure class=\"wp-block-image size-full\"><a href=\"http:\/\/armstrongyregion.com.ar\/diario\/wp-content\/uploads\/2024\/12\/credito-avanza-1-.jpg\"><img loading=\"lazy\" decoding=\"async\" width=\"640\" height=\"480\" src=\"http:\/\/armstrongyregion.com.ar\/diario\/wp-content\/uploads\/2024\/12\/credito-avanza-1-.jpg\" alt=\"\" class=\"wp-image-44826\" srcset=\"https:\/\/armstrongyregion.com.ar\/diario\/wp-content\/uploads\/2024\/12\/credito-avanza-1-.jpg 640w, https:\/\/armstrongyregion.com.ar\/diario\/wp-content\/uploads\/2024\/12\/credito-avanza-1--300x225.jpg 300w\" sizes=\"auto, (max-width: 640px) 100vw, 640px\" \/><\/a><\/figure>\n\n\n\n<p>\u00abFundamentalmente recorriendo y palpando la visi\u00f3n estrat\u00e9gica del Ministerio, en cada uno de los departamentos de la provincia viendo cada uno de los sectores productivos. Nuestro departamento es uno de los que el tema productivo es el de mayor importancia. Por ello nuestro agradecimiento por la presencia del ministro para que junto a intendentes y presidentes comunales podamos firmar este acta compromiso.\u201d A\u00f1adi\u00f3 el Legislador.<\/p>\n\n\n\n<figure class=\"wp-block-image size-full\"><a href=\"http:\/\/armstrongyregion.com.ar\/diario\/wp-content\/uploads\/2024\/12\/Credito-avanza-3-.jpg\"><img loading=\"lazy\" decoding=\"async\" width=\"480\" height=\"640\" src=\"http:\/\/armstrongyregion.com.ar\/diario\/wp-content\/uploads\/2024\/12\/Credito-avanza-3-.jpg\" alt=\"\" class=\"wp-image-44827\" srcset=\"https:\/\/armstrongyregion.com.ar\/diario\/wp-content\/uploads\/2024\/12\/Credito-avanza-3-.jpg 480w, https:\/\/armstrongyregion.com.ar\/diario\/wp-content\/uploads\/2024\/12\/Credito-avanza-3--225x300.jpg 225w\" sizes=\"auto, (max-width: 480px) 100vw, 480px\" \/><\/a><\/figure>\n\n\n\n<p><br>A su momento el ministro dio detalles del mismo: \u201cEste es un programa de cr\u00e9ditos dentro de la l\u00ednea activa que tenemos en el ministerio de Desarrollo Productivo. Comenzamos primero firmando acuerdos con las entidades financieras hacia principio de a\u00f1o, con los distintos bancos m\u00e1s de 64 mil millones de pesos que se fueron firmando a lo largo del a\u00f1o, pero nos faltaba un escal\u00f3n que era este, con los municipios y las comunas que son quienes est\u00e1n m\u00e1s cerca de los emprendedores, primer eslab\u00f3n productivo, que a veces un monotributista no puede ir a golpear a un banco, porque es menos flexible, porque quiz\u00e1 le piden una carpeta que no tiene y necesita montos o recursos m\u00e1s r\u00e1pidos.<\/p>\n\n\n\n<p><br>El Ministro continu\u00f3: \u00abPor eso entend\u00edamos que hab\u00eda que crear una l\u00ednea de cr\u00e9ditos con los municipios y las comunas, as\u00ed que vamos a poner a disposici\u00f3n en esta primera etapa aqu\u00ed en el departamento 42.5 millones de pesos en estas comunas y municipios en total. Son cr\u00e9ditos que van desde los 750 mil pesos a los 2.5 millones, eso lo dispondr\u00e1 la municipalidad o la comuna de acuerdo a los proyectos<br>que vayan recibiendo. Este cr\u00e9dito tiene una devoluci\u00f3n con un 15% de inter\u00e9s en 36 cuotas, con lo cual es accesible. La idea es que a dichos cr\u00e9ditos el emprendedor pueda devolver, porque le va a permitir a la<br>comuna o municipio, volver a volcarlo a mundo productivo.\u201d<\/p>\n","protected":false},"excerpt":{"rendered":"<p>Programa Emprendedor Activa, fue presentado en Armstrong para el departamento Belgrano.<\/p>\n","protected":false},"author":1,"featured_media":44825,"comment_status":"open","ping_status":"open","sticky":false,"template":"","format":"image","meta":{"_jetpack_memberships_contains_paid_content":false,"footnotes":"","jetpack_publicize_message":"","jetpack_publicize_feature_enabled":true,"jetpack_social_post_already_shared":true,"jetpack_social_options":{"image_generator_settings":{"template":"highway","default_image_id":0,"enabled":false},"version":2}},"categories":[8,1,2,7,3],"tags":[20,8606,872,5030,16,11247,15,1665,8777,81,10710,582],"class_list":["post-44824","post","type-post","status-publish","format-image","has-post-thumbnail","hentry","category-deliberando","category-diario-armstrong","category-locales","category-politica","category-region","tag-armstrong","tag-belgrano-2","tag-departamento","tag-diario-armstrong","tag-el","tag-emprendedor-activa","tag-en","tag-fue","tag-lic-graciela-de-la-casa","tag-para","tag-presentado","tag-programa","post_format-post-format-image"],"jetpack_publicize_connections":[],"jetpack_featured_media_url":"https:\/\/armstrongyregion.com.ar\/diario\/wp-content\/uploads\/2024\/12\/credito-avanza-2-.jpg","jetpack_shortlink":"https:\/\/wp.me\/p62QDO-bEY","jetpack_sharing_enabled":true,"amp_enabled":true,"_links":{"self":[{"href":"https:\/\/armstrongyregion.com.ar\/diario\/wp-json\/wp\/v2\/posts\/44824","targetHints":{"allow":["GET"]}}],"collection":[{"href":"https:\/\/armstrongyregion.com.ar\/diario\/wp-json\/wp\/v2\/posts"}],"about":[{"href":"https:\/\/armstrongyregion.com.ar\/diario\/wp-json\/wp\/v2\/types\/post"}],"author":[{"embeddable":true,"href":"https:\/\/armstrongyregion.com.ar\/diario\/wp-json\/wp\/v2\/users\/1"}],"replies":[{"embeddable":true,"href":"https:\/\/armstrongyregion.com.ar\/diario\/wp-json\/wp\/v2\/comments?post=44824"}],"version-history":[{"count":1,"href":"https:\/\/armstrongyregion.com.ar\/diario\/wp-json\/wp\/v2\/posts\/44824\/revisions"}],"predecessor-version":[{"id":44828,"href":"https:\/\/armstrongyregion.com.ar\/diario\/wp-json\/wp\/v2\/posts\/44824\/revisions\/44828"}],"wp:featuredmedia":[{"embeddable":true,"href":"https:\/\/armstrongyregion.com.ar\/diario\/wp-json\/wp\/v2\/media\/44825"}],"wp:attachment":[{"href":"https:\/\/armstrongyregion.com.ar\/diario\/wp-json\/wp\/v2\/media?parent=44824"}],"wp:term":[{"taxonomy":"category","embeddable":true,"href":"https:\/\/armstrongyregion.com.ar\/diario\/wp-json\/wp\/v2\/categories?post=44824"},{"taxonomy":"post_tag","embeddable":true,"href":"https:\/\/armstrongyregion.com.ar\/diario\/wp-json\/wp\/v2\/tags?post=44824"}],"curies":[{"name":"wp","href":"https:\/\/api.w.org\/{rel}","templated":true}]}}