{"id":44817,"date":"2024-12-02T14:13:43","date_gmt":"2024-12-02T14:13:43","guid":{"rendered":"https:\/\/armstrongyregion.com.ar\/diario\/?p=44817"},"modified":"2024-12-02T14:13:46","modified_gmt":"2024-12-02T14:13:46","slug":"se-inauguro-el-primer-piso-de-la-utn-armstrong","status":"publish","type":"post","link":"https:\/\/armstrongyregion.com.ar\/diario\/se-inauguro-el-primer-piso-de-la-utn-armstrong\/","title":{"rendered":"Se inaugur\u00f3 el primer piso de la UTN Armstrong."},"content":{"rendered":"\n<figure class=\"wp-block-image size-full\"><a href=\"http:\/\/armstrongyregion.com.ar\/diario\/wp-content\/uploads\/2024\/12\/UTN-1-.jpg\"><img loading=\"lazy\" decoding=\"async\" width=\"658\" height=\"439\" src=\"http:\/\/armstrongyregion.com.ar\/diario\/wp-content\/uploads\/2024\/12\/UTN-1-.jpg\" alt=\"\" class=\"wp-image-44818\" srcset=\"https:\/\/armstrongyregion.com.ar\/diario\/wp-content\/uploads\/2024\/12\/UTN-1-.jpg 658w, https:\/\/armstrongyregion.com.ar\/diario\/wp-content\/uploads\/2024\/12\/UTN-1--300x200.jpg 300w\" sizes=\"auto, (max-width: 658px) 100vw, 658px\" \/><\/a><\/figure>\n\n\n\n<p>El viernes 29 de noviembre qued\u00f3 inaugurado el primer piso del edificio donde se encuentra la<br>extensi\u00f3n \u00e1ulica Armstrong de la Universidad Tecnol\u00f3gica Nacional (UTN) con la presencia de<br>autoridades y representantes de instituciones y empresas.<\/p>\n\n\n\n<figure class=\"wp-block-image size-full\"><a href=\"http:\/\/armstrongyregion.com.ar\/diario\/wp-content\/uploads\/2024\/12\/UTN-3-.jpg\"><img loading=\"lazy\" decoding=\"async\" width=\"717\" height=\"478\" src=\"http:\/\/armstrongyregion.com.ar\/diario\/wp-content\/uploads\/2024\/12\/UTN-3-.jpg\" alt=\"\" class=\"wp-image-44819\" srcset=\"https:\/\/armstrongyregion.com.ar\/diario\/wp-content\/uploads\/2024\/12\/UTN-3-.jpg 717w, https:\/\/armstrongyregion.com.ar\/diario\/wp-content\/uploads\/2024\/12\/UTN-3--300x200.jpg 300w\" sizes=\"auto, (max-width: 717px) 100vw, 717px\" \/><\/a><\/figure>\n\n\n\n<p><br>El Intendente Guillermo Luzzi y el Decano de la UTN Ing. Rub\u00e9n Ciccarelli realizaron el tradicional<br>corte de cinta para ingresar al nuevo espacio con un dise\u00f1o amplio y luminoso que cuenta con 2<br>aulas, 1 aula, 1 oficina, 1 dep\u00f3sito y un sum que, a futuro, se puede transformar en otras aulas.<\/p>\n\n\n\n<figure class=\"wp-block-image size-full\"><a href=\"http:\/\/armstrongyregion.com.ar\/diario\/wp-content\/uploads\/2024\/12\/UTN2-.jpg\"><img loading=\"lazy\" decoding=\"async\" width=\"640\" height=\"427\" src=\"http:\/\/armstrongyregion.com.ar\/diario\/wp-content\/uploads\/2024\/12\/UTN2-.jpg\" alt=\"\" class=\"wp-image-44820\" srcset=\"https:\/\/armstrongyregion.com.ar\/diario\/wp-content\/uploads\/2024\/12\/UTN2-.jpg 640w, https:\/\/armstrongyregion.com.ar\/diario\/wp-content\/uploads\/2024\/12\/UTN2--300x200.jpg 300w\" sizes=\"auto, (max-width: 640px) 100vw, 640px\" \/><\/a><\/figure>\n\n\n\n<p><br>Ciccarelli manifest\u00f3: \u201cEstamos muy felices por la inauguraci\u00f3n de este espacio. Estamos trabajando<br>con objetivos muy claros y hoy vamos a concluir con la agenda para el a\u00f1o 2025\u201d.<\/p>\n\n\n\n<figure class=\"wp-block-image size-full\"><a href=\"http:\/\/armstrongyregion.com.ar\/diario\/wp-content\/uploads\/2024\/12\/UTN-4-.jpg\"><img loading=\"lazy\" decoding=\"async\" width=\"725\" height=\"484\" src=\"http:\/\/armstrongyregion.com.ar\/diario\/wp-content\/uploads\/2024\/12\/UTN-4-.jpg\" alt=\"\" class=\"wp-image-44821\" srcset=\"https:\/\/armstrongyregion.com.ar\/diario\/wp-content\/uploads\/2024\/12\/UTN-4-.jpg 725w, https:\/\/armstrongyregion.com.ar\/diario\/wp-content\/uploads\/2024\/12\/UTN-4--300x200.jpg 300w\" sizes=\"auto, (max-width: 725px) 100vw, 725px\" \/><\/a><\/figure>\n\n\n\n<p><br>Por su parte, el Intendente Luzzi record\u00f3 que \u201cdesde hace varios a\u00f1os est\u00e1n trabajando ambas<br>instituciones de manera conjunta. Estamos orgullosos de la oferta educativa que tenemos en<br>Armstrong y seguimos gestionando para obtener m\u00e1s logros\u201d, dijo.<\/p>\n","protected":false},"excerpt":{"rendered":"<p>Se inaugur\u00f3 el primer piso de la UTN Armstrong.<\/p>\n","protected":false},"author":1,"featured_media":44818,"comment_status":"open","ping_status":"open","sticky":false,"template":"","format":"image","meta":{"_jetpack_memberships_contains_paid_content":false,"footnotes":"","jetpack_publicize_message":"","jetpack_publicize_feature_enabled":true,"jetpack_social_post_already_shared":true,"jetpack_social_options":{"image_generator_settings":{"template":"highway","default_image_id":0,"enabled":false},"version":2}},"categories":[8,1,2,7,3],"tags":[20,5030,16,1028,8777,11246,86,9379],"class_list":["post-44817","post","type-post","status-publish","format-image","has-post-thumbnail","hentry","category-deliberando","category-diario-armstrong","category-locales","category-politica","category-region","tag-armstrong","tag-diario-armstrong","tag-el","tag-inauguro","tag-lic-graciela-de-la-casa","tag-primer-piso","tag-se","tag-utn","post_format-post-format-image"],"jetpack_publicize_connections":[],"jetpack_featured_media_url":"https:\/\/armstrongyregion.com.ar\/diario\/wp-content\/uploads\/2024\/12\/UTN-1-.jpg","jetpack_shortlink":"https:\/\/wp.me\/p62QDO-bER","jetpack_sharing_enabled":true,"amp_enabled":true,"_links":{"self":[{"href":"https:\/\/armstrongyregion.com.ar\/diario\/wp-json\/wp\/v2\/posts\/44817","targetHints":{"allow":["GET"]}}],"collection":[{"href":"https:\/\/armstrongyregion.com.ar\/diario\/wp-json\/wp\/v2\/posts"}],"about":[{"href":"https:\/\/armstrongyregion.com.ar\/diario\/wp-json\/wp\/v2\/types\/post"}],"author":[{"embeddable":true,"href":"https:\/\/armstrongyregion.com.ar\/diario\/wp-json\/wp\/v2\/users\/1"}],"replies":[{"embeddable":true,"href":"https:\/\/armstrongyregion.com.ar\/diario\/wp-json\/wp\/v2\/comments?post=44817"}],"version-history":[{"count":1,"href":"https:\/\/armstrongyregion.com.ar\/diario\/wp-json\/wp\/v2\/posts\/44817\/revisions"}],"predecessor-version":[{"id":44822,"href":"https:\/\/armstrongyregion.com.ar\/diario\/wp-json\/wp\/v2\/posts\/44817\/revisions\/44822"}],"wp:featuredmedia":[{"embeddable":true,"href":"https:\/\/armstrongyregion.com.ar\/diario\/wp-json\/wp\/v2\/media\/44818"}],"wp:attachment":[{"href":"https:\/\/armstrongyregion.com.ar\/diario\/wp-json\/wp\/v2\/media?parent=44817"}],"wp:term":[{"taxonomy":"category","embeddable":true,"href":"https:\/\/armstrongyregion.com.ar\/diario\/wp-json\/wp\/v2\/categories?post=44817"},{"taxonomy":"post_tag","embeddable":true,"href":"https:\/\/armstrongyregion.com.ar\/diario\/wp-json\/wp\/v2\/tags?post=44817"}],"curies":[{"name":"wp","href":"https:\/\/api.w.org\/{rel}","templated":true}]}}