{"id":44812,"date":"2024-12-02T12:42:26","date_gmt":"2024-12-02T12:42:26","guid":{"rendered":"https:\/\/armstrongyregion.com.ar\/diario\/?p=44812"},"modified":"2024-12-02T14:36:36","modified_gmt":"2024-12-02T14:36:36","slug":"pullaro-toda-integracion-que-logremos-en-la-region-centro-y-mas-aun-si-es-desde-los-jovenes-empuja-el-cambio-en-argentina","status":"publish","type":"post","link":"https:\/\/armstrongyregion.com.ar\/diario\/pullaro-toda-integracion-que-logremos-en-la-region-centro-y-mas-aun-si-es-desde-los-jovenes-empuja-el-cambio-en-argentina\/","title":{"rendered":"Pullaro: \u201cToda integraci\u00f3n que logremos en la Regi\u00f3n Centro, y m\u00e1s a\u00fan si es desde los j\u00f3venes, empuja el cambio en Argentina\u201d"},"content":{"rendered":"\n<figure class=\"wp-block-image size-large\"><a href=\"http:\/\/armstrongyregion.com.ar\/diario\/wp-content\/uploads\/2024\/12\/region-centro-1-.jpeg\"><img loading=\"lazy\" decoding=\"async\" width=\"1024\" height=\"682\" src=\"http:\/\/armstrongyregion.com.ar\/diario\/wp-content\/uploads\/2024\/12\/region-centro-1--1024x682.jpeg\" alt=\"\" class=\"wp-image-44813\" srcset=\"https:\/\/armstrongyregion.com.ar\/diario\/wp-content\/uploads\/2024\/12\/region-centro-1--1024x682.jpeg 1024w, https:\/\/armstrongyregion.com.ar\/diario\/wp-content\/uploads\/2024\/12\/region-centro-1--300x200.jpeg 300w, https:\/\/armstrongyregion.com.ar\/diario\/wp-content\/uploads\/2024\/12\/region-centro-1--768x512.jpeg 768w, https:\/\/armstrongyregion.com.ar\/diario\/wp-content\/uploads\/2024\/12\/region-centro-1--1536x1023.jpeg 1536w, https:\/\/armstrongyregion.com.ar\/diario\/wp-content\/uploads\/2024\/12\/region-centro-1-.jpeg 1600w\" sizes=\"auto, (max-width: 1024px) 100vw, 1024px\" \/><\/a><\/figure>\n\n\n\n<h2 class=\"wp-block-heading\">El gobernador Santa Fe encabez\u00f3 el acto de apertura de la XII edici\u00f3n de los Juegos Deportivos de la Regi\u00f3n Centro, oportunidad en la entreg\u00f3 medallas de premiaci\u00f3n de algunas disciplinas junto a autoridades de Entre R\u00edos y C\u00f3rdoba.<\/h2>\n\n\n\n<figure class=\"wp-block-embed is-type-video is-provider-youtube wp-block-embed-youtube wp-embed-aspect-16-9 wp-has-aspect-ratio\"><div class=\"wp-block-embed__wrapper\">\n<iframe loading=\"lazy\" title=\"Toda integraci\u00f3n en la Regi\u00f3n Centro, m\u00e1s a\u00fan si es desde los j\u00f3venes, empuja el cambio en Argentina\" width=\"800\" height=\"450\" src=\"https:\/\/www.youtube.com\/embed\/GGmjn0bh7bg?feature=oembed\" frameborder=\"0\" allow=\"accelerometer; autoplay; clipboard-write; encrypted-media; gyroscope; picture-in-picture; web-share\" referrerpolicy=\"strict-origin-when-cross-origin\" allowfullscreen><\/iframe>\n<\/div><\/figure>\n\n\n\n<p><\/p>\n\n\n\n<figure class=\"wp-block-image size-full\"><a href=\"http:\/\/armstrongyregion.com.ar\/diario\/wp-content\/uploads\/2024\/12\/Region-Centro-2-.jpg\"><img loading=\"lazy\" decoding=\"async\" width=\"800\" height=\"533\" src=\"http:\/\/armstrongyregion.com.ar\/diario\/wp-content\/uploads\/2024\/12\/Region-Centro-2-.jpg\" alt=\"\" class=\"wp-image-44814\" srcset=\"https:\/\/armstrongyregion.com.ar\/diario\/wp-content\/uploads\/2024\/12\/Region-Centro-2-.jpg 800w, https:\/\/armstrongyregion.com.ar\/diario\/wp-content\/uploads\/2024\/12\/Region-Centro-2--300x200.jpg 300w, https:\/\/armstrongyregion.com.ar\/diario\/wp-content\/uploads\/2024\/12\/Region-Centro-2--768x512.jpg 768w\" sizes=\"auto, (max-width: 800px) 100vw, 800px\" \/><\/a><\/figure>\n\n\n\n<p>En el marco de la XII edici\u00f3n de los Juegos Deportivos de la Regi\u00f3n Centro, el gobernador de la provincia de Santa Fe, Maximiliano Pullaro, encabez\u00f3 este s\u00e1bado la entrega de las medallas de premiaci\u00f3n de tres disciplinas. M\u00e1s de 600 atletas de las provincias de C\u00f3rdoba, Entre R\u00edos y Santa Fe participan de este encuentro que se lleva a cabo hasta este domingo en la ciudad de Santa Fe. Estos Juegos se destacan por su nivel competitivo y por su enfoque en la inclusi\u00f3n y la integraci\u00f3n regional, con competencias tanto en modalidades convencionales como adaptadas.<\/p>\n\n\n\n<figure class=\"wp-block-image size-large\"><a href=\"http:\/\/armstrongyregion.com.ar\/diario\/wp-content\/uploads\/2024\/12\/Region-Centro-3-.jpeg\"><img loading=\"lazy\" decoding=\"async\" width=\"1024\" height=\"682\" src=\"http:\/\/armstrongyregion.com.ar\/diario\/wp-content\/uploads\/2024\/12\/Region-Centro-3--1024x682.jpeg\" alt=\"\" class=\"wp-image-44815\" srcset=\"https:\/\/armstrongyregion.com.ar\/diario\/wp-content\/uploads\/2024\/12\/Region-Centro-3--1024x682.jpeg 1024w, https:\/\/armstrongyregion.com.ar\/diario\/wp-content\/uploads\/2024\/12\/Region-Centro-3--300x200.jpeg 300w, https:\/\/armstrongyregion.com.ar\/diario\/wp-content\/uploads\/2024\/12\/Region-Centro-3--768x512.jpeg 768w, https:\/\/armstrongyregion.com.ar\/diario\/wp-content\/uploads\/2024\/12\/Region-Centro-3--1536x1023.jpeg 1536w, https:\/\/armstrongyregion.com.ar\/diario\/wp-content\/uploads\/2024\/12\/Region-Centro-3-.jpeg 1600w\" sizes=\"auto, (max-width: 1024px) 100vw, 1024px\" \/><\/a><\/figure>\n\n\n\n<p>Durante la actividad, el gobernador entreg\u00f3 las medallas a los ganadores de atletismo convencional 5 x 80 femenino posta, atletismo convencional 5 x 80 masculino posta, salto en largo adaptado femenino, salto en largo adaptado masculino, judo categor\u00eda categor\u00eda cadete masculino hasta 66 kg y judo categor\u00eda categor\u00eda cadete femenino hasta 63 kg.<\/p>\n\n\n\n<p>En la oportunidad, Pullaro sostuvo que \u201ces un honor poder recibir a los competidores como gobernador de la provincia de Santa Fe. Es un halago que vengan de C\u00f3rdoba y Entre R\u00edos y que juntos podamos engrandecer el deporte, la hermandad y la confraternidad\u201d.<\/p>\n\n\n\n<p>\u201cEl deporte nos une, tiene que ver con nuestra cultura, tradiciones y lo que somos. Toda integraci\u00f3n que podamos lograr en la Regi\u00f3n Centro, fundamentalmente desde los m\u00e1s j\u00f3venes, nos va a servir para que nuestras provincias se sigan integrando y puedan hacer una gran regi\u00f3n, para que sea la que empuje al cambio en la Rep\u00fablica Argentina\u201d, finaliz\u00f3 el gobernador de Santa Fe.<\/p>\n\n\n\n<p><strong>Fomentar el esp\u00edritu deportivo<\/strong><\/p>\n\n\n\n<p>Durante la actividad, llevada a cabo en el CARD, la vicegobernadora de Santa Fe, Gisela Scaglia, sostuvo: \u201cDisfruten y h\u00e1ganse amigos porque es lo m\u00e1s importante. Bienvenidos a nuestra provincia\u201d.<\/p>\n\n\n\n<p>Por su parte, la vicegobernadora de Entre R\u00edos, Alicia Aluani, agradeci\u00f3 la bienvenida y afirm\u00f3: \u201cEs un orgullo estar hoy aqu\u00ed en estos juegos de la Regi\u00f3n Centro, que enaltecen al esp\u00edritu deportivo y resalta los valores de las provincias que integramos este espacio. M\u00e1s all\u00e1 de los resultados, esos valores son para toda la vida\u201d.<\/p>\n\n\n\n<p>En tanto, el secretario de Integraci\u00f3n Regional y Relaciones Internacionales de C\u00f3rdoba, Carlos Massei, manifest\u00f3 que \u201cesta competencia es la voluntad de tres gobernadores por la integraci\u00f3n regional, social, cultural, productiva y deportiva. Ese es el desarrollo que queremos para nuestro pa\u00eds\u201d.<\/p>\n\n\n\n<p>Por su parte, la secretaria de Deportes de Santa Fe, Flavia Padin, destac\u00f3 el trabajo en equipo: \u201cHace muchos meses que venimos trabajando para hoy llevar a cabo estos Juegos. Las competencias se llevan a cabo en lugares que se eligen y se preparan. Por eso muchas gracias por todo el esfuerzo\u201d. Adem\u00e1s, Padin resalt\u00f3 que la \u201cprovincia de Santa Fe se ha convertido en la campeona nacional de los Juegos Nacionales Evita\u201d.<\/p>\n\n\n\n<p>Por \u00faltimo, la subsecretaria de la Regi\u00f3n Centro por Santa Fe, Claudia Giaccone, explic\u00f3 que el objetivo de estas actividades es \u201creforzar los lazos de integraci\u00f3n en nuestra regi\u00f3n con Entre R\u00edos y C\u00f3rdoba. La Regi\u00f3n Centro es un actor protag\u00f3nico en el escenario nacional. Con el deporte estamos formando buenas personas\u201d.<\/p>\n\n\n\n<p><strong>Programaci\u00f3n y objetivos<\/strong><\/p>\n\n\n\n<p>Con sede en el Centro de Alto Rendimiento Deportivo (CARD), Regatas, Col\u00f3n, UTN y Ateneo Inmaculada, las disciplinas que se disputan en Santa Fe hasta el domingo 1 de diciembre son atletismo, nataci\u00f3n, b\u00e1squetbol, voleibol, handball, hockey, judo, f\u00fatbol y rugby.<\/p>\n\n\n\n<p>Estos Juegos son una iniciativa conjunta interprovincial que apuntan a promover valores como la amistad, el respeto y el trabajo en equipo a trav\u00e9s del deporte. Adem\u00e1s, buscan destacar el talento de los j\u00f3venes atletas de la regi\u00f3n, fomentando la inclusi\u00f3n y la superaci\u00f3n personal.<\/p>\n","protected":false},"excerpt":{"rendered":"<p>Pullaro: \u201cToda integraci\u00f3n que logremos en la Regi\u00f3n Centro, y m\u00e1s a\u00fan si es desde los j\u00f3venes, empuja el cambio en Argentina\u201d<\/p>\n","protected":false},"author":1,"featured_media":44813,"comment_status":"open","ping_status":"open","sticky":false,"template":"","format":"image","meta":{"_jetpack_memberships_contains_paid_content":false,"footnotes":"","jetpack_publicize_message":"","jetpack_publicize_feature_enabled":true,"jetpack_social_post_already_shared":true,"jetpack_social_options":{"image_generator_settings":{"template":"highway","default_image_id":0,"enabled":false},"version":2}},"categories":[8,1,2,7,3],"tags":[5030,3361,67,8777,2846,10515],"class_list":["post-44812","post","type-post","status-publish","format-image","has-post-thumbnail","hentry","category-deliberando","category-diario-armstrong","category-locales","category-politica","category-region","tag-diario-armstrong","tag-integracion","tag-jovenes","tag-lic-graciela-de-la-casa","tag-pullaro","tag-region-centro","post_format-post-format-image"],"jetpack_publicize_connections":[],"jetpack_featured_media_url":"https:\/\/armstrongyregion.com.ar\/diario\/wp-content\/uploads\/2024\/12\/region-centro-1-.jpeg","jetpack_shortlink":"https:\/\/wp.me\/p62QDO-bEM","jetpack_sharing_enabled":true,"amp_enabled":true,"_links":{"self":[{"href":"https:\/\/armstrongyregion.com.ar\/diario\/wp-json\/wp\/v2\/posts\/44812","targetHints":{"allow":["GET"]}}],"collection":[{"href":"https:\/\/armstrongyregion.com.ar\/diario\/wp-json\/wp\/v2\/posts"}],"about":[{"href":"https:\/\/armstrongyregion.com.ar\/diario\/wp-json\/wp\/v2\/types\/post"}],"author":[{"embeddable":true,"href":"https:\/\/armstrongyregion.com.ar\/diario\/wp-json\/wp\/v2\/users\/1"}],"replies":[{"embeddable":true,"href":"https:\/\/armstrongyregion.com.ar\/diario\/wp-json\/wp\/v2\/comments?post=44812"}],"version-history":[{"count":2,"href":"https:\/\/armstrongyregion.com.ar\/diario\/wp-json\/wp\/v2\/posts\/44812\/revisions"}],"predecessor-version":[{"id":44823,"href":"https:\/\/armstrongyregion.com.ar\/diario\/wp-json\/wp\/v2\/posts\/44812\/revisions\/44823"}],"wp:featuredmedia":[{"embeddable":true,"href":"https:\/\/armstrongyregion.com.ar\/diario\/wp-json\/wp\/v2\/media\/44813"}],"wp:attachment":[{"href":"https:\/\/armstrongyregion.com.ar\/diario\/wp-json\/wp\/v2\/media?parent=44812"}],"wp:term":[{"taxonomy":"category","embeddable":true,"href":"https:\/\/armstrongyregion.com.ar\/diario\/wp-json\/wp\/v2\/categories?post=44812"},{"taxonomy":"post_tag","embeddable":true,"href":"https:\/\/armstrongyregion.com.ar\/diario\/wp-json\/wp\/v2\/tags?post=44812"}],"curies":[{"name":"wp","href":"https:\/\/api.w.org\/{rel}","templated":true}]}}