{"id":44806,"date":"2024-12-02T12:30:35","date_gmt":"2024-12-02T12:30:35","guid":{"rendered":"https:\/\/armstrongyregion.com.ar\/diario\/?p=44806"},"modified":"2024-12-02T12:30:38","modified_gmt":"2024-12-02T12:30:38","slug":"unidos-presento-una-declaracion-por-el-25n-dia-internacional-para-la-eliminacion-de-la-violencia-contra-las-mujeres","status":"publish","type":"post","link":"https:\/\/armstrongyregion.com.ar\/diario\/unidos-presento-una-declaracion-por-el-25n-dia-internacional-para-la-eliminacion-de-la-violencia-contra-las-mujeres\/","title":{"rendered":"Unidos present\u00f3 una declaraci\u00f3n por el 25N, D\u00eda Internacional para la Eliminaci\u00f3n de la Violencia Contra las Mujeres."},"content":{"rendered":"\n<figure class=\"wp-block-image size-full\"><a href=\"http:\/\/armstrongyregion.com.ar\/diario\/wp-content\/uploads\/2024\/05\/NOELIA-GARCIA-4-5-24-.jpg\"><img loading=\"lazy\" decoding=\"async\" width=\"378\" height=\"504\" src=\"http:\/\/armstrongyregion.com.ar\/diario\/wp-content\/uploads\/2024\/05\/NOELIA-GARCIA-4-5-24-.jpg\" alt=\"\" class=\"wp-image-42679\" srcset=\"https:\/\/armstrongyregion.com.ar\/diario\/wp-content\/uploads\/2024\/05\/NOELIA-GARCIA-4-5-24-.jpg 378w, https:\/\/armstrongyregion.com.ar\/diario\/wp-content\/uploads\/2024\/05\/NOELIA-GARCIA-4-5-24--225x300.jpg 225w\" sizes=\"auto, (max-width: 378px) 100vw, 378px\" \/><\/a><\/figure>\n\n\n\n<h2 class=\"wp-block-heading\">\u00a0La lucha contra la violencia de g\u00e9nero interpela a toda la sociedad, por justicia e igualdad.<\/h2>\n\n\n\n<p>Referentes del bloque Unidos, presentaron en el concejo una minuta de declaraci\u00f3n sobre la violencia contra las mujeres y las ni\u00f1as la cual es una de las violaciones m\u00e1s generalizadas de los Derechos Humanos en el mundo. La concejal Noelia Garc\u00eda expresaba: <strong>\u00abNos vemos un a\u00f1o m\u00e1s haciendo uso de las mismas palabras, las mismas reflexiones, los mismos argumentos, la misma manera de traducir en discurso la perplejidad ante los hechos de asesinatos machistas, los cuales siguen alcanzando cifras irracionales e inhumanas\u00bb.<\/strong><\/p>\n\n\n\n<p><strong>\u00abCabe hacer tantas reflexiones, buscar tantas explicaciones y respuestas. Pero de las pocas cosas claras, merece la pena destacar el convencimiento de que se trata de un problema estructural y mucho m\u00e1s profundo de lo que se quiere admitir en un principio\u00bb<\/strong>. Dijo la edila.<\/p>\n\n\n\n<p>Siguiendo la misma l\u00ednea de discurso Garc\u00eda a\u00f1adi\u00f3: \u00abSon muchos los tipos de violencia que se ejercen contra las mujeres y que la sociedad no visibiliza o no trata desde una perspectiva eficaz y conveniente. La violencia estructural y simb\u00f3lica es sigilosa y dif\u00edcil de detectar porque est\u00e1 inserta en la vida diaria, en las relaciones habituales entre mujeres y hombres, en los mensajes que recibimos a trav\u00e9s de las distintas v\u00edas de educaci\u00f3n y socializaci\u00f3n y en las im\u00e1genes que pueblan nuestro imaginario\u00bb. <\/p>\n","protected":false},"excerpt":{"rendered":"<p>Unidos present\u00f3 una declaraci\u00f3n por el 25N, D\u00eda Internacional para la Eliminaci\u00f3n de la Violencia Contra las Mujeres.<\/p>\n","protected":false},"author":1,"featured_media":42679,"comment_status":"open","ping_status":"open","sticky":false,"template":"","format":"image","meta":{"_jetpack_memberships_contains_paid_content":false,"footnotes":"","jetpack_publicize_message":"","jetpack_publicize_feature_enabled":true,"jetpack_social_post_already_shared":true,"jetpack_social_options":{"image_generator_settings":{"template":"highway","default_image_id":0,"enabled":false},"version":2}},"categories":[8,1,2,7,3],"tags":[1161,5030,11245,8777,10544,1448,1897],"class_list":["post-44806","post","type-post","status-publish","format-image","has-post-thumbnail","hentry","category-deliberando","category-diario-armstrong","category-locales","category-politica","category-region","tag-contra","tag-diario-armstrong","tag-las-mujeres","tag-lic-graciela-de-la-casa","tag-noelia-garcia","tag-unidos","tag-violencia","post_format-post-format-image"],"jetpack_publicize_connections":[],"jetpack_featured_media_url":"https:\/\/armstrongyregion.com.ar\/diario\/wp-content\/uploads\/2024\/05\/NOELIA-GARCIA-4-5-24-.jpg","jetpack_shortlink":"https:\/\/wp.me\/p62QDO-bEG","jetpack_sharing_enabled":true,"amp_enabled":true,"_links":{"self":[{"href":"https:\/\/armstrongyregion.com.ar\/diario\/wp-json\/wp\/v2\/posts\/44806","targetHints":{"allow":["GET"]}}],"collection":[{"href":"https:\/\/armstrongyregion.com.ar\/diario\/wp-json\/wp\/v2\/posts"}],"about":[{"href":"https:\/\/armstrongyregion.com.ar\/diario\/wp-json\/wp\/v2\/types\/post"}],"author":[{"embeddable":true,"href":"https:\/\/armstrongyregion.com.ar\/diario\/wp-json\/wp\/v2\/users\/1"}],"replies":[{"embeddable":true,"href":"https:\/\/armstrongyregion.com.ar\/diario\/wp-json\/wp\/v2\/comments?post=44806"}],"version-history":[{"count":1,"href":"https:\/\/armstrongyregion.com.ar\/diario\/wp-json\/wp\/v2\/posts\/44806\/revisions"}],"predecessor-version":[{"id":44807,"href":"https:\/\/armstrongyregion.com.ar\/diario\/wp-json\/wp\/v2\/posts\/44806\/revisions\/44807"}],"wp:featuredmedia":[{"embeddable":true,"href":"https:\/\/armstrongyregion.com.ar\/diario\/wp-json\/wp\/v2\/media\/42679"}],"wp:attachment":[{"href":"https:\/\/armstrongyregion.com.ar\/diario\/wp-json\/wp\/v2\/media?parent=44806"}],"wp:term":[{"taxonomy":"category","embeddable":true,"href":"https:\/\/armstrongyregion.com.ar\/diario\/wp-json\/wp\/v2\/categories?post=44806"},{"taxonomy":"post_tag","embeddable":true,"href":"https:\/\/armstrongyregion.com.ar\/diario\/wp-json\/wp\/v2\/tags?post=44806"}],"curies":[{"name":"wp","href":"https:\/\/api.w.org\/{rel}","templated":true}]}}