{"id":44800,"date":"2024-12-01T16:32:57","date_gmt":"2024-12-01T16:32:57","guid":{"rendered":"https:\/\/armstrongyregion.com.ar\/diario\/?p=44800"},"modified":"2024-12-01T16:32:59","modified_gmt":"2024-12-01T16:32:59","slug":"congreso-ps-vamos-a-trabajar-sin-descanso-para-que-santa-fe-tenga-la-constitucion-mas-moderna-de-argentina","status":"publish","type":"post","link":"https:\/\/armstrongyregion.com.ar\/diario\/congreso-ps-vamos-a-trabajar-sin-descanso-para-que-santa-fe-tenga-la-constitucion-mas-moderna-de-argentina\/","title":{"rendered":"Congreso PS: \u201cVamos a trabajar sin descanso para que Santa Fe tenga la Constituci\u00f3n m\u00e1s moderna de Argentina\u201d"},"content":{"rendered":"\n<figure class=\"wp-block-image size-full\"><a href=\"http:\/\/armstrongyregion.com.ar\/diario\/wp-content\/uploads\/2024\/12\/partido-socialista-1-1.jpg\"><img loading=\"lazy\" decoding=\"async\" width=\"408\" height=\"230\" src=\"http:\/\/armstrongyregion.com.ar\/diario\/wp-content\/uploads\/2024\/12\/partido-socialista-1-1.jpg\" alt=\"\" class=\"wp-image-44801\" srcset=\"https:\/\/armstrongyregion.com.ar\/diario\/wp-content\/uploads\/2024\/12\/partido-socialista-1-1.jpg 408w, https:\/\/armstrongyregion.com.ar\/diario\/wp-content\/uploads\/2024\/12\/partido-socialista-1-1-300x169.jpg 300w\" sizes=\"auto, (max-width: 408px) 100vw, 408px\" \/><\/a><\/figure>\n\n\n\n<h2 class=\"wp-block-heading\"><em>En un encuentro con m\u00e1s de 800 asistentes en la capital provincial, el Socialismo ratific\u00f3 su pertenencia a Unidos y su vocaci\u00f3n reformista. \u201cVamos a cumplir con nuestra historia y nuestro legado, queremos ser protagonistas de este proceso y lograr una Constituci\u00f3n que sea un puente al futuro y d\u00e9 definitivamente la vuelta de p\u00e1gina en Santa Fe\u201d, aseguraron.<\/em><\/h2>\n\n\n\n<p>En el marco de su congreso anual ordinario, que reuni\u00f3 a m\u00e1s de 800 personas en la ciudad capital, el Socialismo ratific\u00f3 su pol\u00edtica de alianzas y su pertenencia a Unidos para Cambiar Santa Fe de cara al pr\u00f3ximo a\u00f1o electoral. Adem\u00e1s, aseguraron que \u201cel partido trabajar\u00e1 sin descanso y en unidad para lograr la Ley de Necesidad de la Reforma y luego conseguir un texto modelo, moderno, progresista y de vanguardia, que cumpla con los est\u00e1ndares de un Estado del siglo XXI\u201d.<\/p>\n\n\n\n<p>El encuentro, desarrollado en el Paraninfo de la Universidad Nacional del Litoral (UNL), se inici\u00f3 a la ma\u00f1ana con el debate en comisiones \u2013seguridad, justicia, educaci\u00f3n, salud, situaci\u00f3n social, juventud, producci\u00f3n, ambiente, cultura, labor legislativa, entre otros temas-, para cerrar con un plenario cuyas conclusiones quedaron expresadas en un documento final. All\u00ed tambi\u00e9n qued\u00f3 plasmada la pol\u00edtica de alianzas con otros partidos pol\u00edticos con miras a las elecciones de 2025, donde la moci\u00f3n de integrar frentes con partidos afines a nivel provincial y nacional fue aprobada por unanimidad.<\/p>\n\n\n\n<p>Al cierre, el secretario general del PS santafesino, Joaqu\u00edn Blanco, dijo que \u201cel sue\u00f1o de reformar la Constituci\u00f3n de Santa Fe est\u00e1 cerca como nunca antes\u201d, en referencia a la posibilidad de que el pr\u00f3ximo jueves la Legislatura sancione la ley necesaria para encaminar dicho proceso. El legislador advirti\u00f3 que \u201cno ser\u00e1 la reforma de ning\u00fan partido sino que ser\u00e1 la reforma de la s\u00edntesis; no ser\u00e1 dise\u00f1ada en un despacho sino que ser\u00e1 la gente con su voto la que defina las instituciones y los derechos que quiere en la provincia hacia futuro\u201d. En ese marco, no dud\u00f3 en afirmar que el Socialismo es el partido \u201cque llega con m\u00e1s debates, m\u00e1s contenidos y m\u00e1s propuestas y est\u00e1 preparado para cumplir un rol hist\u00f3rico\u201d de cara a ese acontecimiento. \u201cVamos a trabajar sin descanso para que Santa Fe tenga la Constituci\u00f3n m\u00e1s moderna de Argentina\u201d, se\u00f1al\u00f3.<\/p>\n\n\n\n<p>Antes, Blanco hab\u00eda destacado \u201cla diversidad de voces y de protagonismo\u201d que hoy caracteriza a la fuerza, \u201ccon la representaci\u00f3n de todo el territorio y la circulaci\u00f3n de la palabra para que todos sepamos en qu\u00e9 estamos y hacia d\u00f3nde vamos. Esto hoy solo pasa en el Partido Socialista y as\u00ed como nos reunimos hoy aqu\u00ed vamos a replicar este encuentro en todos los departamentos de la provincia. Un partido crece si funciona y hace que la participaci\u00f3n tenga sentido\u201d, sostuvo.<\/p>\n\n\n\n<p>Varinia Drisun, secretaria general adjunta, resalt\u00f3 la realizaci\u00f3n del primer congreso de acuerdo a la nueva carta org\u00e1nica, que tambi\u00e9n permiti\u00f3 que se conformaran \u201cmuchas mesas departamentales y locales, espacios donde se debate y se construyen l\u00edneas de trabajo y propuestas que suben de abajo hacia arriba. Este congreso muestra que podemos tener opiniones diferentes pero seguimos eligiendo las miradas en conjunto\u201d.<\/p>\n\n\n\n<p>\u201cDespu\u00e9s de m\u00e1s de una d\u00e9cada de malas pol\u00edticas y de demagogia, que nos dej\u00f3 un pueblo m\u00e1s pobre y menos educado, y un pa\u00eds menos federal, tenemos que animarnos a pensar nuevas propuestas y respuestas para la sociedad, que defiendan lo p\u00fablico pero de manera acorde a esta realidad y a las necesidades actuales. La reforma constitucional es la gran oportunidad que tenemos en la provincia de Santa Fe para hacerlo. Para ampliar derechos, tener m\u00e1s educaci\u00f3n, m\u00e1s salud; para que las ciudades funcionen mejor, sean m\u00e1s habitables y tengan mejor transporte; para que la pol\u00edtica sea m\u00e1s transparente de cara a la gente, con mayor participaci\u00f3n y compromiso de la ciudadan\u00eda\u201d.<\/p>\n\n\n\n<p>En la misma l\u00ednea, la presidenta de la C\u00e1mara de Diputadas y Diputados, Clara Garc\u00eda, anticip\u00f3 que la pr\u00f3xima votaci\u00f3n de una ley de necesidad de reforma constitucional \u201cva a permitir que mucha gente hable de futuro y piense en nuevas instancias de participaci\u00f3n, nuevos derechos, una pol\u00edtica sin fueros ni privilegios, una Santa Fe nueva, de vanguardia, distinta\u201d. \u201cEl desaf\u00edo que tenemos hacia adelante \u2013dijo- es el de sumar cada vez m\u00e1s compa\u00f1eros y animarnos a aumentar nuestra representaci\u00f3n pol\u00edtica, con m\u00e1s gobiernos locales, m\u00e1s concejales y m\u00e1s minor\u00edas. Cuanto m\u00e1s fuerte seamos los socialistas, m\u00e1s fuerte ser\u00e1 Unidos\u201d, asegur\u00f3.<\/p>\n\n\n\n<p>Por su parte, el diputado provincial y exgobernador Antonio Bonfatti consider\u00f3 que el congreso realizado \u201crefleja lo que es el partido en este momento; un partido que debate, dialoga, pone en funcionamiento todas las estructuras partidarias e invita a participar\u201d. Ante \u201cun gobierno nacional que reedita lo peor del menemismo y de la intolerancia del kirchnerismo\u201d, Bonfatti inst\u00f3 a seguir \u201ctrabajando en unidad, confrontando ideas, hablando con todos los sectores de la ciudadan\u00eda y, sobre todo, llevando siempre propuestas para mejorar la calidad de vida de todos los argentinos, por m\u00e1s igualdad, libertad y justicia\u201d.<\/p>\n\n\n\n<p>En sinton\u00eda, el senador por el departamento La Capital, Paco Garibaldi, tambi\u00e9n puso el acento en \u201cla unidad partidaria, que fortalece cada acci\u00f3n que realizamos\u201d y valor\u00f3 el encuentro: \u201cFuimos capaces de organizar este gran congreso en medio un fin de a\u00f1o legislativo muy movido y de todas las tareas que llevamos adelante en cada gobierno local y en cada consejo. Nuestra fortaleza est\u00e1 en que pensamos y definimos juntos las estrategias para lo que viene y siempre vincul\u00e1ndonos con la sociedad, que est\u00e1 esperando respuestas\u201d.<\/p>\n\n\n\n<p>En la oportunidad, tambi\u00e9n estuvieron presentes la presidenta del Partido Socialista y diputada nacional M\u00f3nica Fein; Juan Carlos Zabalza; los ministros de Ambiente y Cambio Clim\u00e1tico, Enrique Est\u00e9vez; y de Cultura, Susana Rueda; los secretarios de Derechos Humanos, Emilio Jat\u00f3n; de Ciencia, Tecnolog\u00eda e Innovaci\u00f3n, \u00c9rica Hynes; de Proyectos Especiales, Jos\u00e9 Garibay; de Vialidad Provincial, Pablo Seghezzo; el diputado nacional Esteban Paul\u00f3n; los diputados provinciales Pablo Far\u00edas, Lionella Cattalini, Rub\u00e9n Galassi, Mariano Cuvertino, Gisel Mahmud, Rosana Bellatti, Mar\u00eda del Rosario Macini, Sof\u00eda Masutti y Sergio Rojas; los concejales de Rosario, Federico Lifschitz, Ver\u00f3nica Irizar y Alicia Pino; y de Santa Fe, Mar\u00eda Laura Mondino; el intendente de Sunchales, Pablo Pinotti; adem\u00e1s de presidentes comunales, dirigentes y militantes de toda la provincia.<\/p>\n","protected":false},"excerpt":{"rendered":"<p>Congreso PS: \u201cVamos a trabajar sin descanso para que Santa Fe tenga la Constituci\u00f3n m\u00e1s moderna de Argentina\u201d<\/p>\n","protected":false},"author":1,"featured_media":44801,"comment_status":"open","ping_status":"open","sticky":false,"template":"","format":"image","meta":{"_jetpack_memberships_contains_paid_content":false,"footnotes":"","jetpack_publicize_message":"","jetpack_publicize_feature_enabled":true,"jetpack_social_post_already_shared":true,"jetpack_social_options":{"image_generator_settings":{"template":"highway","default_image_id":0,"enabled":false},"version":2}},"categories":[8,1,2,7,3],"tags":[251,11237,11239,1877,11238,3381],"class_list":["post-44800","post","type-post","status-publish","format-image","has-post-thumbnail","hentry","category-deliberando","category-diario-armstrong","category-locales","category-politica","category-region","tag-argentina","tag-congreseo","tag-constitucion","tag-moderna","tag-partido-socialista","tag-santa-fe","post_format-post-format-image"],"jetpack_publicize_connections":[],"jetpack_featured_media_url":"https:\/\/armstrongyregion.com.ar\/diario\/wp-content\/uploads\/2024\/12\/partido-socialista-1-1.jpg","jetpack_shortlink":"https:\/\/wp.me\/p62QDO-bEA","jetpack_sharing_enabled":true,"amp_enabled":true,"_links":{"self":[{"href":"https:\/\/armstrongyregion.com.ar\/diario\/wp-json\/wp\/v2\/posts\/44800","targetHints":{"allow":["GET"]}}],"collection":[{"href":"https:\/\/armstrongyregion.com.ar\/diario\/wp-json\/wp\/v2\/posts"}],"about":[{"href":"https:\/\/armstrongyregion.com.ar\/diario\/wp-json\/wp\/v2\/types\/post"}],"author":[{"embeddable":true,"href":"https:\/\/armstrongyregion.com.ar\/diario\/wp-json\/wp\/v2\/users\/1"}],"replies":[{"embeddable":true,"href":"https:\/\/armstrongyregion.com.ar\/diario\/wp-json\/wp\/v2\/comments?post=44800"}],"version-history":[{"count":1,"href":"https:\/\/armstrongyregion.com.ar\/diario\/wp-json\/wp\/v2\/posts\/44800\/revisions"}],"predecessor-version":[{"id":44802,"href":"https:\/\/armstrongyregion.com.ar\/diario\/wp-json\/wp\/v2\/posts\/44800\/revisions\/44802"}],"wp:featuredmedia":[{"embeddable":true,"href":"https:\/\/armstrongyregion.com.ar\/diario\/wp-json\/wp\/v2\/media\/44801"}],"wp:attachment":[{"href":"https:\/\/armstrongyregion.com.ar\/diario\/wp-json\/wp\/v2\/media?parent=44800"}],"wp:term":[{"taxonomy":"category","embeddable":true,"href":"https:\/\/armstrongyregion.com.ar\/diario\/wp-json\/wp\/v2\/categories?post=44800"},{"taxonomy":"post_tag","embeddable":true,"href":"https:\/\/armstrongyregion.com.ar\/diario\/wp-json\/wp\/v2\/tags?post=44800"}],"curies":[{"name":"wp","href":"https:\/\/api.w.org\/{rel}","templated":true}]}}