{"id":44790,"date":"2024-11-28T15:57:26","date_gmt":"2024-11-28T15:57:26","guid":{"rendered":"https:\/\/armstrongyregion.com.ar\/diario\/?p=44790"},"modified":"2024-11-28T15:57:29","modified_gmt":"2024-11-28T15:57:29","slug":"modificacion-del-articulo-6-de-la-ordenanza-n1342-referida-al-concejo-joven","status":"publish","type":"post","link":"https:\/\/armstrongyregion.com.ar\/diario\/modificacion-del-articulo-6-de-la-ordenanza-n1342-referida-al-concejo-joven\/","title":{"rendered":"Modificaci\u00f3n del art\u00edculo 6\u00b0 de la ordenanza n\u00b01342 referida al Concejo Joven."},"content":{"rendered":"\n<figure class=\"wp-block-image size-full\"><a href=\"http:\/\/armstrongyregion.com.ar\/diario\/wp-content\/uploads\/2024\/10\/Carla-Revigliono.17-10-24.jpg\"><img loading=\"lazy\" decoding=\"async\" width=\"714\" height=\"536\" src=\"http:\/\/armstrongyregion.com.ar\/diario\/wp-content\/uploads\/2024\/10\/Carla-Revigliono.17-10-24.jpg\" alt=\"\" class=\"wp-image-44362\" srcset=\"https:\/\/armstrongyregion.com.ar\/diario\/wp-content\/uploads\/2024\/10\/Carla-Revigliono.17-10-24.jpg 714w, https:\/\/armstrongyregion.com.ar\/diario\/wp-content\/uploads\/2024\/10\/Carla-Revigliono.17-10-24-300x225.jpg 300w\" sizes=\"auto, (max-width: 714px) 100vw, 714px\" \/><\/a><\/figure>\n\n\n\n<p>Sobre este tema presentado por el bloque de concejales de Unidos, una de sus integrantes Carla Revigliono dio los detalles del pedido: \u201cHemos presentado una modificaci\u00f3n de la ordenanza<br>que regula la creaci\u00f3n y funcionamiento del Concejo Joven. En el \u00faltimo concejo que se llev\u00f3 a cabo invitamos a los chicos para que tambi\u00e9n vengan a presenciar la sesi\u00f3n de comisi\u00f3n, para que vean<br>el desarrollo de la misma y principalmente para explicarle como es la sesi\u00f3n del Concejo, en lo que hace al tratamiento de los distintos temas presentados.\u00bb<\/p>\n\n\n\n<p> \u00abAll\u00ed pudimos ver que en este concejo joven hubo un mayor debate, donde pudo observarse una mayor eficiencia de los chicos a la hora de debatir, de presentar sus proyectos, de fundamentar, como la cr\u00edtica constructiva con relaci\u00f3n a los proyectos de los otros bloques. Han sido debates muy enriquecedores. <\/p>\n\n\n\n<p>Por ello consideramos que corresponde proceder de esa manera, modificando la ordenanza que regula el funcionamiento del concejo joven y agregar un punto espec\u00edfico, que es que el presidente del concejo cuando inicia las sesiones ordinarias disponga las fechas para la sesi\u00f3n del concejo y tambi\u00e9n la sesi\u00f3n para comisionar\u00bb. Expres\u00f3 Revigliono.<\/p>\n\n\n\n<p>\u00abEntonces el concejo joven no solo va a venir a la sesi\u00f3n sino que tambi\u00e9n va a asistir a la comisi\u00f3n donde se les explicar\u00e1 c\u00f3mo se lleva adelante la sesi\u00f3n, el debate de los proyectos que presenten, etc. La comisi\u00f3n va a permitir esa consulta tan importante con los ediles para que les sume a la hora de presentar y fundamentar su proyecto\u201d. Explicaba la edila.<\/p>\n\n\n\n<p><br>Consultamos a la Dra. Carla Revigliono sobre qui\u00e9n estar\u00eda a cargo de esta capacitaci\u00f3n de los alumnos: \u201cTodos los concejales vamos a estar presentes en la comisi\u00f3n del concejo donde van a<br>asistir los chicos que van a representar el concejo joven, as\u00ed como estuvimos en la comisi\u00f3n anterior, que en realidad fue una prueba piloto, y vimos que tuvo un resultado muy positivo, por ello<br>ahora lo vamos a disponer por ordenanza, como corresponde\u201d- Finaliz\u00f3.<\/p>\n","protected":false},"excerpt":{"rendered":"<p>Modificaci\u00f3n del art\u00edculo 6\u00b0 de la ordenanza n\u00b01342 referida al Concejo Joven.<\/p>\n","protected":false},"author":1,"featured_media":44362,"comment_status":"open","ping_status":"open","sticky":false,"template":"","format":"image","meta":{"_jetpack_memberships_contains_paid_content":false,"footnotes":"","jetpack_publicize_message":"","jetpack_publicize_feature_enabled":true,"jetpack_social_post_already_shared":true,"jetpack_social_options":{"image_generator_settings":{"template":"highway","default_image_id":0,"enabled":false},"version":2}},"categories":[8,1,2,7,3],"tags":[11234,9425,10964,5030,8777,9870],"class_list":["post-44790","post","type-post","status-publish","format-image","has-post-thumbnail","hentry","category-deliberando","category-diario-armstrong","category-locales","category-politica","category-region","tag-articulo-6","tag-carla-revigliono","tag-concejo-joven","tag-diario-armstrong","tag-lic-graciela-de-la-casa","tag-ordenanza-2","post_format-post-format-image"],"jetpack_publicize_connections":[],"jetpack_featured_media_url":"https:\/\/armstrongyregion.com.ar\/diario\/wp-content\/uploads\/2024\/10\/Carla-Revigliono.17-10-24.jpg","jetpack_shortlink":"https:\/\/wp.me\/p62QDO-bEq","jetpack_sharing_enabled":true,"amp_enabled":true,"_links":{"self":[{"href":"https:\/\/armstrongyregion.com.ar\/diario\/wp-json\/wp\/v2\/posts\/44790","targetHints":{"allow":["GET"]}}],"collection":[{"href":"https:\/\/armstrongyregion.com.ar\/diario\/wp-json\/wp\/v2\/posts"}],"about":[{"href":"https:\/\/armstrongyregion.com.ar\/diario\/wp-json\/wp\/v2\/types\/post"}],"author":[{"embeddable":true,"href":"https:\/\/armstrongyregion.com.ar\/diario\/wp-json\/wp\/v2\/users\/1"}],"replies":[{"embeddable":true,"href":"https:\/\/armstrongyregion.com.ar\/diario\/wp-json\/wp\/v2\/comments?post=44790"}],"version-history":[{"count":1,"href":"https:\/\/armstrongyregion.com.ar\/diario\/wp-json\/wp\/v2\/posts\/44790\/revisions"}],"predecessor-version":[{"id":44791,"href":"https:\/\/armstrongyregion.com.ar\/diario\/wp-json\/wp\/v2\/posts\/44790\/revisions\/44791"}],"wp:featuredmedia":[{"embeddable":true,"href":"https:\/\/armstrongyregion.com.ar\/diario\/wp-json\/wp\/v2\/media\/44362"}],"wp:attachment":[{"href":"https:\/\/armstrongyregion.com.ar\/diario\/wp-json\/wp\/v2\/media?parent=44790"}],"wp:term":[{"taxonomy":"category","embeddable":true,"href":"https:\/\/armstrongyregion.com.ar\/diario\/wp-json\/wp\/v2\/categories?post=44790"},{"taxonomy":"post_tag","embeddable":true,"href":"https:\/\/armstrongyregion.com.ar\/diario\/wp-json\/wp\/v2\/tags?post=44790"}],"curies":[{"name":"wp","href":"https:\/\/api.w.org\/{rel}","templated":true}]}}