{"id":44787,"date":"2024-11-28T15:43:08","date_gmt":"2024-11-28T15:43:08","guid":{"rendered":"https:\/\/armstrongyregion.com.ar\/diario\/?p=44787"},"modified":"2024-11-28T15:43:10","modified_gmt":"2024-11-28T15:43:10","slug":"armstrong-inauguracion-del-1-piso-de-la-utn","status":"publish","type":"post","link":"https:\/\/armstrongyregion.com.ar\/diario\/armstrong-inauguracion-del-1-piso-de-la-utn\/","title":{"rendered":"Armstrong. Inauguraci\u00f3n del 1\u00b0 piso de la UTN."},"content":{"rendered":"\n<figure class=\"wp-block-image size-full\"><a href=\"http:\/\/armstrongyregion.com.ar\/diario\/wp-content\/uploads\/2024\/11\/UTN-Universidad-tecnologica.jpg\"><img loading=\"lazy\" decoding=\"async\" width=\"640\" height=\"640\" src=\"http:\/\/armstrongyregion.com.ar\/diario\/wp-content\/uploads\/2024\/11\/UTN-Universidad-tecnologica.jpg\" alt=\"\" class=\"wp-image-44788\" srcset=\"https:\/\/armstrongyregion.com.ar\/diario\/wp-content\/uploads\/2024\/11\/UTN-Universidad-tecnologica.jpg 640w, https:\/\/armstrongyregion.com.ar\/diario\/wp-content\/uploads\/2024\/11\/UTN-Universidad-tecnologica-300x300.jpg 300w, https:\/\/armstrongyregion.com.ar\/diario\/wp-content\/uploads\/2024\/11\/UTN-Universidad-tecnologica-150x150.jpg 150w\" sizes=\"auto, (max-width: 640px) 100vw, 640px\" \/><\/a><\/figure>\n\n\n\n<p>Municipalidad de Armstrong junto a la Universidad Tecnol\u00f3gica Nacional (UTN), Facultad Regional<br>Rosario, invita a la inauguraci\u00f3n de la planta alta de la extensi\u00f3n \u00c1ulica Armstrong, el viernes 29 de<br>noviembre a las 9:30 hs. en calle Moreno 142.<\/p>\n\n\n\n<p><br>Se contar\u00e1 con la presencia de autoridades locales y de la UTN, quienes realizar\u00e1n el corte de cinta<br>tradicional ampliando as\u00ed el espacio de esta casa de estudios que lleg\u00f3 a nuestra ciudad en el 2023.<br>UTN Extensi\u00f3n Armstrong acerca la posibilidad de estudios superiores a nuestra ciudad y regi\u00f3n, un<br>verdadero acto federal que posibilita continuar capacit\u00e1ndose y form\u00e1ndose en carreras con<br>demanda en el mercado laboral.<br>Esta casa de estudios universitarios es para j\u00f3venes que egresan de las escuelas de nivel medio de Armstrong, localidades vecinas y la regi\u00f3n.<br>Actualmente se est\u00e1n dictando las tecnicaturas de Mantenimiento industrial y<br>Programaci\u00f3n, y ya est\u00e1n abiertas las inscripciones para el ciclo lectivo 2025 de la Licenciatura en Seguridad e Higiene en el trabajo, y las tecnicaturas mencionadas<br>anteriormente.<\/p>\n","protected":false},"excerpt":{"rendered":"<p>Armstrong. Inauguraci\u00f3n del 1\u00b0 piso de la UTN.<\/p>\n","protected":false},"author":1,"featured_media":44788,"comment_status":"open","ping_status":"open","sticky":false,"template":"","format":"image","meta":{"_jetpack_memberships_contains_paid_content":false,"footnotes":"","jetpack_publicize_message":"","jetpack_publicize_feature_enabled":true,"jetpack_social_post_already_shared":true,"jetpack_social_options":{"image_generator_settings":{"template":"highway","default_image_id":0,"enabled":false},"version":2}},"categories":[8,1,2,7,3],"tags":[11232,20,11233,224,8777,9379],"class_list":["post-44787","post","type-post","status-publish","format-image","has-post-thumbnail","hentry","category-deliberando","category-diario-armstrong","category-locales","category-politica","category-region","tag-1er-piso","tag-armstrong","tag-diario-armatrong","tag-inauguracion","tag-lic-graciela-de-la-casa","tag-utn","post_format-post-format-image"],"jetpack_publicize_connections":[],"jetpack_featured_media_url":"https:\/\/armstrongyregion.com.ar\/diario\/wp-content\/uploads\/2024\/11\/UTN-Universidad-tecnologica.jpg","jetpack_shortlink":"https:\/\/wp.me\/p62QDO-bEn","jetpack_sharing_enabled":true,"amp_enabled":true,"_links":{"self":[{"href":"https:\/\/armstrongyregion.com.ar\/diario\/wp-json\/wp\/v2\/posts\/44787","targetHints":{"allow":["GET"]}}],"collection":[{"href":"https:\/\/armstrongyregion.com.ar\/diario\/wp-json\/wp\/v2\/posts"}],"about":[{"href":"https:\/\/armstrongyregion.com.ar\/diario\/wp-json\/wp\/v2\/types\/post"}],"author":[{"embeddable":true,"href":"https:\/\/armstrongyregion.com.ar\/diario\/wp-json\/wp\/v2\/users\/1"}],"replies":[{"embeddable":true,"href":"https:\/\/armstrongyregion.com.ar\/diario\/wp-json\/wp\/v2\/comments?post=44787"}],"version-history":[{"count":1,"href":"https:\/\/armstrongyregion.com.ar\/diario\/wp-json\/wp\/v2\/posts\/44787\/revisions"}],"predecessor-version":[{"id":44789,"href":"https:\/\/armstrongyregion.com.ar\/diario\/wp-json\/wp\/v2\/posts\/44787\/revisions\/44789"}],"wp:featuredmedia":[{"embeddable":true,"href":"https:\/\/armstrongyregion.com.ar\/diario\/wp-json\/wp\/v2\/media\/44788"}],"wp:attachment":[{"href":"https:\/\/armstrongyregion.com.ar\/diario\/wp-json\/wp\/v2\/media?parent=44787"}],"wp:term":[{"taxonomy":"category","embeddable":true,"href":"https:\/\/armstrongyregion.com.ar\/diario\/wp-json\/wp\/v2\/categories?post=44787"},{"taxonomy":"post_tag","embeddable":true,"href":"https:\/\/armstrongyregion.com.ar\/diario\/wp-json\/wp\/v2\/tags?post=44787"}],"curies":[{"name":"wp","href":"https:\/\/api.w.org\/{rel}","templated":true}]}}