{"id":44768,"date":"2024-11-28T01:30:16","date_gmt":"2024-11-28T01:30:16","guid":{"rendered":"https:\/\/armstrongyregion.com.ar\/diario\/?p=44768"},"modified":"2024-11-28T02:23:02","modified_gmt":"2024-11-28T02:23:02","slug":"presupuesto-general-de-la-administracion-municipal-para-el-ejercicio-fiscal-2025","status":"publish","type":"post","link":"https:\/\/armstrongyregion.com.ar\/diario\/presupuesto-general-de-la-administracion-municipal-para-el-ejercicio-fiscal-2025\/","title":{"rendered":"Presupuesto general de la Administraci\u00f3n Municipal para el ejercicio fiscal 2025."},"content":{"rendered":"\n<figure class=\"wp-block-image size-full\"><a href=\"http:\/\/armstrongyregion.com.ar\/diario\/wp-content\/uploads\/2024\/11\/Ale_Pertu-6-11-24-.jpg\"><img loading=\"lazy\" decoding=\"async\" width=\"714\" height=\"536\" src=\"http:\/\/armstrongyregion.com.ar\/diario\/wp-content\/uploads\/2024\/11\/Ale_Pertu-6-11-24-.jpg\" alt=\"\" class=\"wp-image-44588\" srcset=\"https:\/\/armstrongyregion.com.ar\/diario\/wp-content\/uploads\/2024\/11\/Ale_Pertu-6-11-24-.jpg 714w, https:\/\/armstrongyregion.com.ar\/diario\/wp-content\/uploads\/2024\/11\/Ale_Pertu-6-11-24--300x225.jpg 300w\" sizes=\"auto, (max-width: 714px) 100vw, 714px\" \/><\/a><\/figure>\n\n\n\n<p>El presupuesto municipal para el pr\u00f3ximo a\u00f1o ingres\u00f3 para su tratamiento en el Concejo Deliberante, al respecto el presidente del cuerpo Prof. Alejandro Pertusati dijo: \u201cEl proyecto ingresado pas\u00f3 a<br>comisi\u00f3n, ya ha habido reuni\u00f3n con el secretario de hacienda para aclarar algunas dudas, pero a\u00fan resta pasar el presupuesto del concejo, por ello ingres\u00f3 a comisi\u00f3n para que salga todo junto de manera<br> prolija. En esta oportunidad hay un consenso un\u00e1nime de los concejales de darle curso a la brevedad.\u201d<\/p>\n\n\n\n<p><br>Consultamos al presidente del cuerpo a cu\u00e1nto ascender\u00eda el presupuesto 2025 y respondi\u00f3: \u201cEl presupuesto con respecto al del a\u00f1o pasado prev\u00e9 un aumento del 100% , recordemos que el del a\u00f1o<br>pasado con respecto al anterior la previsi\u00f3n hab\u00eda sido de casi un 300% debido a lo que era el \u00edndice de inflaci\u00f3n. Este a\u00f1o ronda los 9 mil millones.\u201d<\/p>\n\n\n\n<p>Graciela De la Casa- Oscar Crispino.<\/p>\n","protected":false},"excerpt":{"rendered":"<p>Presupuesto general de la Administraci\u00f3n Municipal para el ejercicio fiscal 2025.<\/p>\n","protected":false},"author":1,"featured_media":44588,"comment_status":"open","ping_status":"open","sticky":false,"template":"","format":"image","meta":{"_jetpack_memberships_contains_paid_content":false,"footnotes":"","jetpack_publicize_message":"","jetpack_publicize_feature_enabled":true,"jetpack_social_post_already_shared":true,"jetpack_social_options":{"image_generator_settings":{"template":"highway","default_image_id":0,"enabled":false},"version":2}},"categories":[8,1,2,7,3],"tags":[10981,11227,11228,1347,8655,3114],"class_list":["post-44768","post","type-post","status-publish","format-image","has-post-thumbnail","hentry","category-deliberando","category-diario-armstrong","category-locales","category-politica","category-region","tag-10981","tag-administracion","tag-ejercicio-fiscal","tag-general","tag-municipal-2","tag-presupuesto","post_format-post-format-image"],"jetpack_publicize_connections":[],"jetpack_featured_media_url":"https:\/\/armstrongyregion.com.ar\/diario\/wp-content\/uploads\/2024\/11\/Ale_Pertu-6-11-24-.jpg","jetpack_shortlink":"https:\/\/wp.me\/p62QDO-bE4","jetpack_sharing_enabled":true,"amp_enabled":true,"_links":{"self":[{"href":"https:\/\/armstrongyregion.com.ar\/diario\/wp-json\/wp\/v2\/posts\/44768","targetHints":{"allow":["GET"]}}],"collection":[{"href":"https:\/\/armstrongyregion.com.ar\/diario\/wp-json\/wp\/v2\/posts"}],"about":[{"href":"https:\/\/armstrongyregion.com.ar\/diario\/wp-json\/wp\/v2\/types\/post"}],"author":[{"embeddable":true,"href":"https:\/\/armstrongyregion.com.ar\/diario\/wp-json\/wp\/v2\/users\/1"}],"replies":[{"embeddable":true,"href":"https:\/\/armstrongyregion.com.ar\/diario\/wp-json\/wp\/v2\/comments?post=44768"}],"version-history":[{"count":2,"href":"https:\/\/armstrongyregion.com.ar\/diario\/wp-json\/wp\/v2\/posts\/44768\/revisions"}],"predecessor-version":[{"id":44785,"href":"https:\/\/armstrongyregion.com.ar\/diario\/wp-json\/wp\/v2\/posts\/44768\/revisions\/44785"}],"wp:featuredmedia":[{"embeddable":true,"href":"https:\/\/armstrongyregion.com.ar\/diario\/wp-json\/wp\/v2\/media\/44588"}],"wp:attachment":[{"href":"https:\/\/armstrongyregion.com.ar\/diario\/wp-json\/wp\/v2\/media?parent=44768"}],"wp:term":[{"taxonomy":"category","embeddable":true,"href":"https:\/\/armstrongyregion.com.ar\/diario\/wp-json\/wp\/v2\/categories?post=44768"},{"taxonomy":"post_tag","embeddable":true,"href":"https:\/\/armstrongyregion.com.ar\/diario\/wp-json\/wp\/v2\/tags?post=44768"}],"curies":[{"name":"wp","href":"https:\/\/api.w.org\/{rel}","templated":true}]}}