{"id":44764,"date":"2024-11-27T02:39:38","date_gmt":"2024-11-27T02:39:38","guid":{"rendered":"https:\/\/armstrongyregion.com.ar\/diario\/?p=44764"},"modified":"2024-11-27T04:04:21","modified_gmt":"2024-11-27T04:04:21","slug":"pullaro-somos-un-gobierno-provincial-aliado-a-los-proyectos-estrategicos-de-la-industria","status":"publish","type":"post","link":"https:\/\/armstrongyregion.com.ar\/diario\/pullaro-somos-un-gobierno-provincial-aliado-a-los-proyectos-estrategicos-de-la-industria\/","title":{"rendered":"Pullaro: \u201cSomos un Gobierno provincial aliado a los proyectos estrat\u00e9gicos de la industria\u201d"},"content":{"rendered":"\n<figure class=\"wp-block-image size-full\"><a href=\"http:\/\/armstrongyregion.com.ar\/diario\/wp-content\/uploads\/2024\/11\/pullaro-26-11-24.jpg\"><img loading=\"lazy\" decoding=\"async\" width=\"800\" height=\"533\" src=\"http:\/\/armstrongyregion.com.ar\/diario\/wp-content\/uploads\/2024\/11\/pullaro-26-11-24.jpg\" alt=\"\" class=\"wp-image-44765\" srcset=\"https:\/\/armstrongyregion.com.ar\/diario\/wp-content\/uploads\/2024\/11\/pullaro-26-11-24.jpg 800w, https:\/\/armstrongyregion.com.ar\/diario\/wp-content\/uploads\/2024\/11\/pullaro-26-11-24-300x200.jpg 300w, https:\/\/armstrongyregion.com.ar\/diario\/wp-content\/uploads\/2024\/11\/pullaro-26-11-24-768x512.jpg 768w\" sizes=\"auto, (max-width: 800px) 100vw, 800px\" \/><\/a><\/figure>\n\n\n\n<h2 class=\"wp-block-heading\">El mandatario santafesino lo dijo en la 30\u00aa Conferencia Industrial organizada por la UIA en Buenos Aires. \u201cLas inversiones que estamos haciendo son para fortalecer nuestra propia matriz productiva. Desde ese lugar nuestra Provincia va a poder salir adelante y la Rep\u00fablica Argentina va a tener otra oportunidad\u201d, afirm\u00f3.<\/h2>\n\n\n\n<figure class=\"wp-block-embed is-type-video is-provider-youtube wp-block-embed-youtube wp-embed-aspect-16-9 wp-has-aspect-ratio\"><div class=\"wp-block-embed__wrapper\">\n<iframe loading=\"lazy\" title=\"Pullaro: &quot;Somos un Gobierno provincial aliado a los proyectos estrat\u00e9gicos de la industria&quot;\" width=\"800\" height=\"450\" src=\"https:\/\/www.youtube.com\/embed\/8J6V5iDHkio?feature=oembed\" frameborder=\"0\" allow=\"accelerometer; autoplay; clipboard-write; encrypted-media; gyroscope; picture-in-picture; web-share\" referrerpolicy=\"strict-origin-when-cross-origin\" allowfullscreen><\/iframe>\n<\/div><\/figure>\n\n\n\n<p>El gobernador de Santa Fe, Maximiliano Pullaro, particip\u00f3 este martes de la 30\u00aa Conferencia Industrial organizada por la Uni\u00f3n Industrial Argentina (UIA), que se llev\u00f3 a cabo en el Centro de Convenciones de Buenos Aires. En esta nueva edici\u00f3n, referentes del sector privado, representantes de todo el arco pol\u00edtico y actores del mundo acad\u00e9mico, se reunieron a debatir sobre los temas m\u00e1s importantes para la industria y econom\u00eda argentina.<\/p>\n\n\n\n<p>Pullaro particip\u00f3 del panel \u201cConsensos y acuerdos para alcanzar un modelo productivo federal\u201d, junto con sus pares de C\u00f3rdoba, Mart\u00edn Llaryora; de San Juan, Marcelo Orrego; y de Jujuy, Carlos Sadir.<\/p>\n\n\n\n<p>En la oportunidad, el gobernador de Santa Fe reflexion\u00f3: \u201cLos gobiernos provinciales somos aliados naturales de la industria. Cuando a la industria le va bien, a todo el interior productivo y a toda Argentina le va bien. Somos un Gobierno provincial aliado a los proyectos estrat\u00e9gicos que las industrias tienen. Santa Fe es una de las provincias m\u00e1s productivas de Argentina. La inmensa mayor\u00eda de nuestros industriales son personas que arrancaron hace 20 o 30 a\u00f1os en lugares muy peque\u00f1os y hoy tienen 100 o 200 empleados y empujan todo el tiempo para seguir adelante\u201d.<\/p>\n\n\n\n<p>\u201cNosotros entendemos que Argentina no va a salir adelante ni con populismo ni con especulaci\u00f3n financiera; va a salir con trabajo y para eso tenemos que trabajar juntos. Por eso cuando el Gobierno Nacional quiso aumentar las retenciones al campo y a la industria, nuestras provincias fueron las primeras que dijeron no. Ese no era el camino; es con el campo y con la industria que Argentina va a salir adelante. Hoy nuestro pa\u00eds tiene una oportunidad hist\u00f3rica para salir adelante, pero para eso tenemos que saber hacia d\u00f3nde vamos, qu\u00e9 es lo que sabemos hacer y qu\u00e9 es lo que podemos venderle al mundo\u201d, a\u00f1adi\u00f3.<\/p>\n\n\n\n<figure class=\"wp-block-image\"><img decoding=\"async\" src=\"https:\/\/ci3.googleusercontent.com\/meips\/ADKq_NaYGcQgU1TV7vpyJw8Pl_7Bp2WH4tCGtw5swdaSiXV0tu_HVgS4xSJwayyDZSdjy5tIiHSBmkGQMckQTaLilxNzXZPzgGcCPUQ6j1INzLTZhwrIzckLNJD3UlJKK8TNqNDnWvjtqLGpyU6JRPs=s0-d-e1-ft#https:\/\/www.santafe.gov.ar\/noticias\/recursos\/fotos\/2024\/11\/2024-11-26NID_281784O_2.jpeg\" alt=\"\"\/><\/figure>\n\n\n\n<p><strong>Matriz productiva de la Provincia<\/strong><br>Seguidamente Pullaro detall\u00f3 que \u201cla matriz productiva de Santa Fe es la agroindustria, la metalmec\u00e1nica y todas las cadenas de valor que desarrollamos con la ciencia y la tecnolog\u00eda. El desaf\u00edo que tenemos es que el Estado pueda estar al lado del sector privado acompa\u00f1ando\u201d.<\/p>\n\n\n\n<p>En ese marco, enumer\u00f3 algunas de las pol\u00edticas p\u00fablicas que el gobierno implement\u00f3 para \u201cseguir produciendo y apoyar con recursos: subsidiamos tasas a nuestra empresa por 40.000 millones de pesos; realizamos el Rosario Business Forum, una ronda de negocios inversa donde vinieron 200 compradores internacionales a comercializar con nuestras empresas; articulamos para las cadenas de valor tengan personas formadas; y trabajamos para que nuestras empresas puedan exportar cada vez m\u00e1s. Para poder lograr eso, primero tuvimos que ordenar el Estado y luego invertir para fortalecer la matriz productiva de la Provincia de Santa Fe. Las inversiones que estamos haciendo son para fortalecer nuestra propia matriz productiva. Desde ese lugar nuestra provincia va a poder salir adelante y la Rep\u00fablica Argentina va a tener otra oportunidad\u201d.<\/p>\n\n\n\n<figure class=\"wp-block-image\"><img decoding=\"async\" src=\"https:\/\/ci3.googleusercontent.com\/meips\/ADKq_NZyaq9O8vuz_59o1dlYoHQ6x_q7xygzFmz84zkzO1y6WPYlmVzsS2Lkj_DrVy2vRlgK7tZ5P86ks9_8o3ETk0dCItInqmu46WnFS-Z-MaZ8QrVM489Rf9ccn4F2p_FsJSvIj7uzQUld-9ACV60=s0-d-e1-ft#https:\/\/www.santafe.gov.ar\/noticias\/recursos\/fotos\/2024\/11\/2024-11-26NID_281784O_3.jpeg\" alt=\"\"\/><\/figure>\n\n\n\n<p><strong>Coparticipaci\u00f3n y federalismo<\/strong><br>Pullaro tambi\u00e9n se refiri\u00f3 a la coparticipaci\u00f3n y afirm\u00f3: \u201cNosotros hemos tomado responsabilidades que en procesos y en momentos anteriores no eran de los gobiernos provinciales. Entendemos que el fin es tener equilibrio fiscal, pero que no sea a las espaldas de los gobernadores con las transferencias discrecionales. El Estado Nacional tiene una deuda con Santa Fe de alrededor de 800.000 millones de pesos. Ese es el d\u00e9ficit de la Caja de Jubilaciones. Esos recursos, que deber\u00edan ser recursos corrientes para el saldo de esos desequilibrios, no llegan a la provincia de Santa Fe. Eso no es justo. Lo que pedimos es lo que marca la ley, un pa\u00eds se construye con mucha institucionalidad\u201d.<\/p>\n\n\n\n<p>\u201cEn este momento el di\u00e1logo institucional deber\u00eda ser mucho mayor, porque todos estamos dispuestos a ayudar, coincidimos con el objetivo de fondo, que es el orden y el equilibrio en las cuentas. Pero para eso tenemos que ser justos y para eso tenemos que cumplir la ley. Los gobernadores de la Argentina son aliados para los debates que tenemos que dar, porque todos tenemos el mismo objetivo, que es que Argentina pueda crecer y ser el pa\u00eds que so\u00f1amos\u201d, concluy\u00f3 el gobernador de Santa Fe.<\/p>\n\n\n\n<figure class=\"wp-block-image\"><img decoding=\"async\" src=\"https:\/\/ci3.googleusercontent.com\/meips\/ADKq_NaEmxfcz92_1RVpK7JFW9S5EcK13kqHlJQ4YYyNZ5FLVyVewhWy6XuGSzXv1TKdrNEAQuam_JEiK46Zfph1myl-T7VjaLvuggB3MCwVyuNbZL6Bj-DTNdM3blSKrg7Ik4eB7kUYUtq7akM4rkI=s0-d-e1-ft#https:\/\/www.santafe.gov.ar\/noticias\/recursos\/fotos\/2024\/11\/2024-11-26NID_281784O_4.jpeg\" alt=\"\"\/><\/figure>\n\n\n\n<p><\/p>\n","protected":false},"excerpt":{"rendered":"<p>Pullaro: \u201cSomos un Gobierno provincial aliado a los proyectos estrat\u00e9gicos de la industria\u201d<\/p>\n","protected":false},"author":1,"featured_media":44765,"comment_status":"open","ping_status":"open","sticky":false,"template":"","format":"image","meta":{"_jetpack_memberships_contains_paid_content":false,"footnotes":"","jetpack_publicize_message":"","jetpack_publicize_feature_enabled":true,"jetpack_social_post_already_shared":true,"jetpack_social_options":{"image_generator_settings":{"template":"highway","default_image_id":0,"enabled":false},"version":2}},"categories":[8,1,2,7,3],"tags":[5030,38,1603,8777,928,2846],"class_list":["post-44764","post","type-post","status-publish","format-image","has-post-thumbnail","hentry","category-deliberando","category-diario-armstrong","category-locales","category-politica","category-region","tag-diario-armstrong","tag-gobierno","tag-industria","tag-lic-graciela-de-la-casa","tag-provincial","tag-pullaro","post_format-post-format-image"],"jetpack_publicize_connections":[],"jetpack_featured_media_url":"https:\/\/armstrongyregion.com.ar\/diario\/wp-content\/uploads\/2024\/11\/pullaro-26-11-24.jpg","jetpack_shortlink":"https:\/\/wp.me\/p62QDO-bE0","jetpack_sharing_enabled":true,"amp_enabled":true,"_links":{"self":[{"href":"https:\/\/armstrongyregion.com.ar\/diario\/wp-json\/wp\/v2\/posts\/44764","targetHints":{"allow":["GET"]}}],"collection":[{"href":"https:\/\/armstrongyregion.com.ar\/diario\/wp-json\/wp\/v2\/posts"}],"about":[{"href":"https:\/\/armstrongyregion.com.ar\/diario\/wp-json\/wp\/v2\/types\/post"}],"author":[{"embeddable":true,"href":"https:\/\/armstrongyregion.com.ar\/diario\/wp-json\/wp\/v2\/users\/1"}],"replies":[{"embeddable":true,"href":"https:\/\/armstrongyregion.com.ar\/diario\/wp-json\/wp\/v2\/comments?post=44764"}],"version-history":[{"count":2,"href":"https:\/\/armstrongyregion.com.ar\/diario\/wp-json\/wp\/v2\/posts\/44764\/revisions"}],"predecessor-version":[{"id":44767,"href":"https:\/\/armstrongyregion.com.ar\/diario\/wp-json\/wp\/v2\/posts\/44764\/revisions\/44767"}],"wp:featuredmedia":[{"embeddable":true,"href":"https:\/\/armstrongyregion.com.ar\/diario\/wp-json\/wp\/v2\/media\/44765"}],"wp:attachment":[{"href":"https:\/\/armstrongyregion.com.ar\/diario\/wp-json\/wp\/v2\/media?parent=44764"}],"wp:term":[{"taxonomy":"category","embeddable":true,"href":"https:\/\/armstrongyregion.com.ar\/diario\/wp-json\/wp\/v2\/categories?post=44764"},{"taxonomy":"post_tag","embeddable":true,"href":"https:\/\/armstrongyregion.com.ar\/diario\/wp-json\/wp\/v2\/tags?post=44764"}],"curies":[{"name":"wp","href":"https:\/\/api.w.org\/{rel}","templated":true}]}}