{"id":44757,"date":"2024-11-27T02:36:04","date_gmt":"2024-11-27T02:36:04","guid":{"rendered":"https:\/\/armstrongyregion.com.ar\/diario\/?p=44757"},"modified":"2024-11-27T02:36:53","modified_gmt":"2024-11-27T02:36:53","slug":"armstrong-emotivo-dia-de-la-musica","status":"publish","type":"post","link":"https:\/\/armstrongyregion.com.ar\/diario\/armstrong-emotivo-dia-de-la-musica\/","title":{"rendered":"Armstrong. Emotivo d\u00eda de la m\u00fasica."},"content":{"rendered":"\n<figure class=\"wp-block-image size-full\"><a href=\"http:\/\/armstrongyregion.com.ar\/diario\/wp-content\/uploads\/2024\/11\/ensamble-1-.jpg\"><img loading=\"lazy\" decoding=\"async\" width=\"1000\" height=\"750\" src=\"http:\/\/armstrongyregion.com.ar\/diario\/wp-content\/uploads\/2024\/11\/ensamble-1-.jpg\" alt=\"\" class=\"wp-image-44758\" srcset=\"https:\/\/armstrongyregion.com.ar\/diario\/wp-content\/uploads\/2024\/11\/ensamble-1-.jpg 1000w, https:\/\/armstrongyregion.com.ar\/diario\/wp-content\/uploads\/2024\/11\/ensamble-1--300x225.jpg 300w, https:\/\/armstrongyregion.com.ar\/diario\/wp-content\/uploads\/2024\/11\/ensamble-1--768x576.jpg 768w\" sizes=\"auto, (max-width: 1000px) 100vw, 1000px\" \/><\/a><\/figure>\n\n\n\n<p>Para el viernes 22 de noviembre, D\u00eda Internacional de la M\u00fasica, la Municipalidad de Armstrong<br>organiz\u00f3 un variado programa que incluy\u00f3 homenaje y m\u00fasica en vivo en el escenario de Plaza San<br>Mart\u00edn.<\/p>\n\n\n\n<figure class=\"wp-block-image size-large\"><a href=\"http:\/\/armstrongyregion.com.ar\/diario\/wp-content\/uploads\/2024\/11\/ensamble-2-.jpg\"><img loading=\"lazy\" decoding=\"async\" width=\"646\" height=\"1024\" src=\"http:\/\/armstrongyregion.com.ar\/diario\/wp-content\/uploads\/2024\/11\/ensamble-2--646x1024.jpg\" alt=\"\" class=\"wp-image-44759\" srcset=\"https:\/\/armstrongyregion.com.ar\/diario\/wp-content\/uploads\/2024\/11\/ensamble-2--646x1024.jpg 646w, https:\/\/armstrongyregion.com.ar\/diario\/wp-content\/uploads\/2024\/11\/ensamble-2--189x300.jpg 189w, https:\/\/armstrongyregion.com.ar\/diario\/wp-content\/uploads\/2024\/11\/ensamble-2--768x1218.jpg 768w, https:\/\/armstrongyregion.com.ar\/diario\/wp-content\/uploads\/2024\/11\/ensamble-2-.jpg 860w\" sizes=\"auto, (max-width: 646px) 100vw, 646px\" \/><\/a><\/figure>\n\n\n\n<p><br>En primer lugar, en el ingreso del Conservatorio y ante la presencia de familiares, autoridades,<br>actuales y ex integrantes de la Banda, se descubri\u00f3 una placa recordando al Maestro Juan Osvaldo<br>Pietracupa quien fuera director de esa agrupaci\u00f3n musical desde marzo de 1985 hasta el mes de<br>junio de 2009, fallecido el \u00faltimo 22 de mayo.<\/p>\n\n\n\n<figure class=\"wp-block-image size-full\"><a href=\"http:\/\/armstrongyregion.com.ar\/diario\/wp-content\/uploads\/2024\/11\/ensamble-3-.jpg\"><img loading=\"lazy\" decoding=\"async\" width=\"800\" height=\"450\" src=\"http:\/\/armstrongyregion.com.ar\/diario\/wp-content\/uploads\/2024\/11\/ensamble-3-.jpg\" alt=\"\" class=\"wp-image-44760\" srcset=\"https:\/\/armstrongyregion.com.ar\/diario\/wp-content\/uploads\/2024\/11\/ensamble-3-.jpg 800w, https:\/\/armstrongyregion.com.ar\/diario\/wp-content\/uploads\/2024\/11\/ensamble-3--300x169.jpg 300w, https:\/\/armstrongyregion.com.ar\/diario\/wp-content\/uploads\/2024\/11\/ensamble-3--768x432.jpg 768w\" sizes=\"auto, (max-width: 800px) 100vw, 800px\" \/><\/a><\/figure>\n\n\n\n<p><br>Se dio lectura al Decreto N\u00b0 01\/2024 del Concejo Municipal y el Intendente Guillermo Luzzi hizo<br>entrega de una copia del mismo a su esposa e hijos.<\/p>\n\n\n\n<figure class=\"wp-block-image size-full\"><a href=\"http:\/\/armstrongyregion.com.ar\/diario\/wp-content\/uploads\/2024\/11\/ensamble-4.jpg\"><img loading=\"lazy\" decoding=\"async\" width=\"800\" height=\"450\" src=\"http:\/\/armstrongyregion.com.ar\/diario\/wp-content\/uploads\/2024\/11\/ensamble-4.jpg\" alt=\"\" class=\"wp-image-44761\" srcset=\"https:\/\/armstrongyregion.com.ar\/diario\/wp-content\/uploads\/2024\/11\/ensamble-4.jpg 800w, https:\/\/armstrongyregion.com.ar\/diario\/wp-content\/uploads\/2024\/11\/ensamble-4-300x169.jpg 300w, https:\/\/armstrongyregion.com.ar\/diario\/wp-content\/uploads\/2024\/11\/ensamble-4-768x432.jpg 768w\" sizes=\"auto, (max-width: 800px) 100vw, 800px\" \/><\/a><\/figure>\n\n\n\n<p><br>M\u00e1s tarde, se disfrut\u00f3 de las actuaciones de la Banda donde tambi\u00e9n participaron los ex integrantes,<br>Ensamble de Vientos y Ensamble Folcl\u00f3rico del Conservatorio, Gustavo Borgatello acompa\u00f1ado por<br>los m\u00fasicos que hace 30 a\u00f1os conformaban Los Shalacos, Escuela de Rock Armstrong Armstrong con<br>Lara \u201cLa Reina del Twist\u201d, y \u201cTomy y sus c\u00f3mplices\u201d, Cruz del Sur, Javier M\u00e1rquez y el cierre a pura<br>m\u00fasica y humor con \u201cGangaritos\u201d.<\/p>\n\n\n\n<figure class=\"wp-block-image size-full\"><a href=\"http:\/\/armstrongyregion.com.ar\/diario\/wp-content\/uploads\/2024\/11\/ensamble-5-.jpg\"><img loading=\"lazy\" decoding=\"async\" width=\"800\" height=\"450\" src=\"http:\/\/armstrongyregion.com.ar\/diario\/wp-content\/uploads\/2024\/11\/ensamble-5-.jpg\" alt=\"\" class=\"wp-image-44762\" srcset=\"https:\/\/armstrongyregion.com.ar\/diario\/wp-content\/uploads\/2024\/11\/ensamble-5-.jpg 800w, https:\/\/armstrongyregion.com.ar\/diario\/wp-content\/uploads\/2024\/11\/ensamble-5--300x169.jpg 300w, https:\/\/armstrongyregion.com.ar\/diario\/wp-content\/uploads\/2024\/11\/ensamble-5--768x432.jpg 768w\" sizes=\"auto, (max-width: 800px) 100vw, 800px\" \/><\/a><\/figure>\n\n\n\n<p><br>Se cont\u00f3 con un muy buen servicio de buffet que estuvo atendido por la Cooperadora de la Escuela<br>N\u00b0 600 y el Taller N\u00b0 3045.<\/p>\n","protected":false},"excerpt":{"rendered":"<p>Armstrong. Emotivo d\u00eda de la m\u00fasica.<\/p>\n","protected":false},"author":1,"featured_media":44758,"comment_status":"open","ping_status":"open","sticky":false,"template":"","format":"image","meta":{"_jetpack_memberships_contains_paid_content":false,"footnotes":"","jetpack_publicize_message":"","jetpack_publicize_feature_enabled":true,"jetpack_social_post_already_shared":true,"jetpack_social_options":{"image_generator_settings":{"template":"highway","default_image_id":0,"enabled":false},"version":2}},"categories":[8,1,2,7,3],"tags":[20,8609,5030,1295,31,8777,2500],"class_list":["post-44757","post","type-post","status-publish","format-image","has-post-thumbnail","hentry","category-deliberando","category-diario-armstrong","category-locales","category-politica","category-region","tag-armstrong","tag-dia-2","tag-diario-armstrong","tag-emotivo","tag-la","tag-lic-graciela-de-la-casa","tag-musica","post_format-post-format-image"],"jetpack_publicize_connections":[],"jetpack_featured_media_url":"https:\/\/armstrongyregion.com.ar\/diario\/wp-content\/uploads\/2024\/11\/ensamble-1-.jpg","jetpack_shortlink":"https:\/\/wp.me\/p62QDO-bDT","jetpack_sharing_enabled":true,"amp_enabled":true,"_links":{"self":[{"href":"https:\/\/armstrongyregion.com.ar\/diario\/wp-json\/wp\/v2\/posts\/44757","targetHints":{"allow":["GET"]}}],"collection":[{"href":"https:\/\/armstrongyregion.com.ar\/diario\/wp-json\/wp\/v2\/posts"}],"about":[{"href":"https:\/\/armstrongyregion.com.ar\/diario\/wp-json\/wp\/v2\/types\/post"}],"author":[{"embeddable":true,"href":"https:\/\/armstrongyregion.com.ar\/diario\/wp-json\/wp\/v2\/users\/1"}],"replies":[{"embeddable":true,"href":"https:\/\/armstrongyregion.com.ar\/diario\/wp-json\/wp\/v2\/comments?post=44757"}],"version-history":[{"count":1,"href":"https:\/\/armstrongyregion.com.ar\/diario\/wp-json\/wp\/v2\/posts\/44757\/revisions"}],"predecessor-version":[{"id":44763,"href":"https:\/\/armstrongyregion.com.ar\/diario\/wp-json\/wp\/v2\/posts\/44757\/revisions\/44763"}],"wp:featuredmedia":[{"embeddable":true,"href":"https:\/\/armstrongyregion.com.ar\/diario\/wp-json\/wp\/v2\/media\/44758"}],"wp:attachment":[{"href":"https:\/\/armstrongyregion.com.ar\/diario\/wp-json\/wp\/v2\/media?parent=44757"}],"wp:term":[{"taxonomy":"category","embeddable":true,"href":"https:\/\/armstrongyregion.com.ar\/diario\/wp-json\/wp\/v2\/categories?post=44757"},{"taxonomy":"post_tag","embeddable":true,"href":"https:\/\/armstrongyregion.com.ar\/diario\/wp-json\/wp\/v2\/tags?post=44757"}],"curies":[{"name":"wp","href":"https:\/\/api.w.org\/{rel}","templated":true}]}}