{"id":44745,"date":"2024-11-26T00:11:21","date_gmt":"2024-11-26T00:11:21","guid":{"rendered":"https:\/\/armstrongyregion.com.ar\/diario\/?p=44745"},"modified":"2024-11-26T00:11:23","modified_gmt":"2024-11-26T00:11:23","slug":"reforma-constitucional-el-peronismo-santafesino-emitio-un-duro-comunicado-en-el-que-cuestiona-el-proyecto-de-pullaro","status":"publish","type":"post","link":"https:\/\/armstrongyregion.com.ar\/diario\/reforma-constitucional-el-peronismo-santafesino-emitio-un-duro-comunicado-en-el-que-cuestiona-el-proyecto-de-pullaro\/","title":{"rendered":"Reforma constitucional: el peronismo santafesino emiti\u00f3 un duro comunicado en el que cuestiona el proyecto de Pullaro."},"content":{"rendered":"\n<figure class=\"wp-block-image size-full\"><a href=\"http:\/\/armstrongyregion.com.ar\/diario\/wp-content\/uploads\/2024\/11\/pj_santa_fe_1.jpg_1756841869.jpg\"><img loading=\"lazy\" decoding=\"async\" width=\"800\" height=\"450\" src=\"http:\/\/armstrongyregion.com.ar\/diario\/wp-content\/uploads\/2024\/11\/pj_santa_fe_1.jpg_1756841869.jpg\" alt=\"\" class=\"wp-image-44747\" srcset=\"https:\/\/armstrongyregion.com.ar\/diario\/wp-content\/uploads\/2024\/11\/pj_santa_fe_1.jpg_1756841869.jpg 800w, https:\/\/armstrongyregion.com.ar\/diario\/wp-content\/uploads\/2024\/11\/pj_santa_fe_1.jpg_1756841869-300x169.jpg 300w, https:\/\/armstrongyregion.com.ar\/diario\/wp-content\/uploads\/2024\/11\/pj_santa_fe_1.jpg_1756841869-768x432.jpg 768w\" sizes=\"auto, (max-width: 800px) 100vw, 800px\" \/><\/a><\/figure>\n\n\n\n<p>La reuni\u00f3n del PJ santafesino por la reforma, con la presencia de todos los sectores menos el de Lewandowski\u00a0(PJ Santa Fe)<\/p>\n\n\n\n<h2 class=\"wp-block-heading\">Los diferentes sectores del Partido Justicialista de la provincia, incluido el perottismo, acusaron al gobernador de buscar su reelecci\u00f3n a trav\u00e9s del proyecto de reforma,\u00a0al que consideran \u00abapresurado\u00bb e \u00abinoportuno\u00bb. Reclaman un \u00abdi\u00e1logo democr\u00e1tico\u00bb con los partidos pol\u00edticos. Se vienen horas decisivas para el futuro de la pol\u00edtica santafesina.<\/h2>\n\n\n\n<p>Esta ser\u00e1 una semana clave para el futuro de la pol\u00edtica santafesina, pensando en la&nbsp;<a href=\"https:\/\/www.rosario3.com\/politica\/Proximo-objetivo-reforma-constitucional-por-que-Unidos-cree-que-hay-campo-fertil-y-el-rol-que-puede-jugar-Pullaro-20241115-0024.html\" target=\"_blank\" rel=\"noreferrer noopener\">reforma constitucional que est\u00e1 empujando el gobierno<\/a>&nbsp;que lidera Maximiliano Pullaro. Y en la b\u00fasqueda de aliados para lograr que el proyecto del oficialismo avance,&nbsp;<strong>este es un \u00absuperlunes\u00bb, con reuniones y debates internos de los espacios<\/strong>&nbsp;que pueden inclinar la intenci\u00f3n reformista para uno u otro lado. En ese marco, el Partido Justicialista de Santa Fe emiti\u00f3 un duro comunicado en el que&nbsp;<strong>considera a la reforma de la Constituci\u00f3n como \u00abapresurada\u00bb e inoportuna\u00bb<\/strong>, al mismo tiempo que reclama un \u00abdi\u00e1logo democr\u00e1tico\u00bb para debatirla. Y acusan directamente al gobernador Maximiliano Pullaro de&nbsp;<strong>querer \u00abperpetuarse en el poder\u00bb a trav\u00e9s de su \u00abauto reelecci\u00f3n\u00bb<\/strong>.<\/p>\n\n\n\n<p>En la reuni\u00f3n llevada a cabo este lunes al mediod\u00eda entre la conducci\u00f3n del Partido Justicialista y todos los partidos que integran el Frente, con los legisladores provinciales y nacionales, los participantes consideraron que&nbsp;<strong>\u00abse vulner\u00f3 el respeto irrestricto a la institucionalidad\u00bb&nbsp;<\/strong>para un tema de tal trascendencia, como es la posible reforma de la Constituci\u00f3n de Santa Fe.&nbsp;<\/p>\n\n\n\n<p>El comunicado que luego public\u00f3 el PJ santafesino advierte que \u00ablos procesos de Reforma Constitucional exigen un di\u00e1logo democr\u00e1tico&nbsp;con los partidos pol\u00edticos, abierto y de cara a la sociedad\u00bb. Y los dirigentes del principal espacio opositor se\u00f1alaron que&nbsp;<strong>\u00abhoy estamos frente a una avanzada autoritaria y de perpetuaci\u00f3n en el poder que solo busca la auto reelecci\u00f3n del actual gobernador\u00bb<\/strong>.<\/p>\n\n\n\n<p>Hab\u00eda mucha\u00a0<strong>expectativa por conocer cu\u00e1l ser\u00eda la postura del exgobernador Omar Perotti,<\/strong>\u00a0a quienes muchos consideran como un \u00abaliado\u00bb de Pullaro en la Legislatura. Si bien el rafaelino no particip\u00f3 del encuentro, uno de los firmantes del comunicado es quien fuera su principal ladero en sus cuatro a\u00f1os de gobierno, Marcos Corach. Tambi\u00e9n firmaron Celia Arena, Walter Agosto y Juan Manuel Pusineri, otros integrantes del perottismo.\u00a0<\/p>\n\n\n\n<p>El texto del Partido Justicialista de Santa Fe lleva las firmas de&nbsp;Guillermo Cornaglia (presidente del partido), Mar\u00eda Luz Rioja, Armando Traferri, Rub\u00e9n Pirola, Osvaldo Sosa, Alcides Calvo, Lucila De Ponti, Alejandra Rodenas, Ver\u00f3nica Baro Graf, Oscar Cachi Mart\u00ednez, Celia Arena, Marcos Corach, Walter Agosto, Juan Manuel Pusineri, Marcos Cleri, Florencia Carignano, Diego Giuliano, Magali Mastaler, Eduardo Toniolli, Germ\u00e1n Mart\u00ednez, Pablo Corsalini, Mart\u00edn Quiroz, Edgardo Zalazar, Facundo Retamoza, Daniel Rios, Osvaldo Lombardi, representante del Partido Frente Grande, y siguen las firmas.<\/p>\n\n\n\n<p>Como indic\u00f3 el analista pol\u00edtico David Narciso\u00a0<a href=\"https:\/\/www.rosario3.com\/politica\/Dos-semanas-para-la-historia-el-juez-que-Baila-en-bulevar-Orono-y-el-alumbramiento-de-la-reforma-constitucional-20241123-0025.html\" target=\"_blank\" rel=\"noreferrer noopener\">en su nota de este domingo<\/a>\u00a0en\u00a0<em><strong>Rosario3<\/strong><\/em>, el peronismo tiene nueve bancas en Diputados que definir\u00e1n la posici\u00f3n sobre la reforma constitucional. El perottismo controla cinco y el resto son unipersonales: Ver\u00f3nica Bar\u00f3 Graf del Frente Renovador, la exvicegobernadora Alejandra Rodenas (alineada con los senadores del PJ), Lucila De Ponti del Movimiento Evita y Miguel Rabbia, del<strong>\u00a0sector del senador nacional Marcelo Lewandowski, que es el \u00fanico que falt\u00f3 a la reuni\u00f3n<\/strong>.\u00a0<\/p>\n\n\n\n<p>Fuente: Rosario3.com<\/p>\n\n\n\n<p><\/p>\n","protected":false},"excerpt":{"rendered":"<p>Reforma constitucional: el peronismo santafesino emiti\u00f3 un duro comunicado en el que cuestiona el proyecto de Pullaro.<\/p>\n","protected":false},"author":1,"featured_media":44747,"comment_status":"open","ping_status":"open","sticky":false,"template":"","format":"image","meta":{"_jetpack_memberships_contains_paid_content":false,"footnotes":"","jetpack_publicize_message":"","jetpack_publicize_feature_enabled":true,"jetpack_social_post_already_shared":true,"jetpack_social_options":{"image_generator_settings":{"template":"highway","default_image_id":0,"enabled":false},"version":2}},"categories":[8,1,2,7,3],"tags":[1080,11222,19,5030,16,8777,366,2846,11007],"class_list":["post-44745","post","type-post","status-publish","format-image","has-post-thumbnail","hentry","category-deliberando","category-diario-armstrong","category-locales","category-politica","category-region","tag-comunicado","tag-cuestiono","tag-de","tag-diario-armstrong","tag-el","tag-lic-graciela-de-la-casa","tag-peronismo","tag-pullaro","tag-reforma-constitucional","post_format-post-format-image"],"jetpack_publicize_connections":[],"jetpack_featured_media_url":"https:\/\/armstrongyregion.com.ar\/diario\/wp-content\/uploads\/2024\/11\/pj_santa_fe_1.jpg_1756841869.jpg","jetpack_shortlink":"https:\/\/wp.me\/p62QDO-bDH","jetpack_sharing_enabled":true,"amp_enabled":true,"_links":{"self":[{"href":"https:\/\/armstrongyregion.com.ar\/diario\/wp-json\/wp\/v2\/posts\/44745","targetHints":{"allow":["GET"]}}],"collection":[{"href":"https:\/\/armstrongyregion.com.ar\/diario\/wp-json\/wp\/v2\/posts"}],"about":[{"href":"https:\/\/armstrongyregion.com.ar\/diario\/wp-json\/wp\/v2\/types\/post"}],"author":[{"embeddable":true,"href":"https:\/\/armstrongyregion.com.ar\/diario\/wp-json\/wp\/v2\/users\/1"}],"replies":[{"embeddable":true,"href":"https:\/\/armstrongyregion.com.ar\/diario\/wp-json\/wp\/v2\/comments?post=44745"}],"version-history":[{"count":1,"href":"https:\/\/armstrongyregion.com.ar\/diario\/wp-json\/wp\/v2\/posts\/44745\/revisions"}],"predecessor-version":[{"id":44748,"href":"https:\/\/armstrongyregion.com.ar\/diario\/wp-json\/wp\/v2\/posts\/44745\/revisions\/44748"}],"wp:featuredmedia":[{"embeddable":true,"href":"https:\/\/armstrongyregion.com.ar\/diario\/wp-json\/wp\/v2\/media\/44747"}],"wp:attachment":[{"href":"https:\/\/armstrongyregion.com.ar\/diario\/wp-json\/wp\/v2\/media?parent=44745"}],"wp:term":[{"taxonomy":"category","embeddable":true,"href":"https:\/\/armstrongyregion.com.ar\/diario\/wp-json\/wp\/v2\/categories?post=44745"},{"taxonomy":"post_tag","embeddable":true,"href":"https:\/\/armstrongyregion.com.ar\/diario\/wp-json\/wp\/v2\/tags?post=44745"}],"curies":[{"name":"wp","href":"https:\/\/api.w.org\/{rel}","templated":true}]}}