{"id":44738,"date":"2024-11-25T23:57:14","date_gmt":"2024-11-25T23:57:14","guid":{"rendered":"https:\/\/armstrongyregion.com.ar\/diario\/?p=44738"},"modified":"2024-11-25T23:57:16","modified_gmt":"2024-11-25T23:57:16","slug":"eureka-ideas-que-transforman-2","status":"publish","type":"post","link":"https:\/\/armstrongyregion.com.ar\/diario\/eureka-ideas-que-transforman-2\/","title":{"rendered":"Eureka. Ideas que transforman."},"content":{"rendered":"\n<figure class=\"wp-block-image size-full\"><a href=\"http:\/\/armstrongyregion.com.ar\/diario\/wp-content\/uploads\/2024\/11\/Eureka-5-.jpg\"><img loading=\"lazy\" decoding=\"async\" width=\"500\" height=\"375\" src=\"http:\/\/armstrongyregion.com.ar\/diario\/wp-content\/uploads\/2024\/11\/Eureka-5-.jpg\" alt=\"\" class=\"wp-image-44739\" srcset=\"https:\/\/armstrongyregion.com.ar\/diario\/wp-content\/uploads\/2024\/11\/Eureka-5-.jpg 500w, https:\/\/armstrongyregion.com.ar\/diario\/wp-content\/uploads\/2024\/11\/Eureka-5--300x225.jpg 300w\" sizes=\"auto, (max-width: 500px) 100vw, 500px\" \/><\/a><\/figure>\n\n\n\n<p>El d\u00eda viernes 22 de noviembre en la localidad de Arequito se realiz\u00f3 la entrega de diplomas de<br>distinci\u00f3n y la firma del acta compromiso por el programa provincial Eureka a los proyectos<br>seleccionados de los Departamentos Caseros, Belgrano e Iriondo.<\/p>\n\n\n\n<figure class=\"wp-block-image size-full\"><a href=\"http:\/\/armstrongyregion.com.ar\/diario\/wp-content\/uploads\/2024\/11\/eureka-1-.jpg\"><img loading=\"lazy\" decoding=\"async\" width=\"831\" height=\"682\" src=\"http:\/\/armstrongyregion.com.ar\/diario\/wp-content\/uploads\/2024\/11\/eureka-1-.jpg\" alt=\"\" class=\"wp-image-44740\" srcset=\"https:\/\/armstrongyregion.com.ar\/diario\/wp-content\/uploads\/2024\/11\/eureka-1-.jpg 831w, https:\/\/armstrongyregion.com.ar\/diario\/wp-content\/uploads\/2024\/11\/eureka-1--300x246.jpg 300w, https:\/\/armstrongyregion.com.ar\/diario\/wp-content\/uploads\/2024\/11\/eureka-1--768x630.jpg 768w\" sizes=\"auto, (max-width: 831px) 100vw, 831px\" \/><\/a><\/figure>\n\n\n\n<p><br>Participaron de este acto la secretaria de Gobierno de la Municipalidad de Armstrong Daniela P\u00e9rez<br>y los integrantes de grupos y\/o instituciones locales que fueron elegidos.<\/p>\n\n\n\n<figure class=\"wp-block-image size-full\"><a href=\"http:\/\/armstrongyregion.com.ar\/diario\/wp-content\/uploads\/2024\/11\/Eureka-2-.jpg\"><img loading=\"lazy\" decoding=\"async\" width=\"500\" height=\"375\" src=\"http:\/\/armstrongyregion.com.ar\/diario\/wp-content\/uploads\/2024\/11\/Eureka-2-.jpg\" alt=\"\" class=\"wp-image-44741\" srcset=\"https:\/\/armstrongyregion.com.ar\/diario\/wp-content\/uploads\/2024\/11\/Eureka-2-.jpg 500w, https:\/\/armstrongyregion.com.ar\/diario\/wp-content\/uploads\/2024\/11\/Eureka-2--300x225.jpg 300w\" sizes=\"auto, (max-width: 500px) 100vw, 500px\" \/><\/a><\/figure>\n\n\n\n<p><br>Este programa tiene como objetivo promover la participaci\u00f3n activa de las y los j\u00f3venes de entre 15<br>y 29 a\u00f1os, mediante la creaci\u00f3n de proyectos territoriales y grupales que generen oportunidades de<br>desarrollo personal y colectivo. Se busca que estos proyectos contribuyan a la prevenci\u00f3n de<br>situaciones de violencia y conflicto, enfoc\u00e1ndose en fortalecer v\u00ednculos saludables y lazos<br>comunitarios en el territorio.<\/p>\n\n\n\n<figure class=\"wp-block-image size-full\"><a href=\"http:\/\/armstrongyregion.com.ar\/diario\/wp-content\/uploads\/2024\/11\/Eureka-3-.jpg\"><img loading=\"lazy\" decoding=\"async\" width=\"500\" height=\"375\" src=\"http:\/\/armstrongyregion.com.ar\/diario\/wp-content\/uploads\/2024\/11\/Eureka-3-.jpg\" alt=\"\" class=\"wp-image-44742\" srcset=\"https:\/\/armstrongyregion.com.ar\/diario\/wp-content\/uploads\/2024\/11\/Eureka-3-.jpg 500w, https:\/\/armstrongyregion.com.ar\/diario\/wp-content\/uploads\/2024\/11\/Eureka-3--300x225.jpg 300w\" sizes=\"auto, (max-width: 500px) 100vw, 500px\" \/><\/a><\/figure>\n\n\n\n<p><br>Las actividades propuestas deben ser de car\u00e1cter socio-comunitario, con el fin de generar un<br>impacto positivo en sus comunidades, promover el acceso de las juventudes a sus derechos<br>fundamentales, y ampliar sus oportunidades laborales, sociales, econ\u00f3micas, culturales, entre otras.<\/p>\n\n\n\n<figure class=\"wp-block-image size-full\"><a href=\"http:\/\/armstrongyregion.com.ar\/diario\/wp-content\/uploads\/2024\/11\/Eureka-4-.jpg\"><img loading=\"lazy\" decoding=\"async\" width=\"500\" height=\"375\" src=\"http:\/\/armstrongyregion.com.ar\/diario\/wp-content\/uploads\/2024\/11\/Eureka-4-.jpg\" alt=\"\" class=\"wp-image-44743\" srcset=\"https:\/\/armstrongyregion.com.ar\/diario\/wp-content\/uploads\/2024\/11\/Eureka-4-.jpg 500w, https:\/\/armstrongyregion.com.ar\/diario\/wp-content\/uploads\/2024\/11\/Eureka-4--300x225.jpg 300w\" sizes=\"auto, (max-width: 500px) 100vw, 500px\" \/><\/a><\/figure>\n\n\n\n<p><br>De nuestra ciudad los proyectos seleccionados son:<\/p>\n\n\n\n<ul class=\"wp-block-list\">\n<li>Juventud de Club Norte: Apoyo integral para deportistas.<\/li>\n\n\n\n<li>Centro de Estudiantes del Nivel Terciario de la Escuela N\u00b0 51: Salud, bienestar e inserci\u00f3n<br>laboral en adultos j\u00f3venes.<\/li>\n\n\n\n<li>Juventud de Club Barraca: \u201cEntren\u00e1 tu mente: el deporte y la salud mental en el club del<br>barrio.<\/li>\n\n\n\n<li>Juventud de Club Defensores: Mundialito Rojinegro.<\/li>\n\n\n\n<li>Municipalidad de Armstrong: D\u00eda en el Bracito.<\/li>\n<\/ul>\n","protected":false},"excerpt":{"rendered":"<p>Eureka. Ideas que transforman.<\/p>\n","protected":false},"author":1,"featured_media":44739,"comment_status":"open","ping_status":"open","sticky":false,"template":"","format":"image","meta":{"_jetpack_memberships_contains_paid_content":false,"footnotes":"","jetpack_publicize_message":"","jetpack_publicize_feature_enabled":true,"jetpack_social_post_already_shared":true,"jetpack_social_options":{"image_generator_settings":{"template":"highway","default_image_id":0,"enabled":false},"version":2}},"categories":[8,1,2,7,3],"tags":[5030,10968,4425,8777,108,10969],"class_list":["post-44738","post","type-post","status-publish","format-image","has-post-thumbnail","hentry","category-deliberando","category-diario-armstrong","category-locales","category-politica","category-region","tag-diario-armstrong","tag-eureka","tag-ideas","tag-lic-graciela-de-la-casa","tag-que","tag-transforman","post_format-post-format-image"],"jetpack_publicize_connections":[],"jetpack_featured_media_url":"https:\/\/armstrongyregion.com.ar\/diario\/wp-content\/uploads\/2024\/11\/Eureka-5-.jpg","jetpack_shortlink":"https:\/\/wp.me\/p62QDO-bDA","jetpack_sharing_enabled":true,"amp_enabled":true,"_links":{"self":[{"href":"https:\/\/armstrongyregion.com.ar\/diario\/wp-json\/wp\/v2\/posts\/44738","targetHints":{"allow":["GET"]}}],"collection":[{"href":"https:\/\/armstrongyregion.com.ar\/diario\/wp-json\/wp\/v2\/posts"}],"about":[{"href":"https:\/\/armstrongyregion.com.ar\/diario\/wp-json\/wp\/v2\/types\/post"}],"author":[{"embeddable":true,"href":"https:\/\/armstrongyregion.com.ar\/diario\/wp-json\/wp\/v2\/users\/1"}],"replies":[{"embeddable":true,"href":"https:\/\/armstrongyregion.com.ar\/diario\/wp-json\/wp\/v2\/comments?post=44738"}],"version-history":[{"count":1,"href":"https:\/\/armstrongyregion.com.ar\/diario\/wp-json\/wp\/v2\/posts\/44738\/revisions"}],"predecessor-version":[{"id":44744,"href":"https:\/\/armstrongyregion.com.ar\/diario\/wp-json\/wp\/v2\/posts\/44738\/revisions\/44744"}],"wp:featuredmedia":[{"embeddable":true,"href":"https:\/\/armstrongyregion.com.ar\/diario\/wp-json\/wp\/v2\/media\/44739"}],"wp:attachment":[{"href":"https:\/\/armstrongyregion.com.ar\/diario\/wp-json\/wp\/v2\/media?parent=44738"}],"wp:term":[{"taxonomy":"category","embeddable":true,"href":"https:\/\/armstrongyregion.com.ar\/diario\/wp-json\/wp\/v2\/categories?post=44738"},{"taxonomy":"post_tag","embeddable":true,"href":"https:\/\/armstrongyregion.com.ar\/diario\/wp-json\/wp\/v2\/tags?post=44738"}],"curies":[{"name":"wp","href":"https:\/\/api.w.org\/{rel}","templated":true}]}}