{"id":44730,"date":"2024-11-25T00:13:36","date_gmt":"2024-11-25T00:13:36","guid":{"rendered":"https:\/\/armstrongyregion.com.ar\/diario\/?p=44730"},"modified":"2024-11-25T00:13:38","modified_gmt":"2024-11-25T00:13:38","slug":"emiten-doble-alerta-por-tormentas-fuertes-para-armstrong-y-la-region","status":"publish","type":"post","link":"https:\/\/armstrongyregion.com.ar\/diario\/emiten-doble-alerta-por-tormentas-fuertes-para-armstrong-y-la-region\/","title":{"rendered":"Emiten doble alerta por tormentas fuertes para  Armstrong y la regi\u00f3n."},"content":{"rendered":"\n<figure class=\"wp-block-image size-full\"><a href=\"http:\/\/armstrongyregion.com.ar\/diario\/wp-content\/uploads\/2015\/05\/alerta-meteorologica.jpg\"><img loading=\"lazy\" decoding=\"async\" width=\"300\" height=\"168\" src=\"http:\/\/armstrongyregion.com.ar\/diario\/wp-content\/uploads\/2015\/05\/alerta-meteorologica.jpg\" alt=\"alerta meteorologica\" class=\"wp-image-1985\"\/><\/a><\/figure>\n\n\n\n<h2 class=\"wp-block-heading\">La advertencia es de nivel amarillo para la noche\u00a0de este domingo, naranja para la madrugada del lunes y contin\u00faa amarillo en la ma\u00f1ana del lunes.\u00a0Se prev\u00e9n valores de precipitaci\u00f3n acumulada entre 50 y 80 mil\u00edmetros. Las recomendaciones.<\/h2>\n\n\n\n<p>El Servicio Meteorol\u00f3gico Nacional (SMN) emiti\u00f3 un\u00a0<strong>doble alerta por tormentas fuertes<\/strong>\u00a0que comenzar\u00e1n a desatarse desde este domingo a la noche <strong>y ser\u00e1n m\u00e1s intensas durante la madrugada<\/strong>.<\/p>\n\n\n\n<p>La advertencia es de nivel amarillo para la noche del domingo en\u00a0la regi\u00f3n,\u00a0<strong>nivel naranja<\/strong>\u00a0para la madrugada del lunes y vuelve a ser<strong>\u00a0alerta amarilla<\/strong>\u00a0para la ma\u00f1ana del lunes.<\/p>\n\n\n\n<p>El SMN indica que la regi\u00f3n ser\u00e1<strong>&nbsp;afectada por tormentas localmente fuertes o severas<\/strong>. Las mismas podr\u00e1n estar acompa\u00f1adas por r\u00e1fagas fuertes, actividad el\u00e9ctrica frecuente, ca\u00edda de granizo de diversos tama\u00f1os, y principalmente<strong>&nbsp;abundante ca\u00edda de agua en cortos per\u00edodos<\/strong>.<\/p>\n\n\n\n<p>Se prev\u00e9n valores de precipitaci\u00f3n acumulada entre&nbsp;<strong>50 y 80 mil\u00edmetros<\/strong>, pudiendo ser superados en forma puntual.<\/p>\n\n\n\n<p>Fuente: Servicio Meteorol\u00f3gico Nacional.<\/p>\n","protected":false},"excerpt":{"rendered":"<p>Emiten doble alerta por tormentas fuertes para  la regi\u00f3n.<\/p>\n","protected":false},"author":1,"featured_media":1985,"comment_status":"open","ping_status":"open","sticky":false,"template":"","format":"image","meta":{"_jetpack_memberships_contains_paid_content":false,"footnotes":"","jetpack_publicize_message":"","jetpack_publicize_feature_enabled":true,"jetpack_social_post_already_shared":true,"jetpack_social_options":{"image_generator_settings":{"template":"highway","default_image_id":0,"enabled":false},"version":2}},"categories":[8,1,2,7,3],"tags":[230,20,5030,31,8777,11220,81,388],"class_list":["post-44730","post","type-post","status-publish","format-image","has-post-thumbnail","hentry","category-deliberando","category-diario-armstrong","category-locales","category-politica","category-region","tag-alerta","tag-armstrong","tag-diario-armstrong","tag-la","tag-lic-graciela-de-la-casa","tag-meteorologica-2","tag-para","tag-region-2","post_format-post-format-image"],"jetpack_publicize_connections":[],"jetpack_featured_media_url":"https:\/\/armstrongyregion.com.ar\/diario\/wp-content\/uploads\/2015\/05\/alerta-meteorologica.jpg","jetpack_shortlink":"https:\/\/wp.me\/p62QDO-bDs","jetpack_sharing_enabled":true,"amp_enabled":true,"_links":{"self":[{"href":"https:\/\/armstrongyregion.com.ar\/diario\/wp-json\/wp\/v2\/posts\/44730","targetHints":{"allow":["GET"]}}],"collection":[{"href":"https:\/\/armstrongyregion.com.ar\/diario\/wp-json\/wp\/v2\/posts"}],"about":[{"href":"https:\/\/armstrongyregion.com.ar\/diario\/wp-json\/wp\/v2\/types\/post"}],"author":[{"embeddable":true,"href":"https:\/\/armstrongyregion.com.ar\/diario\/wp-json\/wp\/v2\/users\/1"}],"replies":[{"embeddable":true,"href":"https:\/\/armstrongyregion.com.ar\/diario\/wp-json\/wp\/v2\/comments?post=44730"}],"version-history":[{"count":1,"href":"https:\/\/armstrongyregion.com.ar\/diario\/wp-json\/wp\/v2\/posts\/44730\/revisions"}],"predecessor-version":[{"id":44731,"href":"https:\/\/armstrongyregion.com.ar\/diario\/wp-json\/wp\/v2\/posts\/44730\/revisions\/44731"}],"wp:featuredmedia":[{"embeddable":true,"href":"https:\/\/armstrongyregion.com.ar\/diario\/wp-json\/wp\/v2\/media\/1985"}],"wp:attachment":[{"href":"https:\/\/armstrongyregion.com.ar\/diario\/wp-json\/wp\/v2\/media?parent=44730"}],"wp:term":[{"taxonomy":"category","embeddable":true,"href":"https:\/\/armstrongyregion.com.ar\/diario\/wp-json\/wp\/v2\/categories?post=44730"},{"taxonomy":"post_tag","embeddable":true,"href":"https:\/\/armstrongyregion.com.ar\/diario\/wp-json\/wp\/v2\/tags?post=44730"}],"curies":[{"name":"wp","href":"https:\/\/api.w.org\/{rel}","templated":true}]}}