{"id":44716,"date":"2024-11-21T20:14:54","date_gmt":"2024-11-21T20:14:54","guid":{"rendered":"https:\/\/armstrongyregion.com.ar\/diario\/?p=44716"},"modified":"2024-11-21T20:14:57","modified_gmt":"2024-11-21T20:14:57","slug":"homenaje-en-el-dia-de-la-musica","status":"publish","type":"post","link":"https:\/\/armstrongyregion.com.ar\/diario\/homenaje-en-el-dia-de-la-musica\/","title":{"rendered":"Homenaje en el d\u00eda de la M\u00fasica."},"content":{"rendered":"\n<figure class=\"wp-block-image size-full\"><a href=\"http:\/\/armstrongyregion.com.ar\/diario\/wp-content\/uploads\/2024\/11\/dia-musica-24.jpg\"><img loading=\"lazy\" decoding=\"async\" width=\"637\" height=\"640\" src=\"http:\/\/armstrongyregion.com.ar\/diario\/wp-content\/uploads\/2024\/11\/dia-musica-24.jpg\" alt=\"\" class=\"wp-image-44717\" srcset=\"https:\/\/armstrongyregion.com.ar\/diario\/wp-content\/uploads\/2024\/11\/dia-musica-24.jpg 637w, https:\/\/armstrongyregion.com.ar\/diario\/wp-content\/uploads\/2024\/11\/dia-musica-24-300x300.jpg 300w, https:\/\/armstrongyregion.com.ar\/diario\/wp-content\/uploads\/2024\/11\/dia-musica-24-150x150.jpg 150w\" sizes=\"auto, (max-width: 637px) 100vw, 637px\" \/><\/a><\/figure>\n\n\n\n<p>Municipalidad de Armstrong invita a participar del programa previsto para este viernes 22 de<br>noviembre, D\u00eda Internacional de la M\u00fasica, que se iniciar\u00e1 con un homenaje al Maestro Juan Osvaldo<br>Pietracupa.<br>A las 20 hs. ante la presencia de familiares, integrantes y ex integrantes de la Banda, en el<br>Conservatorio Municipal de M\u00fasica se descubrir\u00e1 una placa recordatoria en memoria de quien fuera<br>director de la Banda Municipal de Armstrong desde marzo de 1985 hasta su jubilaci\u00f3n en el mes de<br>junio de 2009.<br>Desde las 20:30 hs en plaza San Mart\u00edn, la presentaci\u00f3n de n\u00fameros art\u00edsticos de la mano de: Banda<br>con invitados, Ensamble de Vientos y Ensamble folcl\u00f3rico del Conservatorio Municipal, Javier<br>M\u00e1rquez, Gustavo Borgatello, Escuela de Rock bajo de la direcci\u00f3n de Daniel Moccicafreddo, grupo<br>Cruz del Sur, y Gangaritos.<br>Servicio de buffet Pro-aula a cargo de la Cooperadora de la Escuela N\u00b0 600 y Taller N\u00b0 3045.<br>En caso de lluvia se realizar\u00e1 en la Estaci\u00f3n M\u00e1s.<\/p>\n","protected":false},"excerpt":{"rendered":"<p>Homenaje en el d\u00eda de la M\u00fasica.<\/p>\n","protected":false},"author":1,"featured_media":44717,"comment_status":"open","ping_status":"open","sticky":false,"template":"","format":"image","meta":{"_jetpack_memberships_contains_paid_content":false,"footnotes":"","jetpack_publicize_message":"","jetpack_publicize_feature_enabled":true,"jetpack_social_post_already_shared":true,"jetpack_social_options":{"image_generator_settings":{"template":"highway","default_image_id":0,"enabled":false},"version":2}},"categories":[8,1,2,7,3],"tags":[793,2072,31,2500],"class_list":["post-44716","post","type-post","status-publish","format-image","has-post-thumbnail","hentry","category-deliberando","category-diario-armstrong","category-locales","category-politica","category-region","tag-dia","tag-homenaje","tag-la","tag-musica","post_format-post-format-image"],"jetpack_publicize_connections":[],"jetpack_featured_media_url":"https:\/\/armstrongyregion.com.ar\/diario\/wp-content\/uploads\/2024\/11\/dia-musica-24.jpg","jetpack_shortlink":"https:\/\/wp.me\/p62QDO-bDe","jetpack_sharing_enabled":true,"amp_enabled":true,"_links":{"self":[{"href":"https:\/\/armstrongyregion.com.ar\/diario\/wp-json\/wp\/v2\/posts\/44716","targetHints":{"allow":["GET"]}}],"collection":[{"href":"https:\/\/armstrongyregion.com.ar\/diario\/wp-json\/wp\/v2\/posts"}],"about":[{"href":"https:\/\/armstrongyregion.com.ar\/diario\/wp-json\/wp\/v2\/types\/post"}],"author":[{"embeddable":true,"href":"https:\/\/armstrongyregion.com.ar\/diario\/wp-json\/wp\/v2\/users\/1"}],"replies":[{"embeddable":true,"href":"https:\/\/armstrongyregion.com.ar\/diario\/wp-json\/wp\/v2\/comments?post=44716"}],"version-history":[{"count":1,"href":"https:\/\/armstrongyregion.com.ar\/diario\/wp-json\/wp\/v2\/posts\/44716\/revisions"}],"predecessor-version":[{"id":44718,"href":"https:\/\/armstrongyregion.com.ar\/diario\/wp-json\/wp\/v2\/posts\/44716\/revisions\/44718"}],"wp:featuredmedia":[{"embeddable":true,"href":"https:\/\/armstrongyregion.com.ar\/diario\/wp-json\/wp\/v2\/media\/44717"}],"wp:attachment":[{"href":"https:\/\/armstrongyregion.com.ar\/diario\/wp-json\/wp\/v2\/media?parent=44716"}],"wp:term":[{"taxonomy":"category","embeddable":true,"href":"https:\/\/armstrongyregion.com.ar\/diario\/wp-json\/wp\/v2\/categories?post=44716"},{"taxonomy":"post_tag","embeddable":true,"href":"https:\/\/armstrongyregion.com.ar\/diario\/wp-json\/wp\/v2\/tags?post=44716"}],"curies":[{"name":"wp","href":"https:\/\/api.w.org\/{rel}","templated":true}]}}