{"id":44706,"date":"2024-11-18T23:41:17","date_gmt":"2024-11-18T23:41:17","guid":{"rendered":"https:\/\/armstrongyregion.com.ar\/diario\/?p=44706"},"modified":"2024-11-18T23:41:18","modified_gmt":"2024-11-18T23:41:18","slug":"diputados-aprobo-reforma-para-una-justicia-mas-cercana-abierta-y-eficiente","status":"publish","type":"post","link":"https:\/\/armstrongyregion.com.ar\/diario\/diputados-aprobo-reforma-para-una-justicia-mas-cercana-abierta-y-eficiente\/","title":{"rendered":"Diputados aprob\u00f3 reforma para una justicia m\u00e1s cercana, abierta y eficiente."},"content":{"rendered":"\n<figure class=\"wp-block-image size-full\"><a href=\"http:\/\/armstrongyregion.com.ar\/diario\/wp-content\/uploads\/2024\/11\/DIPUT-SOCIALISTAS-18-11-24-.jpg\"><img loading=\"lazy\" decoding=\"async\" width=\"800\" height=\"535\" src=\"http:\/\/armstrongyregion.com.ar\/diario\/wp-content\/uploads\/2024\/11\/DIPUT-SOCIALISTAS-18-11-24-.jpg\" alt=\"\" class=\"wp-image-44707\" srcset=\"https:\/\/armstrongyregion.com.ar\/diario\/wp-content\/uploads\/2024\/11\/DIPUT-SOCIALISTAS-18-11-24-.jpg 800w, https:\/\/armstrongyregion.com.ar\/diario\/wp-content\/uploads\/2024\/11\/DIPUT-SOCIALISTAS-18-11-24--300x201.jpg 300w, https:\/\/armstrongyregion.com.ar\/diario\/wp-content\/uploads\/2024\/11\/DIPUT-SOCIALISTAS-18-11-24--768x514.jpg 768w\" sizes=\"auto, (max-width: 800px) 100vw, 800px\" \/><\/a><\/figure>\n\n\n\n<h2 class=\"wp-block-heading\"><em>Se lleva la composici\u00f3n de la Corte a siete miembros, se fija la edad l\u00edmite para el cargo y el mecanismo de renovaci\u00f3n. Rendici\u00f3n de cuentas, declaraci\u00f3n jurada patrimonial, difusi\u00f3n de decisiones judiciales y audiencias p\u00fablicas, entre los cambios<\/em><\/h2>\n\n\n\n<p>La C\u00e1mara de Diputadas y Diputados dio media sanci\u00f3n a una reforma del sistema de justicia de la provincia que apunta a acercarlo a la sociedad, hacerlo m\u00e1s abierto, eficiente y dotarlo de mayor legitimidad. La iniciativa aprobada lleva la composici\u00f3n de la Corte Suprema de seis a siete miembros, fija la edad l\u00edmite para el cargo y detalla el mecanismo para la renovaci\u00f3n. Asimismo, establece la obligaci\u00f3n de publicar cada a\u00f1o un informe de gesti\u00f3n donde se rinda cuenta de la ejecuci\u00f3n presupuestaria y de que todos los integrantes del Poder Judicial presenten una declaraci\u00f3n jurada patrimonial. Tambi\u00e9n compromete al m\u00e1ximo tribunal a realizar las acciones necesarias para difundir las decisiones judiciales de todas las instancias y fueros de la justicia santafesina, y habilita la realizaci\u00f3n de audiencias p\u00fablicas.<\/p>\n\n\n\n<p><br>La norma aprobada sintetiz\u00f3 propuestas presentadas por legisladores de distintos bloques y, en consecuencia, expresa un amplio consenso.<\/p>\n\n\n\n<p><br>\u201cEl gobierno de Unidos est\u00e1 decidido a dar el debate y a cambiar lo que haya que cambiar para que las instituciones de Santa Fe sean confiables y funcionen mucho mejor\u201d, sostuvo la diputada Lionella Cattalini, quien puso de relieve \u201cla propuesta de ampliaci\u00f3n de la Corte con composici\u00f3n impar, teniendo en cuenta la paridad de g\u00e9nero, la procedencia regional de los futuros ministros y la cobertura de las distintas ramas del derecho\u201d.<\/p>\n\n\n\n<p><br>\u201cEsta propuesta tiene que ver con varios criterios, entre ellos, la claridad y la eficiencia jur\u00eddica\u201d, se\u00f1al\u00f3 la legisladora y explic\u00f3: \u201cHoy cuando los ministros empatan en un fallo, es una persona externa a la Corte quien desempata. Eso no puede pasar porque estamos hablando de decisiones de enorme trascendencia para la provincia\u201d, sostuvo y cit\u00f3 el ejemplo de lo que sucedi\u00f3 con la resoluci\u00f3n de la cuesti\u00f3n del descanso dominical.<\/p>\n\n\n\n<p><br>\u201cNecesitamos tener m\u00e1s miradas a partir de las distintas especialidades del derecho y de los debates que se dan hoy en la sociedad de forma muy din\u00e1mica\u201d, a\u00f1adi\u00f3 Cattalini y plante\u00f3 la necesidad de mayor transparencia: \u201cPara tener un Poder Judicial eficiente tambi\u00e9n tiene que haber mecanismos para recabar informaci\u00f3n, generar estad\u00edsticas, controlar y planificar\u201d.<\/p>\n\n\n\n<p><br>Al respecto, seg\u00fan la letra del proyecto, la Corte Suprema realizar\u00e1 \u201ctodas las acciones necesarias destinadas a implementar mecanismos y herramientas para difundir la informaci\u00f3n p\u00fablica que se halle en el \u00e1mbito del Poder Judicial\u201d. Y en tal sentido, especifica que se deber\u00e1n difundir \u201clas decisiones judiciales de todas las instancias y fueros\u201d.<\/p>\n\n\n\n<p><br>Cada a\u00f1o se deber\u00e1 publicar un informe de gesti\u00f3n en el portal web del Poder Judicial donde se rinda cuentas de la ejecuci\u00f3n del presupuesto -algo que hoy no se hace-, y todos los integrantes, incluso los ministros\/as de la Corte y el procurador\/a General, deber\u00e1n presentar una declaraci\u00f3n jurada patrimonial, algo que en la actualidad se realiza de manera voluntaria.<\/p>\n\n\n\n<p><br>Asimismo, se incluye la herramienta de las audiencias p\u00fablicas, ya sean convocadas por los ministros de la Corte o pedidas por la ciudadan\u00eda.<\/p>\n\n\n\n<p><br>El diputado Joaqu\u00edn Blanco resalt\u00f3 la importancia de \u201ccrear mecanismos concretos, como la rendici\u00f3n de cuentas del presupuesto ejecutado y la publicaci\u00f3n de esa informaci\u00f3n, la presentaci\u00f3n de declaraciones juradas patrimoniales, la realizaci\u00f3n de audiencias p\u00fablicas, inclusive para el proceso de selecci\u00f3n de los ministros de la Corte, como sucede a nivel nacional. Se trata \u2013resumi\u00f3- de echar luz sobre un poder que lamentablemente la sociedad siente muy lejano e inaccesible, y que necesitamos acercar para dar respuesta a una demanda de la ciudadan\u00eda\u201d.<\/p>\n\n\n\n<p><br>\u201cEs una de las grandes reformas pendientes que ten\u00eda la provincia de Santa Fe desde hace d\u00e9cadas y la concretamos con una tarea puramente legislativa, con el aporte de varios bloques, ya que no hubo mensaje del Ejecutivo. En un momento de tanta crispaci\u00f3n en la Argentina es muy importante haber construido un proyecto de manera transversal\u201d, valor\u00f3 Blanco.<\/p>\n\n\n\n<p><strong>Renovaci\u00f3n de la Corte<\/strong><\/p>\n\n\n\n<p><br>La iniciativa deja en claro que los ministros \u201ccesan autom\u00e1ticamente en sus funciones\u201d al alcanzar los setenta y cinco a\u00f1os, y que dicho cese \u201cno se encuentra sujeto a decisi\u00f3n o condici\u00f3n alguna y se produce, de pleno derecho, el mismo d\u00eda que alcancen esa edad\u201d. Para mantener en el cargo a cualquiera de dichos funcionarios ser\u00e1 necesario un nuevo nombramiento por parte del Poder Ejecutivo, que se har\u00e1 por otros cinco a\u00f1os.<\/p>\n\n\n\n<p><br>En este punto, el diputado Rub\u00e9n Galassi diferenci\u00f3 \u201cinamovilidad de perpetuidad. Est\u00e1 claro que los jueces deben desarrollar su tarea sabiendo que no tienen condicionantes\u201d, afirm\u00f3 al tiempo que consider\u00f3 que \u201ctener una fecha para retirarse es una certeza para hacer su trabajo como corresponde\u201d.<\/p>\n\n\n\n<p><br>\u201cEste proyecto \u2013se\u00f1al\u00f3-, al fijar pautas en relaci\u00f3n al mandato de los miembros de la Corte Suprema, termina de echar claridad sobre la edad para ocupar el cargo de ministro. Ninguno de los poderes del Estado puede tener el privilegio de saber cu\u00e1ndo entra en funciones pero no cu\u00e1ndo finaliza\u201d, advirti\u00f3.<\/p>\n\n\n\n<p><br>\u201cTodos los cambios que hemos debatido en el \u00faltimo a\u00f1o son pol\u00edticos, como esta reforma del Poder judicial que discutimos hoy, como ha sido la reforma del C\u00f3digo Procesal Penal y del C\u00f3digo Procesal Laboral, la instauraci\u00f3n del juicio por jurados, la aprobaci\u00f3n del nuevo C\u00f3digo Procesal Penal Juvenil, y m\u00e1s atr\u00e1s en el tiempo, el gran cambio institucional que signific\u00f3 la implementaci\u00f3n del nuevo enjuiciamiento penal\u201d, enumer\u00f3 Galassi y a\u00f1adi\u00f3: \u201cCreo que esto muestra que nuestro sistema institucional es sano porque en los \u00faltimos veinte a\u00f1os todas estas reformas se concretaron durante distintos gobiernos y con distintas composiciones legislativas, inclusive, con gobernadores que no contaron con mayor\u00edas en la Legislatura. Prevaleci\u00f3 el voto de la propia ciudadan\u00eda que, en cada caso, fue la que puso equilibrio con su decisi\u00f3n y los que creemos en la voluntad popular respetamos el respaldo que otorga\u201d, finaliz\u00f3.<\/p>\n","protected":false},"excerpt":{"rendered":"<p>Diputados aprob\u00f3 reforma para una justicia m\u00e1s cercana, abierta y eficiente.<\/p>\n","protected":false},"author":1,"featured_media":44707,"comment_status":"open","ping_status":"open","sticky":false,"template":"","format":"image","meta":{"_jetpack_memberships_contains_paid_content":false,"footnotes":"","jetpack_publicize_message":"","jetpack_publicize_feature_enabled":true,"jetpack_social_post_already_shared":true,"jetpack_social_options":{"image_generator_settings":{"template":"highway","default_image_id":0,"enabled":false},"version":2}},"categories":[8,1,2,7,3],"tags":[433,2460,11212,5030,9626,11213,452,8777,4080],"class_list":["post-44706","post","type-post","status-publish","format-image","has-post-thumbnail","hentry","category-deliberando","category-diario-armstrong","category-locales","category-politica","category-region","tag-abierta","tag-aprobo","tag-cercana","tag-diario-armstrong","tag-diputados-2","tag-eficiente","tag-justicia","tag-lic-graciela-de-la-casa","tag-reforma","post_format-post-format-image"],"jetpack_publicize_connections":[],"jetpack_featured_media_url":"https:\/\/armstrongyregion.com.ar\/diario\/wp-content\/uploads\/2024\/11\/DIPUT-SOCIALISTAS-18-11-24-.jpg","jetpack_shortlink":"https:\/\/wp.me\/p62QDO-bD4","jetpack_sharing_enabled":true,"amp_enabled":true,"_links":{"self":[{"href":"https:\/\/armstrongyregion.com.ar\/diario\/wp-json\/wp\/v2\/posts\/44706","targetHints":{"allow":["GET"]}}],"collection":[{"href":"https:\/\/armstrongyregion.com.ar\/diario\/wp-json\/wp\/v2\/posts"}],"about":[{"href":"https:\/\/armstrongyregion.com.ar\/diario\/wp-json\/wp\/v2\/types\/post"}],"author":[{"embeddable":true,"href":"https:\/\/armstrongyregion.com.ar\/diario\/wp-json\/wp\/v2\/users\/1"}],"replies":[{"embeddable":true,"href":"https:\/\/armstrongyregion.com.ar\/diario\/wp-json\/wp\/v2\/comments?post=44706"}],"version-history":[{"count":1,"href":"https:\/\/armstrongyregion.com.ar\/diario\/wp-json\/wp\/v2\/posts\/44706\/revisions"}],"predecessor-version":[{"id":44708,"href":"https:\/\/armstrongyregion.com.ar\/diario\/wp-json\/wp\/v2\/posts\/44706\/revisions\/44708"}],"wp:featuredmedia":[{"embeddable":true,"href":"https:\/\/armstrongyregion.com.ar\/diario\/wp-json\/wp\/v2\/media\/44707"}],"wp:attachment":[{"href":"https:\/\/armstrongyregion.com.ar\/diario\/wp-json\/wp\/v2\/media?parent=44706"}],"wp:term":[{"taxonomy":"category","embeddable":true,"href":"https:\/\/armstrongyregion.com.ar\/diario\/wp-json\/wp\/v2\/categories?post=44706"},{"taxonomy":"post_tag","embeddable":true,"href":"https:\/\/armstrongyregion.com.ar\/diario\/wp-json\/wp\/v2\/tags?post=44706"}],"curies":[{"name":"wp","href":"https:\/\/api.w.org\/{rel}","templated":true}]}}