{"id":44703,"date":"2024-11-18T23:32:58","date_gmt":"2024-11-18T23:32:58","guid":{"rendered":"https:\/\/armstrongyregion.com.ar\/diario\/?p=44703"},"modified":"2024-11-18T23:32:59","modified_gmt":"2024-11-18T23:32:59","slug":"dengue-recursos-humanos-y-compras-de-medicamentos-ejes-de-salud-en-la-region-centro","status":"publish","type":"post","link":"https:\/\/armstrongyregion.com.ar\/diario\/dengue-recursos-humanos-y-compras-de-medicamentos-ejes-de-salud-en-la-region-centro\/","title":{"rendered":"Dengue, recursos humanos y compras de medicamentos, ejes de Salud en la Regi\u00f3n Centro."},"content":{"rendered":"\n<figure class=\"wp-block-image size-full\"><a href=\"http:\/\/armstrongyregion.com.ar\/diario\/wp-content\/uploads\/2024\/11\/DENGUE-18-11-24-.jpg\"><img loading=\"lazy\" decoding=\"async\" width=\"570\" height=\"320\" src=\"http:\/\/armstrongyregion.com.ar\/diario\/wp-content\/uploads\/2024\/11\/DENGUE-18-11-24-.jpg\" alt=\"\" class=\"wp-image-44704\" srcset=\"https:\/\/armstrongyregion.com.ar\/diario\/wp-content\/uploads\/2024\/11\/DENGUE-18-11-24-.jpg 570w, https:\/\/armstrongyregion.com.ar\/diario\/wp-content\/uploads\/2024\/11\/DENGUE-18-11-24--300x168.jpg 300w\" sizes=\"auto, (max-width: 570px) 100vw, 570px\" \/><\/a><\/figure>\n\n\n\n<h2 class=\"wp-block-heading\">Fue en el tercer encuentro de la Mesa Permanente que re\u00fane a la ministra de Salud, Silvia Ciancio, y sus pares de Entre R\u00edos y C\u00f3rdoba, junto a equipos de gesti\u00f3n.<\/h2>\n\n\n\n<p>La Mesa Permanente Salud de la Regi\u00f3n Centro se convoc\u00f3 el viernes, en el Centro C\u00edvico de la provincia de C\u00f3rdoba, con la presencia de la ministra de Salud de Santa Fe, Silvia Ciancio; junto a sus pares de C\u00f3rdoba, Ricardo Pieckenstainer; y de Entre R\u00edos, Guillermo Grieve. Adem\u00e1s, funcionarios de cada gesti\u00f3n, avanzaron sobre los principales ejes planteados en una reuni\u00f3n anterior de la Mesa: recursos humanos en salud, estrategias de abordaje de dengue y compras centralizadas de insumos y medicamentos.<br>El gobernador de C\u00f3rdoba, Mart\u00edn Llaryora, estuvo presente en la apertura para valorar la continuidad de estos encuentros y subray\u00f3 la importancia \u201cde compartir experiencias y ver las innovaciones en las diferentes \u00e1reas, compartir los mejores procesos de cada uno para adaptarlos cada lugar\u201d. En esa l\u00ednea se refiri\u00f3 a la necesidad de profundizar procesos de digitalizaci\u00f3n y la informaci\u00f3n del sistema de salud.<br>La ministra Silvia Ciancio, remarc\u00f3 que en estos 11 meses, la Regi\u00f3n Centro se conform\u00f3 como una herramienta de gesti\u00f3n pol\u00edtica, \u201cque es un ejemplo en todo el pa\u00eds, con mucha potencialidad a partir de acciones conjuntas\u201d. En un contexto de incertidumbre a nivel nacional, \u201ceste trabajo aporta claridad, suma di\u00e1logo, respeto, abrazarnos para hacer frente a las dificultades\u201d. En esa l\u00ednea valor\u00f3 la capacidad del bloque para proyectar pol\u00edticas regionales en un plazo mayor que el de tem\u00e1ticas emergentes, como las que se fueron abordando en los primeros encuentros de la Mesa. De los avances de este tiempo, tambi\u00e9n valor\u00f3 la conformaci\u00f3n de otros espacios, como la mesa de Salud Mental. En un d\u00eda especial para la provincia de Santa Fe, que celebra los 451 a\u00f1os de fundaci\u00f3n de su ciudad capital, \u201cel gobernador Maximiliano Pullaro, nos marca un camino que compartimos en la Regi\u00f3n Centro, que es defender el Estado con una gesti\u00f3n eficiente, que no pone en discusi\u00f3n derechos ganados y los garantiza. Por eso queremos avanzar hoy, y en futuros encuentros, para optimizar recursos, pensar en grande para 2025 porque estas tres provincias se lo merecen\u201d, concluy\u00f3 Silvia Ciancio.<br>Junto a los tres ministros y los equipos de gesti\u00f3n, estuvieron la coordinadora Pro Tempore de Regi\u00f3n Centro, Claudia Giaccone; como miembro de la mesa ejecutiva del bloque, en representaci\u00f3n de Entre R\u00edos, Jorge Chemes. \u201cLa Mesa Permanente de Salud es un ejemplo de c\u00f3mo el trabajo articulado y sostenido entre provincias puede generar verdaderos avances para nuestras comunidades. Cada encuentro reafirma el compromiso con la salud p\u00fablica, logrando consensos y propuestas concretas. Este espacio no solo demuestra regularidad y organizaci\u00f3n, sino tambi\u00e9n resultados que impactan directamente en la calidad de vida de las personas. Felicito a todos los integrantes por su profesionalismo y dedicaci\u00f3n, y estoy convencida de que continuaremos construyendo juntos una regi\u00f3n m\u00e1s saludable y equitativa\u201d, se\u00f1al\u00f3 Giaccone.<\/p>\n\n\n\n<p><strong>Proyecci\u00f3n nacional<\/strong><br>Durante el encuentro, el ministro de C\u00f3rdoba agradeci\u00f3 la visita de cada delegaci\u00f3n y manifest\u00f3 que \u201choy retomamos las conclusiones a las que llegamos en Entre R\u00edos, con el objetivo de lograr contar con un documento escrito a fin de a\u00f1o con respecto a los tres objetivos estrat\u00e9gicos planteados\u201d.<br>Por su parte, el ministro de Salud de Entre R\u00edos, Guillermo Grieve, se refiri\u00f3 a la fuerza del bloque a la hora de habilitar consensos en las pol\u00edticas p\u00fablicas sanitarias a nivel nacional e interjurisdiccional. \u201cCuando nos reunimos para generar una mesa de trabajo, encontramos una fortaleza necesaria que contagia\u201d, expres\u00f3 Grieve. Y remarc\u00f3 que \u201cel Consejo Federal de Salud (Cofesa) fue impulsado por la sinergia de la Regi\u00f3n Centro\u201d. Adem\u00e1s, destac\u00f3 que sus pares, para abordar diversos temas de manera conjunta, quieren formar parte del grupo; lo que ser\u00eda posible en una Regi\u00f3n Interior. El titular de la cartera entrerriana insisti\u00f3 en que el impulso de las provincias del centro del pa\u00eds, marca un efecto a nivel nacional. Y ejemplific\u00f3: \u201csobre todo por el trabajo en la compra centralizada o comparada para conseguir el menor costo y la mayor calidad en los medicamentos; Naci\u00f3n toma la bandera que iniciamos para proponer a las provincias que vayamos realizando las adquisiciones\u201d.<\/p>\n\n\n\n<p><strong>Ejes<\/strong><br>En la primera parte de la jornada, autoridades del Ministerio de Salud de Santa Fe, presentaron la estrategia interministerial de compra centralizada de medicamentos. Referentes de Entre R\u00edos tambi\u00e9n presentaron sus avances en este sentido, con un fuerte trabajo sobre la log\u00edstica, el almacenamiento y la distribuci\u00f3n.&nbsp;<br>Otro de los ejes, fueron los abordajes que cada jurisdicci\u00f3n viene realizando en torno al dengue. De las diferentes presentaciones, cada jurisdicci\u00f3n avanz\u00f3 con estrategias similares en base a la capacitaci\u00f3n del equipo de salud para el manejo cl\u00ednico de la enfermedad, la provisi\u00f3n de insumos, campa\u00f1as ambientales y los avances de cada estrategia de vacunaci\u00f3n, entre otros.&nbsp;<br>En relaci\u00f3n a los recursos humanos, se dialog\u00f3 acerca del rol de las distintas especialidades, y se valoraron experiencias de C\u00f3rdoba como las gestiones en relaci\u00f3n a la nueva legislaci\u00f3n sobre emergencias m\u00e9dicas prehospitalarias, que regula el ejercicio de esta actividad profesional. Adem\u00e1s, se especific\u00f3 de qu\u00e9 manera se incorpor\u00f3 a profesionales licenciados en obstetricia, y c\u00f3mo se avanza en un convenio con la Universidad Nacional de C\u00f3rdoba para disponer de una carrera de licenciatura en esa disciplina. Por \u00faltimo, el titular de Salud se explay\u00f3 acerca de c\u00f3mo, en las \u00faltimas semanas, se firm\u00f3 la reglamentaci\u00f3n de la Ley que regula el ejercicio profesional de acompa\u00f1antes terap\u00e9uticos.<\/p>\n","protected":false},"excerpt":{"rendered":"<p>Dengue, recursos humanos y compras de medicamentos, ejes de Salud en la Regi\u00f3n Centro.<\/p>\n","protected":false},"author":1,"featured_media":44704,"comment_status":"open","ping_status":"open","sticky":false,"template":"","format":"image","meta":{"_jetpack_memberships_contains_paid_content":false,"footnotes":"","jetpack_publicize_message":"","jetpack_publicize_feature_enabled":true,"jetpack_social_post_already_shared":true,"jetpack_social_options":{"image_generator_settings":{"template":"highway","default_image_id":0,"enabled":false},"version":2}},"categories":[8,1,2,7,3],"tags":[3438,3363,11211,11210,11209,10515],"class_list":["post-44703","post","type-post","status-publish","format-image","has-post-thumbnail","hentry","category-deliberando","category-diario-armstrong","category-locales","category-politica","category-region","tag-compras","tag-dengue","tag-ejes-de-salud","tag-medicamentos","tag-recursos-humanos","tag-region-centro","post_format-post-format-image"],"jetpack_publicize_connections":[],"jetpack_featured_media_url":"https:\/\/armstrongyregion.com.ar\/diario\/wp-content\/uploads\/2024\/11\/DENGUE-18-11-24-.jpg","jetpack_shortlink":"https:\/\/wp.me\/p62QDO-bD1","jetpack_sharing_enabled":true,"amp_enabled":true,"_links":{"self":[{"href":"https:\/\/armstrongyregion.com.ar\/diario\/wp-json\/wp\/v2\/posts\/44703","targetHints":{"allow":["GET"]}}],"collection":[{"href":"https:\/\/armstrongyregion.com.ar\/diario\/wp-json\/wp\/v2\/posts"}],"about":[{"href":"https:\/\/armstrongyregion.com.ar\/diario\/wp-json\/wp\/v2\/types\/post"}],"author":[{"embeddable":true,"href":"https:\/\/armstrongyregion.com.ar\/diario\/wp-json\/wp\/v2\/users\/1"}],"replies":[{"embeddable":true,"href":"https:\/\/armstrongyregion.com.ar\/diario\/wp-json\/wp\/v2\/comments?post=44703"}],"version-history":[{"count":1,"href":"https:\/\/armstrongyregion.com.ar\/diario\/wp-json\/wp\/v2\/posts\/44703\/revisions"}],"predecessor-version":[{"id":44705,"href":"https:\/\/armstrongyregion.com.ar\/diario\/wp-json\/wp\/v2\/posts\/44703\/revisions\/44705"}],"wp:featuredmedia":[{"embeddable":true,"href":"https:\/\/armstrongyregion.com.ar\/diario\/wp-json\/wp\/v2\/media\/44704"}],"wp:attachment":[{"href":"https:\/\/armstrongyregion.com.ar\/diario\/wp-json\/wp\/v2\/media?parent=44703"}],"wp:term":[{"taxonomy":"category","embeddable":true,"href":"https:\/\/armstrongyregion.com.ar\/diario\/wp-json\/wp\/v2\/categories?post=44703"},{"taxonomy":"post_tag","embeddable":true,"href":"https:\/\/armstrongyregion.com.ar\/diario\/wp-json\/wp\/v2\/tags?post=44703"}],"curies":[{"name":"wp","href":"https:\/\/api.w.org\/{rel}","templated":true}]}}