{"id":44688,"date":"2024-11-15T00:04:18","date_gmt":"2024-11-15T00:04:18","guid":{"rendered":"https:\/\/armstrongyregion.com.ar\/diario\/?p=44688"},"modified":"2024-11-15T00:04:20","modified_gmt":"2024-11-15T00:04:20","slug":"concejo-joven-de-armstrong-debate-y-propuestas-para-la-ciudad","status":"publish","type":"post","link":"https:\/\/armstrongyregion.com.ar\/diario\/concejo-joven-de-armstrong-debate-y-propuestas-para-la-ciudad\/","title":{"rendered":"Concejo Joven de Armstrong: Debate y Propuestas para la Ciudad."},"content":{"rendered":"\n<figure class=\"wp-block-image size-full\"><a href=\"http:\/\/armstrongyregion.com.ar\/diario\/wp-content\/uploads\/2024\/11\/concejo-joven-2024-1-.jpg\"><img loading=\"lazy\" decoding=\"async\" width=\"624\" height=\"412\" src=\"http:\/\/armstrongyregion.com.ar\/diario\/wp-content\/uploads\/2024\/11\/concejo-joven-2024-1-.jpg\" alt=\"\" class=\"wp-image-44689\" srcset=\"https:\/\/armstrongyregion.com.ar\/diario\/wp-content\/uploads\/2024\/11\/concejo-joven-2024-1-.jpg 624w, https:\/\/armstrongyregion.com.ar\/diario\/wp-content\/uploads\/2024\/11\/concejo-joven-2024-1--300x198.jpg 300w\" sizes=\"auto, (max-width: 624px) 100vw, 624px\" \/><\/a><\/figure>\n\n\n\n<p>\u00a0El pasado mi\u00e9rcoles se llev\u00f3 a cabo una nueva sesi\u00f3n del Concejo Joven de Armstrong, con la participaci\u00f3n de estudiantes secundarios de las escuelas N\u00b0 33 Dr. Mariano Moreno, Mar\u00eda P\u00eda Verstraete y Luisiana Yanantonio; la escuela t\u00e9cnica N\u00b0 291  Fray Luis Beltr\u00e1n, Juan Carlos Villalba y Santiago Rodr\u00edguez; y la escuela N\u00b0 51 Dr. Manuel Belgrano, Lara Mart\u00ednez y Sof\u00eda Stefoni. La sesi\u00f3n estuvo moderada por el Presidente del legislativo Prof. Alejandro Pertusati, contando con el acompa\u00f1amiento de los referentes de las tres fuerzas pol\u00edticas que representan a los armstronenses. <\/p>\n\n\n\n<figure class=\"wp-block-image size-full\"><a href=\"http:\/\/armstrongyregion.com.ar\/diario\/wp-content\/uploads\/2024\/11\/concejo-joven-2024-2-.jpg\"><img loading=\"lazy\" decoding=\"async\" width=\"504\" height=\"378\" src=\"http:\/\/armstrongyregion.com.ar\/diario\/wp-content\/uploads\/2024\/11\/concejo-joven-2024-2-.jpg\" alt=\"\" class=\"wp-image-44690\" srcset=\"https:\/\/armstrongyregion.com.ar\/diario\/wp-content\/uploads\/2024\/11\/concejo-joven-2024-2-.jpg 504w, https:\/\/armstrongyregion.com.ar\/diario\/wp-content\/uploads\/2024\/11\/concejo-joven-2024-2--300x225.jpg 300w\" sizes=\"auto, (max-width: 504px) 100vw, 504px\" \/><\/a><\/figure>\n\n\n\n<p><strong>El objetivo principal del Concejo Joven es brindar experiencias de participaci\u00f3n a los estudiantes, permiti\u00e9ndoles involucrarse en la actividad municipal y experimentar el rol de concejales. <\/strong><\/p>\n\n\n\n<p>Durante la sesi\u00f3n, los estudiantes presentaron diversos proyectos con propuestas de mejoras para los ciudadanos armstronenses.<\/p>\n\n\n\n<p> Entre las iniciativas presentadas, se destacan: <\/p>\n\n\n\n<figure class=\"wp-block-image size-full\"><a href=\"http:\/\/armstrongyregion.com.ar\/diario\/wp-content\/uploads\/2024\/11\/concejo-joven-2024-3-.jpg\"><img loading=\"lazy\" decoding=\"async\" width=\"486\" height=\"355\" src=\"http:\/\/armstrongyregion.com.ar\/diario\/wp-content\/uploads\/2024\/11\/concejo-joven-2024-3-.jpg\" alt=\"\" class=\"wp-image-44691\" srcset=\"https:\/\/armstrongyregion.com.ar\/diario\/wp-content\/uploads\/2024\/11\/concejo-joven-2024-3-.jpg 486w, https:\/\/armstrongyregion.com.ar\/diario\/wp-content\/uploads\/2024\/11\/concejo-joven-2024-3--300x219.jpg 300w\" sizes=\"auto, (max-width: 486px) 100vw, 486px\" \/><\/a><\/figure>\n\n\n\n<p><strong>\u2022 Escuela N\u00b0 33 Dr, Mariano Moreno: <\/strong><\/p>\n\n\n\n<p>\u2022 Minuta de declaraci\u00f3n para denominar \u00abDelmo Dar\u00f3\u00bb a una nueva calle o edificio p\u00fablico.<\/p>\n\n\n\n<p> \u2022 Minuta de declaraci\u00f3n para el reconocimiento al Dr. Carlos Trillini. <\/p>\n\n\n\n<p> \u2022  Proyecto de ordenanza para definir una nueva ubicaci\u00f3n del el helipuerto sanitario.<\/p>\n\n\n\n<p> \u2022 Proyecto de ordenanza para reabrir el Hogar de Ancianos Valent\u00edn Ronchese.<\/p>\n\n\n\n<p> \u2022 Proyecto de ordenanza para crear una Casa del Estudiante en Rosario.<\/p>\n\n\n\n<p> \u2022 Proyecto de reacondicionamiento de galpones para crear un Centro de la Juventud.<\/p>\n\n\n\n<figure class=\"wp-block-image size-full\"><a href=\"http:\/\/armstrongyregion.com.ar\/diario\/wp-content\/uploads\/2024\/11\/concejo-joven-2024-5.jpg\"><img loading=\"lazy\" decoding=\"async\" width=\"437\" height=\"310\" src=\"http:\/\/armstrongyregion.com.ar\/diario\/wp-content\/uploads\/2024\/11\/concejo-joven-2024-5.jpg\" alt=\"\" class=\"wp-image-44693\" srcset=\"https:\/\/armstrongyregion.com.ar\/diario\/wp-content\/uploads\/2024\/11\/concejo-joven-2024-5.jpg 437w, https:\/\/armstrongyregion.com.ar\/diario\/wp-content\/uploads\/2024\/11\/concejo-joven-2024-5-300x213.jpg 300w\" sizes=\"auto, (max-width: 437px) 100vw, 437px\" \/><\/a><\/figure>\n\n\n\n<p>  <strong>Escuela N\u00b0 51 Dr. Manuel Belgrano:<\/strong> <\/p>\n\n\n\n<p>\u2022 Proyecto de ordenanza para la accesibilidad digital en espacios p\u00fablicos de Armstrong. <\/p>\n\n\n\n<p>\u2022 Proyecto para el acondicionamiento y mejora de los pasos a nivel.<\/p>\n\n\n\n<p>\u2022 Proyecto de ordenanza para la disposici\u00f3n obligatoria de residuos s\u00f3lidos urbanos.<\/p>\n\n\n\n<figure class=\"wp-block-image size-full\"><a href=\"http:\/\/armstrongyregion.com.ar\/diario\/wp-content\/uploads\/2024\/11\/concejo-joven-2024-4-.jpg\"><img loading=\"lazy\" decoding=\"async\" width=\"435\" height=\"351\" src=\"http:\/\/armstrongyregion.com.ar\/diario\/wp-content\/uploads\/2024\/11\/concejo-joven-2024-4-.jpg\" alt=\"\" class=\"wp-image-44692\" srcset=\"https:\/\/armstrongyregion.com.ar\/diario\/wp-content\/uploads\/2024\/11\/concejo-joven-2024-4-.jpg 435w, https:\/\/armstrongyregion.com.ar\/diario\/wp-content\/uploads\/2024\/11\/concejo-joven-2024-4--300x242.jpg 300w\" sizes=\"auto, (max-width: 435px) 100vw, 435px\" \/><\/a><\/figure>\n\n\n\n<p><\/p>\n\n\n\n<p> <strong>\u2022 Escuela T\u00e9cnica Fray Luis Beltr\u00e1n: <\/strong><\/p>\n\n\n\n<p>\u2022 Proyecto para la construcci\u00f3n de un monumento en memoria de los 5 cooperativistas asesinados el 23 de enero de 1974.<\/p>\n\n\n\n<p>\u2022 Proyecto de ordenanza para la colocaci\u00f3n de espejos parab\u00f3licos en una esquina de la ciudad. <\/p>\n\n\n\n<p><strong>La sesi\u00f3n evidenci\u00f3 un gran debate y posiciones encontradas entre los j\u00f3venes participantes, reflejando la diversidad de perspectivas y la energ\u00eda puesta en la b\u00fasqueda de mejoras para su ciudad. <\/strong><\/p>\n\n\n\n<p><strong>El Concejo Joven contin\u00faa trabajando en la promoci\u00f3n de la participaci\u00f3n juvenil y el desarrollo de proyectos que beneficien a la comunidad de Armstrong<\/strong>.<\/p>\n","protected":false},"excerpt":{"rendered":"<p>\u00a0El pasado mi\u00e9rcoles se llev\u00f3 a cabo una nueva sesi\u00f3n del Concejo Joven de Armstrong, con la participaci\u00f3n de estudiantes secundarios de las escuelas N\u00b0 33 Dr. Mariano Moreno, Mar\u00eda P\u00eda Verstraete y Luisiana Yanantonio; la escuela t\u00e9cnica N\u00b0 291 Fray Luis Beltr\u00e1n, Juan Carlos Villalba y Santiago Rodr\u00edguez; y la escuela N\u00b0 51 Dr. <a href=\"https:\/\/armstrongyregion.com.ar\/diario\/concejo-joven-de-armstrong-debate-y-propuestas-para-la-ciudad\/\" title=\"Read more\" >&#8230;<\/a><\/p>\n","protected":false},"author":1,"featured_media":44689,"comment_status":"open","ping_status":"open","sticky":false,"template":"","format":"image","meta":{"_jetpack_memberships_contains_paid_content":false,"footnotes":"","jetpack_publicize_message":"","jetpack_publicize_feature_enabled":true,"jetpack_social_post_already_shared":true,"jetpack_social_options":{"image_generator_settings":{"template":"highway","default_image_id":0,"enabled":false},"version":2}},"categories":[8,1,2,7,3],"tags":[20,11205,11206,5030,8777,362],"class_list":["post-44688","post","type-post","status-publish","format-image","has-post-thumbnail","hentry","category-deliberando","category-diario-armstrong","category-locales","category-politica","category-region","tag-armstrong","tag-concejo-joven-2","tag-debates","tag-diario-armstrong","tag-lic-graciela-de-la-casa","tag-propuestas","post_format-post-format-image"],"jetpack_publicize_connections":[],"jetpack_featured_media_url":"https:\/\/armstrongyregion.com.ar\/diario\/wp-content\/uploads\/2024\/11\/concejo-joven-2024-1-.jpg","jetpack_shortlink":"https:\/\/wp.me\/p62QDO-bCM","jetpack_sharing_enabled":true,"amp_enabled":true,"_links":{"self":[{"href":"https:\/\/armstrongyregion.com.ar\/diario\/wp-json\/wp\/v2\/posts\/44688","targetHints":{"allow":["GET"]}}],"collection":[{"href":"https:\/\/armstrongyregion.com.ar\/diario\/wp-json\/wp\/v2\/posts"}],"about":[{"href":"https:\/\/armstrongyregion.com.ar\/diario\/wp-json\/wp\/v2\/types\/post"}],"author":[{"embeddable":true,"href":"https:\/\/armstrongyregion.com.ar\/diario\/wp-json\/wp\/v2\/users\/1"}],"replies":[{"embeddable":true,"href":"https:\/\/armstrongyregion.com.ar\/diario\/wp-json\/wp\/v2\/comments?post=44688"}],"version-history":[{"count":1,"href":"https:\/\/armstrongyregion.com.ar\/diario\/wp-json\/wp\/v2\/posts\/44688\/revisions"}],"predecessor-version":[{"id":44694,"href":"https:\/\/armstrongyregion.com.ar\/diario\/wp-json\/wp\/v2\/posts\/44688\/revisions\/44694"}],"wp:featuredmedia":[{"embeddable":true,"href":"https:\/\/armstrongyregion.com.ar\/diario\/wp-json\/wp\/v2\/media\/44689"}],"wp:attachment":[{"href":"https:\/\/armstrongyregion.com.ar\/diario\/wp-json\/wp\/v2\/media?parent=44688"}],"wp:term":[{"taxonomy":"category","embeddable":true,"href":"https:\/\/armstrongyregion.com.ar\/diario\/wp-json\/wp\/v2\/categories?post=44688"},{"taxonomy":"post_tag","embeddable":true,"href":"https:\/\/armstrongyregion.com.ar\/diario\/wp-json\/wp\/v2\/tags?post=44688"}],"curies":[{"name":"wp","href":"https:\/\/api.w.org\/{rel}","templated":true}]}}