{"id":44675,"date":"2024-11-13T19:40:30","date_gmt":"2024-11-13T19:40:30","guid":{"rendered":"https:\/\/armstrongyregion.com.ar\/diario\/?p=44675"},"modified":"2024-11-13T19:40:34","modified_gmt":"2024-11-13T19:40:34","slug":"armstrong-operativo-objetivo-dengue","status":"publish","type":"post","link":"https:\/\/armstrongyregion.com.ar\/diario\/armstrong-operativo-objetivo-dengue\/","title":{"rendered":"Armstrong. Operativo Objetivo Dengue."},"content":{"rendered":"\n<figure class=\"wp-block-image size-full\"><a href=\"http:\/\/armstrongyregion.com.ar\/diario\/wp-content\/uploads\/2024\/11\/13-11-24-dengue-1-.jpg\"><img loading=\"lazy\" decoding=\"async\" width=\"696\" height=\"464\" src=\"http:\/\/armstrongyregion.com.ar\/diario\/wp-content\/uploads\/2024\/11\/13-11-24-dengue-1-.jpg\" alt=\"\" class=\"wp-image-44676\" srcset=\"https:\/\/armstrongyregion.com.ar\/diario\/wp-content\/uploads\/2024\/11\/13-11-24-dengue-1-.jpg 696w, https:\/\/armstrongyregion.com.ar\/diario\/wp-content\/uploads\/2024\/11\/13-11-24-dengue-1--300x200.jpg 300w\" sizes=\"auto, (max-width: 696px) 100vw, 696px\" \/><\/a><\/figure>\n\n\n\n<p>El martes 12 de noviembre lleg\u00f3 a la ciudad de Armstrong el secretario de Cooperaci\u00f3n del Gobierno<br>de Santa Fe Cristian Cunha para presentar \u201cObjetivo Dengue\u201d, programa en el que trabajan cinco<br>ministerios y en equipo con todos los municipios y comunas de la provincia.<\/p>\n\n\n\n<figure class=\"wp-block-image size-full\"><a href=\"http:\/\/armstrongyregion.com.ar\/diario\/wp-content\/uploads\/2024\/11\/13-11-24-dengue-dengue-2-.jpg\"><img loading=\"lazy\" decoding=\"async\" width=\"800\" height=\"533\" src=\"http:\/\/armstrongyregion.com.ar\/diario\/wp-content\/uploads\/2024\/11\/13-11-24-dengue-dengue-2-.jpg\" alt=\"\" class=\"wp-image-44677\" srcset=\"https:\/\/armstrongyregion.com.ar\/diario\/wp-content\/uploads\/2024\/11\/13-11-24-dengue-dengue-2-.jpg 800w, https:\/\/armstrongyregion.com.ar\/diario\/wp-content\/uploads\/2024\/11\/13-11-24-dengue-dengue-2--300x200.jpg 300w, https:\/\/armstrongyregion.com.ar\/diario\/wp-content\/uploads\/2024\/11\/13-11-24-dengue-dengue-2--768x512.jpg 768w\" sizes=\"auto, (max-width: 800px) 100vw, 800px\" \/><\/a><\/figure>\n\n\n\n<p><br>El funcionario cont\u00f3 que entregar\u00e1n insumos, maquinarias, mochilas, uniformes y repelentes, y<br>fondos para cada municipio que presente el plan del trabajo preventivo como horas extras, gasoil,<br>fletes para env\u00edo de materiales como neum\u00e1ticos, etc.<\/p>\n\n\n\n<p><br>Al mismo tiempo, anunci\u00f3 el inicio de la cuarta etapa de vacunaci\u00f3n contra la enfermedad que<br>incluye a integrantes de equipos de municipios y comunas que participen en operativos territoriales<br>de dengue, de entre 20 y 59 a\u00f1os; y a personas que estuvieron hospitalizadas por dengue durante el<br>brote 2023\/2024, de entre 15 y 59 a\u00f1os.<br>Cunha explic\u00f3 que a partir del mi\u00e9rcoles ser\u00e1n contactadas telef\u00f3nicamente las personas a quienes<br>corresponde vacunarse en esta etapa: \u201cNo se env\u00edan mensajes, ni se pide ning\u00fan dato porque ya<br>sabemos a quienes hay que convocar porque estuvieron hospitalizados\u201d, aclar\u00f3. Ese grupo, que son<br>831 personas, se podr\u00e1 vacunar en el Centro de Especialidades M\u00e9dicas (Cemaf\u00e9, Mendoza 2419),<br>en la ciudad de Santa Fe; en el Hospital Provincial Geri\u00e1trico (Ayolas 141), en Rosario; y en el efector<br>m\u00e1s cercano al domicilio, en el resto de las localidades. Para consultas se encuentra disponible el<br>correo\u00a0pairegionsur@santafe.gov.ar.<br>Luego, record\u00f3 que \u201cLa vacunaci\u00f3n es progresiva, con una planificaci\u00f3n de ac\u00e1 a fin de a\u00f1o que<br>evaluamos en funci\u00f3n de los avances en cada etapa\u201d, agreg\u00f3.<br>Sobre el final, se\u00f1al\u00f3 que al 7 de noviembre eran 35.905 dosis las que se hab\u00edan colocado y proyect\u00f3<br>que al comienzo de esta semana \u201cya estamos en 40.000 vacunas colocadas, el 47 % del total de la<br>vacunaci\u00f3n, y para el fin de esta semana esperamos alcanzar el 50 %\u201d.<br>Por otra parte, la medida m\u00e1s efectiva para prevenir el dengue es el descacharrado, la utilizaci\u00f3n de<br>repelente y otros elementos de barrera que podemos tener en nuestras viviendas. El descacharrado<br>son tres pasos: el primero es inspeccionar; el segundo es desechar todo lo que sea inservible; y el<br>tercero es neutralizar, tapar, voltear, limpiar. Tenemos que hacerlo al menos dos veces en la semana<br>en nuestros propios domicilios.<br>Objetivo Dengue es coordinado por la Secretar\u00eda de Cooperaci\u00f3n, y aborda la problem\u00e1tica,<br>priorizando la prevenci\u00f3n y concientizaci\u00f3n sobre la enfermedad, en un trabajo conjunto entre los<br>ministerios de Salud, Gobierno e Innovaci\u00f3n P\u00fablica, Ambiente y Cambio Clim\u00e1tico, Educaci\u00f3n, e<br>Igualdad y Desarrollo Humano.<br>En este contexto, la estrategia dise\u00f1ada prev\u00e9 pol\u00edticas p\u00fablicas, tales como vigilancia<br>epidemiol\u00f3gica, promoci\u00f3n de pol\u00edticas ambientales, gesti\u00f3n integrada del control vectorial, cuidado<br>y atenci\u00f3n del paciente, establecimiento de una red de laboratorios virol\u00f3gicos, educaci\u00f3n y<br>comunicaci\u00f3n para el cambio conductual.<\/p>\n","protected":false},"excerpt":{"rendered":"<p>Armstrong. Operativo Objetivo Dengue.<\/p>\n","protected":false},"author":1,"featured_media":44676,"comment_status":"open","ping_status":"open","sticky":false,"template":"","format":"image","meta":{"_jetpack_memberships_contains_paid_content":false,"footnotes":"","jetpack_publicize_message":"","jetpack_publicize_feature_enabled":true,"jetpack_social_post_already_shared":true,"jetpack_social_options":{"image_generator_settings":{"template":"highway","default_image_id":0,"enabled":false},"version":2}},"categories":[8,1,2,7,3],"tags":[20,3363,5030,8777,510],"class_list":["post-44675","post","type-post","status-publish","format-image","has-post-thumbnail","hentry","category-deliberando","category-diario-armstrong","category-locales","category-politica","category-region","tag-armstrong","tag-dengue","tag-diario-armstrong","tag-lic-graciela-de-la-casa","tag-operativo","post_format-post-format-image"],"jetpack_publicize_connections":[],"jetpack_featured_media_url":"https:\/\/armstrongyregion.com.ar\/diario\/wp-content\/uploads\/2024\/11\/13-11-24-dengue-1-.jpg","jetpack_shortlink":"https:\/\/wp.me\/p62QDO-bCz","jetpack_sharing_enabled":true,"amp_enabled":true,"_links":{"self":[{"href":"https:\/\/armstrongyregion.com.ar\/diario\/wp-json\/wp\/v2\/posts\/44675","targetHints":{"allow":["GET"]}}],"collection":[{"href":"https:\/\/armstrongyregion.com.ar\/diario\/wp-json\/wp\/v2\/posts"}],"about":[{"href":"https:\/\/armstrongyregion.com.ar\/diario\/wp-json\/wp\/v2\/types\/post"}],"author":[{"embeddable":true,"href":"https:\/\/armstrongyregion.com.ar\/diario\/wp-json\/wp\/v2\/users\/1"}],"replies":[{"embeddable":true,"href":"https:\/\/armstrongyregion.com.ar\/diario\/wp-json\/wp\/v2\/comments?post=44675"}],"version-history":[{"count":1,"href":"https:\/\/armstrongyregion.com.ar\/diario\/wp-json\/wp\/v2\/posts\/44675\/revisions"}],"predecessor-version":[{"id":44678,"href":"https:\/\/armstrongyregion.com.ar\/diario\/wp-json\/wp\/v2\/posts\/44675\/revisions\/44678"}],"wp:featuredmedia":[{"embeddable":true,"href":"https:\/\/armstrongyregion.com.ar\/diario\/wp-json\/wp\/v2\/media\/44676"}],"wp:attachment":[{"href":"https:\/\/armstrongyregion.com.ar\/diario\/wp-json\/wp\/v2\/media?parent=44675"}],"wp:term":[{"taxonomy":"category","embeddable":true,"href":"https:\/\/armstrongyregion.com.ar\/diario\/wp-json\/wp\/v2\/categories?post=44675"},{"taxonomy":"post_tag","embeddable":true,"href":"https:\/\/armstrongyregion.com.ar\/diario\/wp-json\/wp\/v2\/tags?post=44675"}],"curies":[{"name":"wp","href":"https:\/\/api.w.org\/{rel}","templated":true}]}}