{"id":44672,"date":"2024-11-13T19:09:08","date_gmt":"2024-11-13T19:09:08","guid":{"rendered":"https:\/\/armstrongyregion.com.ar\/diario\/?p=44672"},"modified":"2024-11-13T19:09:11","modified_gmt":"2024-11-13T19:09:11","slug":"las-rosas-el-club-a-almafuerte-avanza-en-la-construccion-de-una-cancha-de-hockey-de-cesped-sintetico","status":"publish","type":"post","link":"https:\/\/armstrongyregion.com.ar\/diario\/las-rosas-el-club-a-almafuerte-avanza-en-la-construccion-de-una-cancha-de-hockey-de-cesped-sintetico\/","title":{"rendered":"Las Rosas: el Club A. Almafuerte avanza en la construcci\u00f3n de una cancha de hockey de c\u00e9sped sint\u00e9tico."},"content":{"rendered":"\n<figure class=\"wp-block-image size-full\"><a href=\"http:\/\/armstrongyregion.com.ar\/diario\/wp-content\/uploads\/2024\/11\/LEANDRO-COMISSO-.jpg\"><img loading=\"lazy\" decoding=\"async\" width=\"560\" height=\"388\" src=\"http:\/\/armstrongyregion.com.ar\/diario\/wp-content\/uploads\/2024\/11\/LEANDRO-COMISSO-.jpg\" alt=\"\" class=\"wp-image-44673\" srcset=\"https:\/\/armstrongyregion.com.ar\/diario\/wp-content\/uploads\/2024\/11\/LEANDRO-COMISSO-.jpg 560w, https:\/\/armstrongyregion.com.ar\/diario\/wp-content\/uploads\/2024\/11\/LEANDRO-COMISSO--300x208.jpg 300w\" sizes=\"auto, (max-width: 560px) 100vw, 560px\" \/><\/a><\/figure>\n\n\n\n<h2 class=\"wp-block-heading\">El nuevo proyecto re\u00fane esfuerzos del club y la comunidad para brindar mejores oportunidades a los j\u00f3venes deportistas. Senador Verdecchia y el Intendente Meyer destacaron la obra como un ejemplo de compromiso y superaci\u00f3n.<\/h2>\n\n\n\n<p>Leandro Comisso, presidente del Club Atl\u00e9tico Almafuerte, anunci\u00f3 con gran emoci\u00f3n la concreci\u00f3n de un proyecto largamente esperado: la construcci\u00f3n de la primera cancha de hockey sint\u00e9tico en Las Rosas.\u00a0<em>\u201cEs un deporte hermoso, y ver la cantidad de chicas que han pasado por aqu\u00ed y lo que han logrado, realmente emociona\u201d<\/em>, expres\u00f3 Comisso, quien destac\u00f3 el fuerte sentido de pertenencia generado por la disciplina en la comunidad.<\/p>\n\n\n\n<p>La obra, cuyo contrato ya fue firmado, estar\u00eda finalizada en febrero, cuando el club planea iniciar la pretemporada de hockey y ser\u00eda en la nueva cancha ubicada en el polideportivo. Comisso enfatiz\u00f3 la importancia de este proyecto no solo para el club sino para toda la regi\u00f3n, ya que beneficiar\u00e1 a jugadoras de localidades cercanas como San Genaro, El Tr\u00e9bol, Las Parejas ,Montes de Oca y otras poblaciones.&nbsp;<em>\u201cNo hay muchas canchas de hockey en la regi\u00f3n y era una necesidad, ya que nuestras chicas deb\u00edan desplazarse para jugar como locales en otros lugares\u201d<\/em>, explic\u00f3 el dirigente.<\/p>\n\n\n\n<p>El proyecto se concret\u00f3 gracias al esfuerzo y la iniciativa tanto de las jugadoras como de sus familias, quienes lograron movilizar al club para hacerlo realidad.&nbsp;<em>\u201cHoy es una realidad gracias a este gran grupo de trabajo y a estas chicas que le ponen un impulso b\u00e1rbaro a la disciplina. Queremos que la ciudad se sienta orgullosa de tener una cancha de primer nivel, una obra que trasciende al club y a la comunidad\u201d<\/em>, concluy\u00f3 Comisso.<\/p>\n\n\n\n<h3 class=\"wp-block-heading\">Expresiones del Intendente Javier Meyer y del Senador Pablo Verdecchia<\/h3>\n\n\n\n<p>Tanto el senador Pablo Verdecchia como el intendente Javier Meyer participaron en la presentaci\u00f3n del proyecto, destacando el esfuerzo de la comunidad y el club para hacerlo realidad.<\/p>\n\n\n\n<p><em>\u201cEs una alegr\u00eda grande cuando uno ve a los clubes con empuje, con crecimiento, siempre pensando en los deportistas, en los chicos, en poder darles mejores oportunidades\u201d,<\/em>&nbsp;<strong>expres\u00f3 Verdecchia<\/strong>. El senador subray\u00f3 la importancia de la obra, ya que permitir\u00e1 a los j\u00f3venes deportistas practicar sin tener que trasladarse a otras localidades.&nbsp;<em>\u201cHoy empieza a hacerse realidad, todos esos a\u00f1os de sue\u00f1os y proyectos ca\u00eddos comienzan a concretarse, y eso llena de emoci\u00f3n\u201d<\/em>, a\u00f1adi\u00f3.<\/p>\n\n\n\n<p><strong>El intendente Meyer<\/strong>&nbsp;tambi\u00e9n elogi\u00f3 el compromiso de los directivos, las familias y los mismos deportistas que est\u00e1n colaborando activamente en el financiamiento de la cancha a trav\u00e9s de la compra de&nbsp;<em>\u201cmetros de cancha\u201d,<\/em>&nbsp;una iniciativa de la comisi\u00f3n de hockey.&nbsp;<em>\u201cHay que destacar que cuando los directivos del club se proponen algo, lo logran, y eso es lo que vemos hoy en Almafuerte: \u00e9xitos y logros que se van consiguiendo\u201d,&nbsp;<\/em>afirm\u00f3. Adem\u00e1s, calific\u00f3 a la ciudad de Las Rosas como&nbsp;<em>\u201cun faro de superaci\u00f3n\u201d,<\/em>&nbsp;resaltando que el club no solo cumple objetivos, sino que ense\u00f1a a la comunidad a fijar metas claras y trabajar en conjunto para lograrlas.<\/p>\n\n\n\n<p>El nuevo campo de hockey no solo beneficiar\u00e1 al Club Almafuerte, sino que tambi\u00e9n ser\u00e1 un espacio de encuentro para toda la regi\u00f3n, impulsando el desarrollo del deporte y consolidando el sentido de pertenencia.<\/p>\n","protected":false},"excerpt":{"rendered":"<p>Las Rosas: el Club A. Almafuerte avanza en la construcci\u00f3n de una cancha de hockey de c\u00e9sped sint\u00e9tico.<\/p>\n","protected":false},"author":1,"featured_media":44673,"comment_status":"open","ping_status":"open","sticky":false,"template":"","format":"image","meta":{"_jetpack_memberships_contains_paid_content":false,"footnotes":"","jetpack_publicize_message":"","jetpack_publicize_feature_enabled":true,"jetpack_social_post_already_shared":true,"jetpack_social_options":{"image_generator_settings":{"template":"highway","default_image_id":0,"enabled":false},"version":2}},"categories":[8,1,2,7,3],"tags":[11201,3868,11202,11200,175,19,5030,2663,8883,8777],"class_list":["post-44672","post","type-post","status-publish","format-image","has-post-thumbnail","hentry","category-deliberando","category-diario-armstrong","category-locales","category-politica","category-region","tag-avana","tag-cancha","tag-cesped","tag-club-almafuerte","tag-construccion","tag-de","tag-diario-armstrong","tag-hockey","tag-las-rosas-2","tag-lic-graciela-de-la-casa","post_format-post-format-image"],"jetpack_publicize_connections":[],"jetpack_featured_media_url":"https:\/\/armstrongyregion.com.ar\/diario\/wp-content\/uploads\/2024\/11\/LEANDRO-COMISSO-.jpg","jetpack_shortlink":"https:\/\/wp.me\/p62QDO-bCw","jetpack_sharing_enabled":true,"amp_enabled":true,"_links":{"self":[{"href":"https:\/\/armstrongyregion.com.ar\/diario\/wp-json\/wp\/v2\/posts\/44672","targetHints":{"allow":["GET"]}}],"collection":[{"href":"https:\/\/armstrongyregion.com.ar\/diario\/wp-json\/wp\/v2\/posts"}],"about":[{"href":"https:\/\/armstrongyregion.com.ar\/diario\/wp-json\/wp\/v2\/types\/post"}],"author":[{"embeddable":true,"href":"https:\/\/armstrongyregion.com.ar\/diario\/wp-json\/wp\/v2\/users\/1"}],"replies":[{"embeddable":true,"href":"https:\/\/armstrongyregion.com.ar\/diario\/wp-json\/wp\/v2\/comments?post=44672"}],"version-history":[{"count":1,"href":"https:\/\/armstrongyregion.com.ar\/diario\/wp-json\/wp\/v2\/posts\/44672\/revisions"}],"predecessor-version":[{"id":44674,"href":"https:\/\/armstrongyregion.com.ar\/diario\/wp-json\/wp\/v2\/posts\/44672\/revisions\/44674"}],"wp:featuredmedia":[{"embeddable":true,"href":"https:\/\/armstrongyregion.com.ar\/diario\/wp-json\/wp\/v2\/media\/44673"}],"wp:attachment":[{"href":"https:\/\/armstrongyregion.com.ar\/diario\/wp-json\/wp\/v2\/media?parent=44672"}],"wp:term":[{"taxonomy":"category","embeddable":true,"href":"https:\/\/armstrongyregion.com.ar\/diario\/wp-json\/wp\/v2\/categories?post=44672"},{"taxonomy":"post_tag","embeddable":true,"href":"https:\/\/armstrongyregion.com.ar\/diario\/wp-json\/wp\/v2\/tags?post=44672"}],"curies":[{"name":"wp","href":"https:\/\/api.w.org\/{rel}","templated":true}]}}