{"id":4467,"date":"2015-10-11T16:30:44","date_gmt":"2015-10-11T16:30:44","guid":{"rendered":"https:\/\/armstrongyregion.com.ar\/diario\/?p=4467"},"modified":"2015-10-11T16:30:44","modified_gmt":"2015-10-11T16:30:44","slug":"mansilla-recorrio-la-muestra-junto-a-autoridades-del-gno-nacional","status":"publish","type":"post","link":"https:\/\/armstrongyregion.com.ar\/diario\/mansilla-recorrio-la-muestra-junto-a-autoridades-del-gno-nacional\/","title":{"rendered":"Mansilla recorri\u00f3 la muestra junto a autoridades del Gno. Nacional."},"content":{"rendered":"<p><a href=\"http:\/\/armstrongyregion.com.ar\/diario\/wp-content\/uploads\/2015\/10\/recorrida-3.jpg\"><img loading=\"lazy\" decoding=\"async\" class=\"alignnone size-medium wp-image-4468\" src=\"http:\/\/armstrongyregion.com.ar\/diario\/wp-content\/uploads\/2015\/10\/recorrida-3-300x199.jpg\" alt=\"recorrida 3\" width=\"300\" height=\"199\" srcset=\"https:\/\/armstrongyregion.com.ar\/diario\/wp-content\/uploads\/2015\/10\/recorrida-3-300x199.jpg 300w, https:\/\/armstrongyregion.com.ar\/diario\/wp-content\/uploads\/2015\/10\/recorrida-3.jpg 768w\" sizes=\"auto, (max-width: 300px) 100vw, 300px\" \/><\/a>En la tarde del viernes el Intendente Diego Mart\u00edn Mansilla recorri\u00f3 la muestra junto a al Secretario de Industria de la Naci\u00f3n Javier Rando, la Sub Secretaria de Comercio Exterior de la Naci\u00f3n Paula Espa\u00f1ol y los miembros de Canciller\u00eda de la Naci\u00f3n Lucas Serna y Carlos Bianco. Los funcionarios quedaron gratamente sorprendidos con el enorme crecimiento de la muestra y el gran desarrollo y potencial de las industrias locales presentes, que demuestran el empuje y trabajo permanente de los empresarios locales y los trabajadores, quienes con el permanente apoyo y acompa\u00f1amiento del gobierno municipal y nacional son el eje principal de una ciudad que crece y se fortalece cada d\u00eda con m\u00e1s trabajo y mejor calidad de vida para sus habitantes. El crecimiento de esta muestra es el claro ejemplo que cuando se trabaja en conjunto los resultados son los mejores y que el esfuerzo mancomunado de municipio y naci\u00f3n, los empresarios, trabajadores, productores, comerciantes e instituciones, han sido los art\u00edfices de esta Las Parejas pujante que hoy se presenta a la naci\u00f3n y al mundo con una Muestra que ya es marca registrada.<\/p>\n","protected":false},"excerpt":{"rendered":"<p>En la tarde del viernes el Intendente Diego Mart\u00edn Mansilla recorri\u00f3 la muestra junto a al Secretario de Industria de la Naci\u00f3n Javier Rando, la Sub Secretaria de Comercio Exterior de la Naci\u00f3n Paula Espa\u00f1ol y los miembros de Canciller\u00eda de la Naci\u00f3n Lucas Serna y Carlos Bianco. Los funcionarios quedaron gratamente sorprendidos con el <a href=\"https:\/\/armstrongyregion.com.ar\/diario\/mansilla-recorrio-la-muestra-junto-a-autoridades-del-gno-nacional\/\" title=\"Read more\" >&#8230;<\/a><\/p>\n","protected":false},"author":2,"featured_media":4468,"comment_status":"open","ping_status":"open","sticky":false,"template":"","format":"standard","meta":{"_jetpack_memberships_contains_paid_content":false,"footnotes":"","jetpack_publicize_message":"","jetpack_publicize_feature_enabled":true,"jetpack_social_post_already_shared":false,"jetpack_social_options":{"image_generator_settings":{"template":"highway","default_image_id":0,"enabled":false},"version":2}},"categories":[1,3],"tags":[2915],"class_list":["post-4467","post","type-post","status-publish","format-standard","has-post-thumbnail","hentry","category-diario-armstrong","category-region","tag-mansilla-recorrio-la-muestra-junto-a-autoridades-del-gno-nacional"],"jetpack_publicize_connections":[],"jetpack_featured_media_url":"https:\/\/armstrongyregion.com.ar\/diario\/wp-content\/uploads\/2015\/10\/recorrida-3.jpg","jetpack_shortlink":"https:\/\/wp.me\/p62QDO-1a3","jetpack_sharing_enabled":true,"amp_enabled":true,"_links":{"self":[{"href":"https:\/\/armstrongyregion.com.ar\/diario\/wp-json\/wp\/v2\/posts\/4467","targetHints":{"allow":["GET"]}}],"collection":[{"href":"https:\/\/armstrongyregion.com.ar\/diario\/wp-json\/wp\/v2\/posts"}],"about":[{"href":"https:\/\/armstrongyregion.com.ar\/diario\/wp-json\/wp\/v2\/types\/post"}],"author":[{"embeddable":true,"href":"https:\/\/armstrongyregion.com.ar\/diario\/wp-json\/wp\/v2\/users\/2"}],"replies":[{"embeddable":true,"href":"https:\/\/armstrongyregion.com.ar\/diario\/wp-json\/wp\/v2\/comments?post=4467"}],"version-history":[{"count":0,"href":"https:\/\/armstrongyregion.com.ar\/diario\/wp-json\/wp\/v2\/posts\/4467\/revisions"}],"wp:featuredmedia":[{"embeddable":true,"href":"https:\/\/armstrongyregion.com.ar\/diario\/wp-json\/wp\/v2\/media\/4468"}],"wp:attachment":[{"href":"https:\/\/armstrongyregion.com.ar\/diario\/wp-json\/wp\/v2\/media?parent=4467"}],"wp:term":[{"taxonomy":"category","embeddable":true,"href":"https:\/\/armstrongyregion.com.ar\/diario\/wp-json\/wp\/v2\/categories?post=4467"},{"taxonomy":"post_tag","embeddable":true,"href":"https:\/\/armstrongyregion.com.ar\/diario\/wp-json\/wp\/v2\/tags?post=4467"}],"curies":[{"name":"wp","href":"https:\/\/api.w.org\/{rel}","templated":true}]}}