{"id":44637,"date":"2024-11-11T23:45:12","date_gmt":"2024-11-11T23:45:12","guid":{"rendered":"https:\/\/armstrongyregion.com.ar\/diario\/?p=44637"},"modified":"2024-11-11T23:47:10","modified_gmt":"2024-11-11T23:47:10","slug":"presentacion-de-la-fiesta-armstrong-tierra-mia","status":"publish","type":"post","link":"https:\/\/armstrongyregion.com.ar\/diario\/presentacion-de-la-fiesta-armstrong-tierra-mia\/","title":{"rendered":"Presentaci\u00f3n de la fiesta Armstrong Tierra M\u00eda."},"content":{"rendered":"\n<figure class=\"wp-block-image size-full\"><a href=\"http:\/\/armstrongyregion.com.ar\/diario\/wp-content\/uploads\/2024\/11\/Tierra-Mia-Armstrong-.jpg\"><img loading=\"lazy\" decoding=\"async\" width=\"640\" height=\"640\" src=\"http:\/\/armstrongyregion.com.ar\/diario\/wp-content\/uploads\/2024\/11\/Tierra-Mia-Armstrong-.jpg\" alt=\"\" class=\"wp-image-44638\" srcset=\"https:\/\/armstrongyregion.com.ar\/diario\/wp-content\/uploads\/2024\/11\/Tierra-Mia-Armstrong-.jpg 640w, https:\/\/armstrongyregion.com.ar\/diario\/wp-content\/uploads\/2024\/11\/Tierra-Mia-Armstrong--300x300.jpg 300w, https:\/\/armstrongyregion.com.ar\/diario\/wp-content\/uploads\/2024\/11\/Tierra-Mia-Armstrong--150x150.jpg 150w\" sizes=\"auto, (max-width: 640px) 100vw, 640px\" \/><\/a><\/figure>\n\n\n\n<p>La Municipalidad de Armstrong invita a toda la comunidad al lanzamiento oficial de la fiesta<br>Armstrong Tierra M\u00eda que se realizar\u00e1 el jueves 14 de noviembre a las 20:30 hs. en el auditorio<br>Delmo Dar\u00f3.<br>En la oportunidad se presentar\u00e1n todos los actores que ser\u00e1n parte de este evento multitudinario<br>por el 142\u00b0 aniversario de nuestra historia, identidad y pertenencia, que se llevar\u00e1 a cabo los d\u00edas 14<br>y 15 de diciembre en plaza San Mart\u00edn.<br>Armstrong Tierra M\u00eda se ha convertido en una fiesta tradicional que convoca p\u00fablico local y de toda<br>la regi\u00f3n, siendo as\u00ed una celebraci\u00f3n que nos identifica y de la cual todos los armstronenses somos<br>protagonistas.<\/p>\n","protected":false},"excerpt":{"rendered":"<p>Presentaci\u00f3n de la fiesta Armstrong Tierra M\u00eda.<\/p>\n","protected":false},"author":1,"featured_media":44638,"comment_status":"open","ping_status":"open","sticky":false,"template":"","format":"image","meta":{"_jetpack_memberships_contains_paid_content":false,"footnotes":"","jetpack_publicize_message":"","jetpack_publicize_feature_enabled":true,"jetpack_social_post_already_shared":true,"jetpack_social_options":{"image_generator_settings":{"template":"highway","default_image_id":0,"enabled":false},"version":2}},"categories":[8,1,2,7,3],"tags":[20,5030,620,8777,581,11195],"class_list":["post-44637","post","type-post","status-publish","format-image","has-post-thumbnail","hentry","category-deliberando","category-diario-armstrong","category-locales","category-politica","category-region","tag-armstrong","tag-diario-armstrong","tag-fiesta","tag-lic-graciela-de-la-casa","tag-presentacion","tag-tierra-mia","post_format-post-format-image"],"jetpack_publicize_connections":[],"jetpack_featured_media_url":"https:\/\/armstrongyregion.com.ar\/diario\/wp-content\/uploads\/2024\/11\/Tierra-Mia-Armstrong-.jpg","jetpack_shortlink":"https:\/\/wp.me\/p62QDO-bBX","jetpack_sharing_enabled":true,"amp_enabled":true,"_links":{"self":[{"href":"https:\/\/armstrongyregion.com.ar\/diario\/wp-json\/wp\/v2\/posts\/44637","targetHints":{"allow":["GET"]}}],"collection":[{"href":"https:\/\/armstrongyregion.com.ar\/diario\/wp-json\/wp\/v2\/posts"}],"about":[{"href":"https:\/\/armstrongyregion.com.ar\/diario\/wp-json\/wp\/v2\/types\/post"}],"author":[{"embeddable":true,"href":"https:\/\/armstrongyregion.com.ar\/diario\/wp-json\/wp\/v2\/users\/1"}],"replies":[{"embeddable":true,"href":"https:\/\/armstrongyregion.com.ar\/diario\/wp-json\/wp\/v2\/comments?post=44637"}],"version-history":[{"count":1,"href":"https:\/\/armstrongyregion.com.ar\/diario\/wp-json\/wp\/v2\/posts\/44637\/revisions"}],"predecessor-version":[{"id":44639,"href":"https:\/\/armstrongyregion.com.ar\/diario\/wp-json\/wp\/v2\/posts\/44637\/revisions\/44639"}],"wp:featuredmedia":[{"embeddable":true,"href":"https:\/\/armstrongyregion.com.ar\/diario\/wp-json\/wp\/v2\/media\/44638"}],"wp:attachment":[{"href":"https:\/\/armstrongyregion.com.ar\/diario\/wp-json\/wp\/v2\/media?parent=44637"}],"wp:term":[{"taxonomy":"category","embeddable":true,"href":"https:\/\/armstrongyregion.com.ar\/diario\/wp-json\/wp\/v2\/categories?post=44637"},{"taxonomy":"post_tag","embeddable":true,"href":"https:\/\/armstrongyregion.com.ar\/diario\/wp-json\/wp\/v2\/tags?post=44637"}],"curies":[{"name":"wp","href":"https:\/\/api.w.org\/{rel}","templated":true}]}}