{"id":44634,"date":"2024-11-11T23:40:22","date_gmt":"2024-11-11T23:40:22","guid":{"rendered":"https:\/\/armstrongyregion.com.ar\/diario\/?p=44634"},"modified":"2024-11-11T23:40:23","modified_gmt":"2024-11-11T23:40:23","slug":"informe-area-de-orden-publico-11-11-2024","status":"publish","type":"post","link":"https:\/\/armstrongyregion.com.ar\/diario\/informe-area-de-orden-publico-11-11-2024\/","title":{"rendered":"Informe \u00c1rea de Orden P\u00fablico 11\/11\/2024."},"content":{"rendered":"\n<figure class=\"wp-block-image size-full\"><a href=\"http:\/\/armstrongyregion.com.ar\/diario\/wp-content\/uploads\/2024\/11\/orden-publico-11-11-24-.jpg\"><img loading=\"lazy\" decoding=\"async\" width=\"640\" height=\"480\" src=\"http:\/\/armstrongyregion.com.ar\/diario\/wp-content\/uploads\/2024\/11\/orden-publico-11-11-24-.jpg\" alt=\"\" class=\"wp-image-44635\" srcset=\"https:\/\/armstrongyregion.com.ar\/diario\/wp-content\/uploads\/2024\/11\/orden-publico-11-11-24-.jpg 640w, https:\/\/armstrongyregion.com.ar\/diario\/wp-content\/uploads\/2024\/11\/orden-publico-11-11-24--300x225.jpg 300w\" sizes=\"auto, (max-width: 640px) 100vw, 640px\" \/><\/a><\/figure>\n\n\n\n<p>El \u00c1rea de Orden P\u00fablico de la Municipalidad de Armstrong inform\u00f3 que en el transcurso de la<br>\u00faltima semana se procedi\u00f3 a realizar recorridos en coordinaci\u00f3n con Polic\u00eda y central de monitoreo<br>para acciones de prevenci\u00f3n de faltas y delitos, con presencia efectiva en barrio FoNaVi Sur<br>incluyendo plaza Nona Rocha.<br>Estos recorridos con presencia preventiva se extienden en horas de la madrugada a Plaza San<br>Mart\u00edn, edificio municipal, parroquia Nuestra Se\u00f1ora de la Merced y Estaci\u00f3n M\u00e1s. Tambi\u00e9n se<br>realiza un recorrido por Jard\u00edn 84, Promoci\u00f3n Comunitaria, v\u00edas del ferrocarril y cancha de bochas, y<br>en zona norte, se hace recorridos por Fonavi Norte, Plaza 5 de Junio, calles Lisandro de la Torre y<br>Castellanos, con entrevistas a los vecinos.<br>Con presencia policial preventiva se procedi\u00f3 al secuestro de una motocicleta conducida por un<br>menor de edad, y otras dos motocicletas, ambas conducidas por mayores de edad, por falta de<br>documentaci\u00f3n exigible para circular, y un autom\u00f3vil conducido por un mayor de edad por falta de<br>licencia de conducir, falta de seguro, aliento et\u00edlico, falta de respeto a la autoridad municipal y<br>policial. En todos los casos interviene el Juzgado Municipal de Faltas.<br>El s\u00e1bado 9, en Ruta Nacional N\u00b0 9 km. 396 se realiz\u00f3 un operativo de control en conjunto con la<br>Agencia Provincial de Seguridad Vial, Polic\u00eda de Seguridad Vial, Comisar\u00eda Tercera e Inspectores de<br>Tr\u00e1nsito, consistente en alcoholemias, fiscalizaci\u00f3n de documentaci\u00f3n obligatoria para circular,<br>excesos de pasajeros, uso de dispositivos de seguridad, etc., con servicio de gr\u00faa disponible.<br>Resultado del mismo: Se labraron 13 actas de infracci\u00f3n, 1 secuestro\/retenci\u00f3n de motocicleta por<br>alcoholemia positiva, 1 retenci\u00f3n de licencia habilitante para conducir vencida.<\/p>\n","protected":false},"excerpt":{"rendered":"<p>Informe \u00c1rea de Orden P\u00fablico 11\/11\/2024.<\/p>\n","protected":false},"author":1,"featured_media":44635,"comment_status":"open","ping_status":"open","sticky":false,"template":"","format":"image","meta":{"_jetpack_memberships_contains_paid_content":false,"footnotes":"","jetpack_publicize_message":"","jetpack_publicize_feature_enabled":true,"jetpack_social_post_already_shared":true,"jetpack_social_options":{"image_generator_settings":{"template":"highway","default_image_id":0,"enabled":false},"version":2}},"categories":[8,1,2,7,3],"tags":[903,5030,8653,8777,1570,8773],"class_list":["post-44634","post","type-post","status-publish","format-image","has-post-thumbnail","hentry","category-deliberando","category-diario-armstrong","category-locales","category-politica","category-region","tag-area","tag-diario-armstrong","tag-informe-2","tag-lic-graciela-de-la-casa","tag-orden","tag-publico-3","post_format-post-format-image"],"jetpack_publicize_connections":[],"jetpack_featured_media_url":"https:\/\/armstrongyregion.com.ar\/diario\/wp-content\/uploads\/2024\/11\/orden-publico-11-11-24-.jpg","jetpack_shortlink":"https:\/\/wp.me\/p62QDO-bBU","jetpack_sharing_enabled":true,"amp_enabled":true,"_links":{"self":[{"href":"https:\/\/armstrongyregion.com.ar\/diario\/wp-json\/wp\/v2\/posts\/44634","targetHints":{"allow":["GET"]}}],"collection":[{"href":"https:\/\/armstrongyregion.com.ar\/diario\/wp-json\/wp\/v2\/posts"}],"about":[{"href":"https:\/\/armstrongyregion.com.ar\/diario\/wp-json\/wp\/v2\/types\/post"}],"author":[{"embeddable":true,"href":"https:\/\/armstrongyregion.com.ar\/diario\/wp-json\/wp\/v2\/users\/1"}],"replies":[{"embeddable":true,"href":"https:\/\/armstrongyregion.com.ar\/diario\/wp-json\/wp\/v2\/comments?post=44634"}],"version-history":[{"count":1,"href":"https:\/\/armstrongyregion.com.ar\/diario\/wp-json\/wp\/v2\/posts\/44634\/revisions"}],"predecessor-version":[{"id":44636,"href":"https:\/\/armstrongyregion.com.ar\/diario\/wp-json\/wp\/v2\/posts\/44634\/revisions\/44636"}],"wp:featuredmedia":[{"embeddable":true,"href":"https:\/\/armstrongyregion.com.ar\/diario\/wp-json\/wp\/v2\/media\/44635"}],"wp:attachment":[{"href":"https:\/\/armstrongyregion.com.ar\/diario\/wp-json\/wp\/v2\/media?parent=44634"}],"wp:term":[{"taxonomy":"category","embeddable":true,"href":"https:\/\/armstrongyregion.com.ar\/diario\/wp-json\/wp\/v2\/categories?post=44634"},{"taxonomy":"post_tag","embeddable":true,"href":"https:\/\/armstrongyregion.com.ar\/diario\/wp-json\/wp\/v2\/tags?post=44634"}],"curies":[{"name":"wp","href":"https:\/\/api.w.org\/{rel}","templated":true}]}}