{"id":44628,"date":"2024-11-11T00:53:49","date_gmt":"2024-11-11T00:53:49","guid":{"rendered":"https:\/\/armstrongyregion.com.ar\/diario\/?p=44628"},"modified":"2024-11-11T00:53:51","modified_gmt":"2024-11-11T00:53:51","slug":"el-socialismo-fortalece-el-dialogo-territorial","status":"publish","type":"post","link":"https:\/\/armstrongyregion.com.ar\/diario\/el-socialismo-fortalece-el-dialogo-territorial\/","title":{"rendered":"El socialismo fortalece el di\u00e1logo territorial."},"content":{"rendered":"\n<figure class=\"wp-block-image size-full\"><a href=\"http:\/\/armstrongyregion.com.ar\/diario\/wp-content\/uploads\/2024\/11\/socialismo-10-11-24-.jpg\"><img loading=\"lazy\" decoding=\"async\" width=\"640\" height=\"427\" src=\"http:\/\/armstrongyregion.com.ar\/diario\/wp-content\/uploads\/2024\/11\/socialismo-10-11-24-.jpg\" alt=\"\" class=\"wp-image-44629\" srcset=\"https:\/\/armstrongyregion.com.ar\/diario\/wp-content\/uploads\/2024\/11\/socialismo-10-11-24-.jpg 640w, https:\/\/armstrongyregion.com.ar\/diario\/wp-content\/uploads\/2024\/11\/socialismo-10-11-24--300x200.jpg 300w\" sizes=\"auto, (max-width: 640px) 100vw, 640px\" \/><\/a><\/figure>\n\n\n\n<h2 class=\"wp-block-heading\"><em>Los referentes del Partido Socialista de cuatro departamentos del centro de Santa Fe llevaron adelante un encuentro en G\u00e1lvez. La agenda local de cada territorio, los objetivos para el pr\u00f3ximo a\u00f1o de gesti\u00f3n y el pr\u00f3ximo congreso provincial estuvieron entre los temas analizados.<\/em><\/h2>\n\n\n\n<p>En la ciudad de G\u00e1lvez, con la participaci\u00f3n de autoridades y referentes de los departamentos de Castellanos, Las Colonias, San Jer\u00f3nimo y San Mart\u00edn, se llev\u00f3 adelante este s\u00e1bado un plenario interdepartamental para avanzar en una agenda de temas prioritarios camino al congreso partidario que se realizar\u00e1 a fin de mes.<\/p>\n\n\n\n<p>Bajo la consigna \u201cSocialismo en Acci\u00f3n\u201d la jornada de actividades se extendi\u00f3 toda la ma\u00f1ana e incluy\u00f3 un espacio de debate y an\u00e1lisis sobre la realidad en cada departamento junto a autoridades locales, dirigentes y militantes de localidades del centro provincial.<\/p>\n\n\n\n<p>\u201cDesde el territorio, estamos escuchando y aprendiendo, pero tambi\u00e9n planificando lo que se viene porque un socialismo fuerte, le permite a Unidos ser m\u00e1s profundos y tener m\u00e1s futuro\u201d, indic\u00f3 el secretario general del PS Santa Fe, Joaqu\u00edn Blanco. \u201cNos pone muy contentos este encuentro en la ciudad de G\u00e1lvez, que ha hecho un cambio pol\u00edtico enorme con un gobierno local de Unidos que est\u00e1 transformando la ciudad\u201d, expres\u00f3 y agreg\u00f3 que \u201cen un mundo cada vez m\u00e1s injusto y desigual, en una Argentina donde la crueldad se puso de moda, la solidaridad, la lucha por la igualdad, la dignidad de las personas sigue siendo un lugar central en nuestra agenda, por eso hoy estamos debatiendo una propuesta clara de futuro, pensando en el Congreso Provincial del 30 de noviembre y cerrando un gran a\u00f1o sabiendo que lo mejor est\u00e1 por venir\u201d.<\/p>\n\n\n\n<p>Por \u00faltimo, el dirigente del PS sostuvo que el 2025 \u201ctiene que ser un a\u00f1o de consolidaci\u00f3n en el territorio, de fortalecimiento de Unidos, de que el progresismo est\u00e9 claramente expresado en la provincia con la propuesta, la actitud, las ideas y la militancia socialista\u201d.<\/p>\n\n\n\n<p>El diputado provincial e integrante de la Junta Provincial del PS Mariano Cuvertino destac\u00f3 la importancia de estos encuentros que \u201cnos unen y fortalecen para seguir trabajado\u201d. Adem\u00e1s, sostuvo que \u201cestamos convencidos de que se necesita construir otro pa\u00eds y que en la provincia de Santa Fe vamos por esa senda, desde el Socialismo seguimos aportando en ese sentido\u201d.<\/p>\n\n\n\n<p>Por su parte, la diputada e integrante de la Junta Provincial Gisel Mahmud se\u00f1al\u00f3 que \u201cen un momento donde hay tanto individualismo, donde prima el salvarse solo, nos encontramos un mont\u00f3n de socialistas a pensar en el gobierno provincial y en cada una de nuestras localidades\u201d. Adem\u00e1s, aclar\u00f3 que el objetivo es \u201cpensar c\u00f3mo resolver los problemas y dar respuestas a los santafesinos, pero tambi\u00e9n abrazarnos en este momento dif\u00edcil que est\u00e1 atravesando la Argentina con una crisis profunda\u201d.<\/p>\n\n\n\n<p>La ex diputada Lorena Ulleldin tambi\u00e9n remarc\u00f3 que este encuentro es para \u201cconstruir entre todos el futuro que tenemos por delante, un futuro donde sin dudas el Partido Socialista tiene que seguir siendo protagonista\u201d. En esa l\u00ednea, destac\u00f3 que \u201cfue una jornada interesante porque nos estamos preparando para el Congreso Provincial y est\u00e1 bueno encontrarse con compa\u00f1eros para planificar el trabajo que nos deviene\u201d.<\/p>\n\n\n\n<p>Emanuel Boero, secretario de Gobierno y Planificaci\u00f3n de G\u00e1lvez y referente del PS en esa ciudad destac\u00f3 que \u201cestamos muy contentos de haber recibido a los compa\u00f1eros de cuatro departamentos, nos emociona ver esta unidad y seguir construyendo hacia adelante pensando en la realidad de la gente y teniendo un plan de trabajo para el pr\u00f3ximo Congreso Provincial\u201d.<\/p>\n\n\n\n<p>\u201cDesde Sunchales vinimos a este encuentro que nos parece muy productivo, nos permiti\u00f3 debatir la realidad de cada una de nuestras comunidades, nuestros departamentos y la realidad general\u201d, indic\u00f3 Andrea Ochat, &nbsp;secretaria de Gobierno de Sunchales e integrante de la mesa departamental &nbsp;del PS Castellanos \u201cEs un debate que fortalece al socialismo como partido de cara al trabajo dentro de Unidos, es fundamental para que construyamos y crezcamos como partido\u201d, expres\u00f3.<\/p>\n\n\n\n<p>Entre las autoridades presentes se encontraban los diputados provinciales Mariano Cuvertino y Gisel Mahmud ; la ex diputada Lorena Ulleldin; el secretario general del PS Santa Fe, Joaqu\u00edn Blanco; integrantes de la Junta Provincial; el secretario de Gobierno y Planificaci\u00f3n de G\u00e1lvez, Emanuel Boero; el presidente del Concejo de G\u00e1lvez, Santiago Pestarini, la concejala de G\u00e1lvez, M\u00f3nica Rivello; la secretaria de Gobierno de Sunchales, Andrea Ochat; la Presidenta de la Juventud Socialista, Bianca Scalenghe &nbsp;y presidentes comunales, concejales y militantes del partido de los departamentos de Las Colonias (Esperanza, Pilar, San Carlos Centro, San Carlos Norte, San Jer\u00f3nimo y Santa Clara de Buena Vista), Castellanos (Sunchales, Rafaela, Colonia Raquel, Eusebia, Colonia Margarita, Xen\u00f3n Pereyra), San Mart\u00edn (El Tr\u00e9bol, Ca\u00f1ada Rosqu\u00edn, San Jorge y Piamonte, Carlos Pellegrini, San Mart\u00edn de las Escobas y Mar\u00eda Susana) y San Jer\u00f3nimo (G\u00e1lvez, Coronda, Puerto Gaboto, Maciel y Barrancas).<\/p>\n\n\n\n<p><strong>Dos congresos por delante<\/strong><\/p>\n\n\n\n<p>En noviembre el PS tiene dos importantes fechas por delante: el congreso nacional, que se realizar\u00e1 el s\u00e1bado 23 de manera virtual y el congreso provincial que ser\u00e1 el s\u00e1bado 30. Se trata de encuentros en los que el centenario partido definir\u00e1 su postura de cara a las elecciones legislativas del pr\u00f3ximo a\u00f1o.<\/p>\n","protected":false},"excerpt":{"rendered":"<p>El socialismo fortalece el di\u00e1logo territorial.<\/p>\n","protected":false},"author":1,"featured_media":44629,"comment_status":"open","ping_status":"open","sticky":false,"template":"","format":"image","meta":{"_jetpack_memberships_contains_paid_content":false,"footnotes":"","jetpack_publicize_message":"","jetpack_publicize_feature_enabled":true,"jetpack_social_post_already_shared":true,"jetpack_social_options":{"image_generator_settings":{"template":"highway","default_image_id":0,"enabled":false},"version":2}},"categories":[8,1,2,7,3],"tags":[9078,5030,8797,8777,5045],"class_list":["post-44628","post","type-post","status-publish","format-image","has-post-thumbnail","hentry","category-deliberando","category-diario-armstrong","category-locales","category-politica","category-region","tag-dialogo","tag-diario-armstrong","tag-fortalece","tag-lic-graciela-de-la-casa","tag-socialismo","post_format-post-format-image"],"jetpack_publicize_connections":[],"jetpack_featured_media_url":"https:\/\/armstrongyregion.com.ar\/diario\/wp-content\/uploads\/2024\/11\/socialismo-10-11-24-.jpg","jetpack_shortlink":"https:\/\/wp.me\/p62QDO-bBO","jetpack_sharing_enabled":true,"amp_enabled":true,"_links":{"self":[{"href":"https:\/\/armstrongyregion.com.ar\/diario\/wp-json\/wp\/v2\/posts\/44628","targetHints":{"allow":["GET"]}}],"collection":[{"href":"https:\/\/armstrongyregion.com.ar\/diario\/wp-json\/wp\/v2\/posts"}],"about":[{"href":"https:\/\/armstrongyregion.com.ar\/diario\/wp-json\/wp\/v2\/types\/post"}],"author":[{"embeddable":true,"href":"https:\/\/armstrongyregion.com.ar\/diario\/wp-json\/wp\/v2\/users\/1"}],"replies":[{"embeddable":true,"href":"https:\/\/armstrongyregion.com.ar\/diario\/wp-json\/wp\/v2\/comments?post=44628"}],"version-history":[{"count":1,"href":"https:\/\/armstrongyregion.com.ar\/diario\/wp-json\/wp\/v2\/posts\/44628\/revisions"}],"predecessor-version":[{"id":44630,"href":"https:\/\/armstrongyregion.com.ar\/diario\/wp-json\/wp\/v2\/posts\/44628\/revisions\/44630"}],"wp:featuredmedia":[{"embeddable":true,"href":"https:\/\/armstrongyregion.com.ar\/diario\/wp-json\/wp\/v2\/media\/44629"}],"wp:attachment":[{"href":"https:\/\/armstrongyregion.com.ar\/diario\/wp-json\/wp\/v2\/media?parent=44628"}],"wp:term":[{"taxonomy":"category","embeddable":true,"href":"https:\/\/armstrongyregion.com.ar\/diario\/wp-json\/wp\/v2\/categories?post=44628"},{"taxonomy":"post_tag","embeddable":true,"href":"https:\/\/armstrongyregion.com.ar\/diario\/wp-json\/wp\/v2\/tags?post=44628"}],"curies":[{"name":"wp","href":"https:\/\/api.w.org\/{rel}","templated":true}]}}