{"id":44595,"date":"2024-11-07T01:47:40","date_gmt":"2024-11-07T01:47:40","guid":{"rendered":"https:\/\/armstrongyregion.com.ar\/diario\/?p=44595"},"modified":"2024-11-07T01:47:42","modified_gmt":"2024-11-07T01:47:42","slug":"urquia-el-concejo-hizo-un-reconocimiento-historico-a-las-tres-primeras-bomberas-voluntarias-de-nuestra-ciudad","status":"publish","type":"post","link":"https:\/\/armstrongyregion.com.ar\/diario\/urquia-el-concejo-hizo-un-reconocimiento-historico-a-las-tres-primeras-bomberas-voluntarias-de-nuestra-ciudad\/","title":{"rendered":"Urqu\u00eda: \u201cEl concejo hizo un reconocimiento hist\u00f3rico a las tres primeras bomberas voluntarias de nuestra ciudad\u201d"},"content":{"rendered":"\n<figure class=\"wp-block-image size-full\"><a href=\"http:\/\/armstrongyregion.com.ar\/diario\/wp-content\/uploads\/2024\/10\/Jesus-Urquia-24.jpg\"><img loading=\"lazy\" decoding=\"async\" width=\"756\" height=\"673\" src=\"http:\/\/armstrongyregion.com.ar\/diario\/wp-content\/uploads\/2024\/10\/Jesus-Urquia-24.jpg\" alt=\"\" class=\"wp-image-44414\" srcset=\"https:\/\/armstrongyregion.com.ar\/diario\/wp-content\/uploads\/2024\/10\/Jesus-Urquia-24.jpg 756w, https:\/\/armstrongyregion.com.ar\/diario\/wp-content\/uploads\/2024\/10\/Jesus-Urquia-24-300x267.jpg 300w\" sizes=\"auto, (max-width: 756px) 100vw, 756px\" \/><\/a><\/figure>\n\n\n\n<p>El concejal Jes\u00fas Urqu\u00eda expres\u00f3: \u201cEn la noche de hoy el cuerpo deliberativo hizo un reconocimiento hist\u00f3rico para la ciudad, ya que a partir del 1\u00b0 de enero del 2025; tres bomberas voluntarias, se sumar\u00e1n a la instituci\u00f3n, despu\u00e9s de 50 a\u00f1os desde su creaci\u00f3n\u201d.<\/p>\n\n\n\n<p>\u201cEs la primera camada de mujeres, que abrazaron esta vocaci\u00f3n de servicio de ser Bomberas. Para la mujer armstronense, es un gran orgullo porque es una puerta m\u00e1s que se abre a la participaci\u00f3n ciudadana, pero la vocaci\u00f3n no entiende de g\u00e9nero; uno la siente o no. Estas chicas, que forman parte del primer cuerpo femenino del distrito, son un orgullo en este momento hist\u00f3rico para Armstrong. Finaliz\u00f3 el edil.<\/p>\n","protected":false},"excerpt":{"rendered":"<p>Urqu\u00eda: \u201cEl concejo hizo un reconocimiento hist\u00f3rico a las tres primeras bomberas voluntarias de nuestra ciudad\u201d<\/p>\n","protected":false},"author":1,"featured_media":44414,"comment_status":"open","ping_status":"open","sticky":false,"template":"","format":"image","meta":{"_jetpack_memberships_contains_paid_content":false,"footnotes":"","jetpack_publicize_message":"","jetpack_publicize_feature_enabled":true,"jetpack_social_post_already_shared":true,"jetpack_social_options":{"image_generator_settings":{"template":"highway","default_image_id":0,"enabled":false},"version":2}},"categories":[8,1,2,7,3],"tags":[11185,8646,868,11189,5030,10709,10679,8777,9146,10074,1296,8645,11186],"class_list":["post-44595","post","type-post","status-publish","format-image","has-post-thumbnail","hentry","category-deliberando","category-diario-armstrong","category-locales","category-politica","category-region","tag-bomberas","tag-ciudad-2","tag-concejo","tag-de-nuestra","tag-diario-armstrong","tag-hio","tag-jesus-urquia","tag-lic-graciela-de-la-casa","tag-mujeres-2","tag-primeras","tag-reconocimiento","tag-tres-2","tag-voluntarias","post_format-post-format-image"],"jetpack_publicize_connections":[],"jetpack_featured_media_url":"https:\/\/armstrongyregion.com.ar\/diario\/wp-content\/uploads\/2024\/10\/Jesus-Urquia-24.jpg","jetpack_shortlink":"https:\/\/wp.me\/p62QDO-bBh","jetpack_sharing_enabled":true,"amp_enabled":true,"_links":{"self":[{"href":"https:\/\/armstrongyregion.com.ar\/diario\/wp-json\/wp\/v2\/posts\/44595","targetHints":{"allow":["GET"]}}],"collection":[{"href":"https:\/\/armstrongyregion.com.ar\/diario\/wp-json\/wp\/v2\/posts"}],"about":[{"href":"https:\/\/armstrongyregion.com.ar\/diario\/wp-json\/wp\/v2\/types\/post"}],"author":[{"embeddable":true,"href":"https:\/\/armstrongyregion.com.ar\/diario\/wp-json\/wp\/v2\/users\/1"}],"replies":[{"embeddable":true,"href":"https:\/\/armstrongyregion.com.ar\/diario\/wp-json\/wp\/v2\/comments?post=44595"}],"version-history":[{"count":1,"href":"https:\/\/armstrongyregion.com.ar\/diario\/wp-json\/wp\/v2\/posts\/44595\/revisions"}],"predecessor-version":[{"id":44596,"href":"https:\/\/armstrongyregion.com.ar\/diario\/wp-json\/wp\/v2\/posts\/44595\/revisions\/44596"}],"wp:featuredmedia":[{"embeddable":true,"href":"https:\/\/armstrongyregion.com.ar\/diario\/wp-json\/wp\/v2\/media\/44414"}],"wp:attachment":[{"href":"https:\/\/armstrongyregion.com.ar\/diario\/wp-json\/wp\/v2\/media?parent=44595"}],"wp:term":[{"taxonomy":"category","embeddable":true,"href":"https:\/\/armstrongyregion.com.ar\/diario\/wp-json\/wp\/v2\/categories?post=44595"},{"taxonomy":"post_tag","embeddable":true,"href":"https:\/\/armstrongyregion.com.ar\/diario\/wp-json\/wp\/v2\/tags?post=44595"}],"curies":[{"name":"wp","href":"https:\/\/api.w.org\/{rel}","templated":true}]}}