{"id":44587,"date":"2024-11-07T00:42:43","date_gmt":"2024-11-07T00:42:43","guid":{"rendered":"https:\/\/armstrongyregion.com.ar\/diario\/?p=44587"},"modified":"2024-11-07T00:42:46","modified_gmt":"2024-11-07T00:42:46","slug":"el-pte-del-cuerpo-hablo-sobre-la-declaratoria-de-reconocimiento-a-las-tres-bomberas-de-la-ciudad","status":"publish","type":"post","link":"https:\/\/armstrongyregion.com.ar\/diario\/el-pte-del-cuerpo-hablo-sobre-la-declaratoria-de-reconocimiento-a-las-tres-bomberas-de-la-ciudad\/","title":{"rendered":"El Pte. del cuerpo habl\u00f3 sobre la declaratoria de reconocimiento a las tres bomberas de la ciudad."},"content":{"rendered":"\n<figure class=\"wp-block-image size-full\"><a href=\"http:\/\/armstrongyregion.com.ar\/diario\/wp-content\/uploads\/2024\/11\/Ale_Pertu-6-11-24-.jpg\"><img loading=\"lazy\" decoding=\"async\" width=\"714\" height=\"536\" src=\"http:\/\/armstrongyregion.com.ar\/diario\/wp-content\/uploads\/2024\/11\/Ale_Pertu-6-11-24-.jpg\" alt=\"\" class=\"wp-image-44588\" srcset=\"https:\/\/armstrongyregion.com.ar\/diario\/wp-content\/uploads\/2024\/11\/Ale_Pertu-6-11-24-.jpg 714w, https:\/\/armstrongyregion.com.ar\/diario\/wp-content\/uploads\/2024\/11\/Ale_Pertu-6-11-24--300x225.jpg 300w\" sizes=\"auto, (max-width: 714px) 100vw, 714px\" \/><\/a><\/figure>\n\n\n\n<p>El Pte del cuerpo Prof. Alejandro Pertusati al t\u00e9rmino de la sesi\u00f3n ordinaria dec\u00eda: \u201cHoy se realiz\u00f3 un reconocimiento a estas tres bomberas de la ciudad que ser\u00e1n parte del cuerpo activo a partir de enero del 2025, este es un tema muy importante para la ciudad. Como lo hemos dicho en sesi\u00f3n es un momento hist\u00f3rico, esta instituci\u00f3n siempre nos da mucho orgullo, no solamente hay tres nuevas bomberas, sino que hay tres brigadistas que est\u00e1n en Villa Gesell colaborando en la tragedia del edificio Apart Hotel Dubrovniky quienes permanecer\u00e1n all\u00e1 durante varias semanas\u201d.<\/p>\n\n\n\n<p>Luego a\u00f1adi\u00f3: \u201cLos bomberos armstronenses nos dan prestigio como ciudadanos, el reconocimiento hoy es para estas tres mujeres que hacen historia este homenaje por parte del cuerpo es mas que merecido y nuestras felicitaciones para ellas\u201d Finaliz\u00f3 el edil.<\/p>\n\n\n\n<p>Pertusati tambi\u00e9n hablo sobre la aprobaci\u00f3n de una ordenanza sobre la colocaci\u00f3n de pictogramas en la ciudad, es un tema importante porque hace a la inclusi\u00f3n.<\/p>\n\n\n\n<p><strong>Finalmente se adhiri\u00f3 al Dia Mundial de la Diabetes, que es el 14 de noviembre, el prop\u00f3sito es dar a conocer las causas, los s\u00edntomas, el tratamiento y las complicaciones asociadas a la enfermedad, los n\u00fameros siguen creciendo y desde el legislativo se propuso campa\u00f1as para que la gente se haga los estudios pertinentes\u201d<\/strong><\/p>\n","protected":false},"excerpt":{"rendered":"<p>El Pte. del cuerpo hablo sobre la declaratoria de reconocimiento a las tres bomberas de la ciudad.<\/p>\n","protected":false},"author":1,"featured_media":44588,"comment_status":"open","ping_status":"open","sticky":false,"template":"","format":"image","meta":{"_jetpack_memberships_contains_paid_content":false,"footnotes":"","jetpack_publicize_message":"","jetpack_publicize_feature_enabled":true,"jetpack_social_post_already_shared":true,"jetpack_social_options":{"image_generator_settings":{"template":"highway","default_image_id":0,"enabled":false},"version":2}},"categories":[8,1,2,7,3],"tags":[33,9424,20,11185,19,5030,16,3702,11187,8777,1296,118,8645],"class_list":["post-44587","post","type-post","status-publish","format-image","has-post-thumbnail","hentry","category-deliberando","category-diario-armstrong","category-locales","category-politica","category-region","tag-a","tag-alejandro-pertusati","tag-armstrong","tag-bomberas","tag-de","tag-diario-armstrong","tag-el","tag-hablo","tag-las-2","tag-lic-graciela-de-la-casa","tag-reconocimiento","tag-sobre","tag-tres-2","post_format-post-format-image"],"jetpack_publicize_connections":[],"jetpack_featured_media_url":"https:\/\/armstrongyregion.com.ar\/diario\/wp-content\/uploads\/2024\/11\/Ale_Pertu-6-11-24-.jpg","jetpack_shortlink":"https:\/\/wp.me\/p62QDO-bB9","jetpack_sharing_enabled":true,"amp_enabled":true,"_links":{"self":[{"href":"https:\/\/armstrongyregion.com.ar\/diario\/wp-json\/wp\/v2\/posts\/44587","targetHints":{"allow":["GET"]}}],"collection":[{"href":"https:\/\/armstrongyregion.com.ar\/diario\/wp-json\/wp\/v2\/posts"}],"about":[{"href":"https:\/\/armstrongyregion.com.ar\/diario\/wp-json\/wp\/v2\/types\/post"}],"author":[{"embeddable":true,"href":"https:\/\/armstrongyregion.com.ar\/diario\/wp-json\/wp\/v2\/users\/1"}],"replies":[{"embeddable":true,"href":"https:\/\/armstrongyregion.com.ar\/diario\/wp-json\/wp\/v2\/comments?post=44587"}],"version-history":[{"count":1,"href":"https:\/\/armstrongyregion.com.ar\/diario\/wp-json\/wp\/v2\/posts\/44587\/revisions"}],"predecessor-version":[{"id":44589,"href":"https:\/\/armstrongyregion.com.ar\/diario\/wp-json\/wp\/v2\/posts\/44587\/revisions\/44589"}],"wp:featuredmedia":[{"embeddable":true,"href":"https:\/\/armstrongyregion.com.ar\/diario\/wp-json\/wp\/v2\/media\/44588"}],"wp:attachment":[{"href":"https:\/\/armstrongyregion.com.ar\/diario\/wp-json\/wp\/v2\/media?parent=44587"}],"wp:term":[{"taxonomy":"category","embeddable":true,"href":"https:\/\/armstrongyregion.com.ar\/diario\/wp-json\/wp\/v2\/categories?post=44587"},{"taxonomy":"post_tag","embeddable":true,"href":"https:\/\/armstrongyregion.com.ar\/diario\/wp-json\/wp\/v2\/tags?post=44587"}],"curies":[{"name":"wp","href":"https:\/\/api.w.org\/{rel}","templated":true}]}}